{"id":1708,"date":"2016-08-22T23:48:51","date_gmt":"2016-08-23T04:48:51","guid":{"rendered":"https:\/\/macabro.mx\/?p=1708"},"modified":"2016-08-22T23:51:37","modified_gmt":"2016-08-23T04:51:37","slug":"cronologia-macabra-a-15-anos-de-que-el-terror-inundara-nuestros-sentidos-carta-de-amor-al-macabro","status":"publish","type":"post","link":"https:\/\/macabro.mx\/en\/cronologia-macabra-a-15-anos-de-que-el-terror-inundara-nuestros-sentidos-carta-de-amor-al-macabro\/","title":{"rendered":"CRONOLOG\u00cdA MACABRA. A 15 A\u00d1OS DE QUE EL TERROR INUNDARA NUESTROS SENTIDOS. (Carta de amor al Macabro)"},"content":{"rendered":"<p>&nbsp;<\/p>\n<p><img loading=\"lazy\" decoding=\"async\" width=\"700\" height=\"467\" class=\"alignnone size-large wp-image-1710 aligncenter\" src=\"https:\/\/macabro.mx\/wp-content\/uploads\/2016\/08\/Inauguracio\u0301n-Macabro-2013-700x467.jpg\" alt=\"Inauguracio\u0301n Macabro 2013\" srcset=\"https:\/\/macabro.mx\/wp-content\/uploads\/2016\/08\/Inauguracio\u0301n-Macabro-2013-700x467.jpg 700w, https:\/\/macabro.mx\/wp-content\/uploads\/2016\/08\/Inauguracio\u0301n-Macabro-2013-250x167.jpg 250w, https:\/\/macabro.mx\/wp-content\/uploads\/2016\/08\/Inauguracio\u0301n-Macabro-2013-768x512.jpg 768w, https:\/\/macabro.mx\/wp-content\/uploads\/2016\/08\/Inauguracio\u0301n-Macabro-2013-120x80.jpg 120w\" sizes=\"auto, (max-width: 700px) 100vw, 700px\" \/><\/p>\n<p>Tuve la fortuna de asistir a Macabro desde su primer edici\u00f3n, fue en un peque\u00f1o cine de Polanco en el 2002, y me siento muy afortunada de haberlo hecho, porque ahora, puedo compartir con ustedes un poco sobre el tema, esto, por supuesto con motivo de sus quince a\u00f1os.<\/p>\n<p>Para quien es, no s\u00f3lo un fan\u00e1tico, sino un amante del terror, una primera edici\u00f3n de un festival de \u00e9ste tipo era lo m\u00e1s cercano al para\u00edso, no me lo pod\u00eda perder, y no lo hice, y de \u00e9sta forma es como pude disfrutar de \u201cJesucristo, Cazador de Vampiros\u201d\u00a0 de Lee Demarbre, y unas funciones de cortometrajes conocidas como \u201cHalloweird\u201d, en el que pude ver la historia del asesino en serie Jeffrey Dahmer actuada por mu\u00f1ecas, o una de mis favoritas \u201cSpiders in Love\u201d. Cabe mencionar que en aquella ocasi\u00f3n el festival se llev\u00f3 a cabo del 25 de octubre al 8 de noviembre, en plena celebraci\u00f3n de muertos.<\/p>\n<p>Honestamente, pens\u00e9 que ser\u00eda la primera y \u00faltima vez que ver\u00eda un festival de \u00e9ste tipo en nuestro pa\u00eds, pero volvi\u00f3, y en el 2003, pudimos disfrutar de una funci\u00f3n en 35 mm del cl\u00e1sico de Peter Jackson, \u201cBad Taste\u201d y el festival se realiz\u00f3 del 24 de agosto al 5 de septiembre.<\/p>\n<p>Honestamente, no me gustar\u00eda recordar lo m\u00e1s importante o sobresaliente de \u00e9ste festival de manera cronol\u00f3gica, porque la memoria podr\u00eda fallarme y adem\u00e1s ser\u00eda \u00a0un texto muy aburrido y mon\u00f3tono, pero vaya que \u00e9ste Macabro cuenta con muchos logros y actividades destacadas.<\/p>\n<p>Por ejemplo, tuvimos la oportunidad de disfrutar en formato original la obra de Juan L\u00f3pez Moctezuma, persona que renaci\u00f3 sin duda, gracias a Macabro y que le dar\u00eda a \u00e9ste importante director mexicano el lugar que se merece dentro del g\u00e9nero.<\/p>\n<p>Otro manjar para los sentidos, ocurri\u00f3 cuando \u00a0nos proyectaron toda la filmograf\u00eda de un amo del terror brasile\u00f1o, Jos\u00e9 Mojica Marins, incluida su \u00faltima pel\u00edcula \u201cEncarnaci\u00f3n del Demonio\u201d, algo nunca visto en la ciudad de M\u00e9xico, y todo, en su formato original.<\/p>\n<p>Un gran detalle para el festival, fue la presencia en video del director Shynia Tsukamoto, que por \u00e9sta v\u00eda nos present\u00f3 muchas de sus pel\u00edculas incluida, esa que muchos de nosotros nos gusta \u201cTetsuo\u201d.<\/p>\n<p>Adem\u00e1s, conmemoramos el 40 aniversario de \u201cLa Noche de los Muertos Vivientes\u201d de George A. Romero y los zombis invadieron la sala de la Cineteca Nacional para asustar y deleitar a los presentes, tambi\u00e9n, algo que\u00a0 no ocurr\u00eda en \u00e9ste espacio dedicado al s\u00e9ptimo arte, y que fue\u00a0 todo un \u00e9xito.<\/p>\n<p>Tambi\u00e9n con motivo del bicentenario del natalicio de Edgar Allan Poe, se realiz\u00f3 un homenaje \u00a0proyectando las historias m\u00e1s sobresalientes de \u00e9ste escritor, \u00a0dirigidas por Roger Corman, protagonizadas por Vicent Price y con adaptaciones a cargo del maestro Richard Matheson.<\/p>\n<p>Un fest\u00edn macabro m\u00e1s, ocurri\u00f3 en aquella edici\u00f3n en la que tambi\u00e9n\u00a0 se proyect\u00f3 en formato original parte de la filmograf\u00eda de Jan Svankmajer, y la pel\u00edcula \u201cSomos lo que hay\u201d de Jorge Michel Grau, cinta que, con el tiempo, se convirti\u00f3 en un cl\u00e1sico del g\u00e9nero,\u00a0 a tal grado, que los norteamericanos hicieron su propia versi\u00f3n.<\/p>\n<p>Otro \u00a0a quien Macabro lo convirti\u00f3 en un invitado especial fue al artista Nick Zedd, quien\u00a0 nos present\u00f3 parte de su trabajo, convirtiendo una vez al festival en un evento \u00fanico para los fan\u00e1ticos del terror y lo fant\u00e1stico, con todas sus vertientes.<\/p>\n<p>Tambi\u00e9n vimos por primera vez \u201cEl Vampiro y el Sexo\u201d protagonizada por nuestro querido enmascarado de plata,\u00a0 se le rindi\u00f3 un homenaje a la Catrina de Posada, celebramos el cumplea\u00f1os de Jason Voorhees con un pastel que \u00e9l mismo cort\u00f3 con su machete, se conmemoraron los 100 a\u00f1os del nacimiento de Bram Stoker con la proyecci\u00f3n de \u201cBlood for Dr\u00e1cula\u201d, producida por Andy Warhol, disfrutamos de \u201cAmerican Mary\u201d de Sylvia y Jen Soska, gozamos de lo mejor del cine de terror y la lucha libre, nos alegramos por la proyecci\u00f3n de \u201cM\u00e9xico B\u00e1rbaro\u201d, nos visit\u00f3 el famoso luchador Tinieblas,\u00a0 vimos \u201cThe House of Pine Street\u201d, en fin, que el festival no ha hecho m\u00e1s que crecer, y adquirir miles de seguidores.<\/p>\n<p>Me siento honrada de tener la oportunidad de formar parte del equipo Macabro y de disfrutar de lo mejor del g\u00e9nero del terror de la mano de \u00e9ste Festival.<\/p>\n<p>\u00a1\u00a1\u00a1Felices Quince A\u00f1os a Macabro!!!, por favor, no dejes de sorprendernos, sigue creando, premiando, celebrando, marcando tendencia y b\u00e1\u00f1anos con tu sangre eternamente\u2026Am\u00e9n.<\/p>\n<p style=\"text-align: right;\">Casandra Vicario<\/p>","protected":false},"excerpt":{"rendered":"&nbsp; Tuve la fortuna de asistir a Macabro desde su primer edici\u00f3n, fue en un peque\u00f1o cine de Polanco en el 2002, y me siento muy afortunada de haberlo hecho, porque ahora, puedo compartir con ustedes un poco sobre el tema, esto, por supuesto con motivo de sus quince a\u00f1os. Para quien es, no s\u00f3lo","protected":false},"author":2,"featured_media":1710,"comment_status":"open","ping_status":"open","sticky":false,"template":"","format":"standard","meta":{"_acf_changed":false,"footnotes":""},"categories":[2],"tags":[194,128,43,193,4,195,48,23,54,135],"festival_year":[],"class_list":["post-1708","post","type-post","status-publish","format-standard","has-post-thumbnail","hentry","category-diario-macabro","tag-cine","tag-cine-de-horror","tag-cine-mexicano","tag-festivales-de-cine","tag-historia","tag-horror-film-festival","tag-horror-films","tag-macabro-fich","tag-macabro-film-festival","tag-macabro-xv"],"acf":[],"yoast_head":"<!-- This site is optimized with the Yoast SEO plugin v27.2 - https:\/\/yoast.com\/product\/yoast-seo-wordpress\/ -->\n<title>CRONOLOG\u00cdA MACABRA. A 15 A\u00d1OS DE QUE EL TERROR INUNDARA NUESTROS SENTIDOS. (Carta de amor al Macabro) | Macabro<\/title>\n<meta name=\"robots\" content=\"index, follow, max-snippet:-1, max-image-preview:large, max-video-preview:-1\" \/>\n<link rel=\"canonical\" href=\"https:\/\/macabro.mx\/en\/cronologia-macabra-a-15-anos-de-que-el-terror-inundara-nuestros-sentidos-carta-de-amor-al-macabro\/\" \/>\n<meta property=\"og:locale\" content=\"en_US\" \/>\n<meta property=\"og:type\" content=\"article\" \/>\n<meta property=\"og:title\" content=\"CRONOLOG\u00cdA MACABRA. A 15 A\u00d1OS DE QUE EL TERROR INUNDARA NUESTROS SENTIDOS. (Carta de amor al Macabro) | Macabro\" \/>\n<meta property=\"og:description\" content=\"&nbsp; Tuve la fortuna de asistir a Macabro desde su primer edici\u00f3n, fue en un peque\u00f1o cine de Polanco en el 2002, y me siento muy afortunada de haberlo hecho, porque ahora, puedo compartir con ustedes un poco sobre el tema, esto, por supuesto con motivo de sus quince a\u00f1os. Para quien es, no s\u00f3lo\" \/>\n<meta property=\"og:url\" content=\"https:\/\/macabro.mx\/en\/cronologia-macabra-a-15-anos-de-que-el-terror-inundara-nuestros-sentidos-carta-de-amor-al-macabro\/\" \/>\n<meta property=\"og:site_name\" content=\"Macabro\" \/>\n<meta property=\"article:publisher\" content=\"https:\/\/www.facebook.com\/MacabroFICH\" \/>\n<meta property=\"article:published_time\" content=\"2016-08-23T04:48:51+00:00\" \/>\n<meta property=\"article:modified_time\" content=\"2016-08-23T04:51:37+00:00\" \/>\n<meta property=\"og:image\" content=\"https:\/\/macabro.mx\/wp-content\/uploads\/2016\/08\/Inauguracio\u0301n-Macabro-2013.jpg\" \/>\n\t<meta property=\"og:image:width\" content=\"2226\" \/>\n\t<meta property=\"og:image:height\" content=\"1484\" \/>\n\t<meta property=\"og:image:type\" content=\"image\/jpeg\" \/>\n<meta name=\"author\" content=\"Diario Macabro\" \/>\n<meta name=\"twitter:card\" content=\"summary_large_image\" \/>\n<meta name=\"twitter:creator\" content=\"@MacabroFICH\" \/>\n<meta name=\"twitter:site\" content=\"@MacabroFICH\" \/>\n<meta name=\"twitter:label1\" content=\"Written by\" \/>\n\t<meta name=\"twitter:data1\" content=\"Diario Macabro\" \/>\n\t<meta name=\"twitter:label2\" content=\"Est. reading time\" \/>\n\t<meta name=\"twitter:data2\" content=\"4 minutes\" \/>\n<script type=\"application\/ld+json\" class=\"yoast-schema-graph\">{\"@context\":\"https:\/\/schema.org\",\"@graph\":[{\"@type\":\"Article\",\"@id\":\"https:\/\/macabro.mx\/cronologia-macabra-a-15-anos-de-que-el-terror-inundara-nuestros-sentidos-carta-de-amor-al-macabro\/#article\",\"isPartOf\":{\"@id\":\"https:\/\/macabro.mx\/cronologia-macabra-a-15-anos-de-que-el-terror-inundara-nuestros-sentidos-carta-de-amor-al-macabro\/\"},\"author\":{\"name\":\"Diario Macabro\",\"@id\":\"https:\/\/macabro.mx\/#\/schema\/person\/cb1d7e57b8371a3558481dab1425691d\"},\"headline\":\"CRONOLOG\u00cdA MACABRA. A 15 A\u00d1OS DE QUE EL TERROR INUNDARA NUESTROS SENTIDOS. (Carta de amor al Macabro)\",\"datePublished\":\"2016-08-23T04:48:51+00:00\",\"dateModified\":\"2016-08-23T04:51:37+00:00\",\"mainEntityOfPage\":{\"@id\":\"https:\/\/macabro.mx\/cronologia-macabra-a-15-anos-de-que-el-terror-inundara-nuestros-sentidos-carta-de-amor-al-macabro\/\"},\"wordCount\":811,\"commentCount\":0,\"publisher\":{\"@id\":\"https:\/\/macabro.mx\/#organization\"},\"image\":{\"@id\":\"https:\/\/macabro.mx\/cronologia-macabra-a-15-anos-de-que-el-terror-inundara-nuestros-sentidos-carta-de-amor-al-macabro\/#primaryimage\"},\"thumbnailUrl\":\"https:\/\/macabro.mx\/wp-content\/uploads\/2016\/08\/Inauguracio\u0301n-Macabro-2013.jpg\",\"keywords\":[\"Cine\",\"Cine de horror\",\"cine mexicano\",\"Festivales de cine\",\"historia\",\"Horror Film Festival\",\"Horror Films\",\"Macabro FICH\",\"Macabro Film Festival\",\"Macabro XV\"],\"articleSection\":[\"Diario Macabro\"],\"inLanguage\":\"en-US\",\"potentialAction\":[{\"@type\":\"CommentAction\",\"name\":\"Comment\",\"target\":[\"https:\/\/macabro.mx\/cronologia-macabra-a-15-anos-de-que-el-terror-inundara-nuestros-sentidos-carta-de-amor-al-macabro\/#respond\"]}]},{\"@type\":\"WebPage\",\"@id\":\"https:\/\/macabro.mx\/cronologia-macabra-a-15-anos-de-que-el-terror-inundara-nuestros-sentidos-carta-de-amor-al-macabro\/\",\"url\":\"https:\/\/macabro.mx\/cronologia-macabra-a-15-anos-de-que-el-terror-inundara-nuestros-sentidos-carta-de-amor-al-macabro\/\",\"name\":\"CRONOLOG\u00cdA MACABRA. A 15 A\u00d1OS DE QUE EL TERROR INUNDARA NUESTROS SENTIDOS. (Carta de amor al Macabro) | Macabro\",\"isPartOf\":{\"@id\":\"https:\/\/macabro.mx\/#website\"},\"primaryImageOfPage\":{\"@id\":\"https:\/\/macabro.mx\/cronologia-macabra-a-15-anos-de-que-el-terror-inundara-nuestros-sentidos-carta-de-amor-al-macabro\/#primaryimage\"},\"image\":{\"@id\":\"https:\/\/macabro.mx\/cronologia-macabra-a-15-anos-de-que-el-terror-inundara-nuestros-sentidos-carta-de-amor-al-macabro\/#primaryimage\"},\"thumbnailUrl\":\"https:\/\/macabro.mx\/wp-content\/uploads\/2016\/08\/Inauguracio\u0301n-Macabro-2013.jpg\",\"datePublished\":\"2016-08-23T04:48:51+00:00\",\"dateModified\":\"2016-08-23T04:51:37+00:00\",\"breadcrumb\":{\"@id\":\"https:\/\/macabro.mx\/cronologia-macabra-a-15-anos-de-que-el-terror-inundara-nuestros-sentidos-carta-de-amor-al-macabro\/#breadcrumb\"},\"inLanguage\":\"en-US\",\"potentialAction\":[{\"@type\":\"ReadAction\",\"target\":[\"https:\/\/macabro.mx\/cronologia-macabra-a-15-anos-de-que-el-terror-inundara-nuestros-sentidos-carta-de-amor-al-macabro\/\"]}]},{\"@type\":\"ImageObject\",\"inLanguage\":\"en-US\",\"@id\":\"https:\/\/macabro.mx\/cronologia-macabra-a-15-anos-de-que-el-terror-inundara-nuestros-sentidos-carta-de-amor-al-macabro\/#primaryimage\",\"url\":\"https:\/\/macabro.mx\/wp-content\/uploads\/2016\/08\/Inauguracio\u0301n-Macabro-2013.jpg\",\"contentUrl\":\"https:\/\/macabro.mx\/wp-content\/uploads\/2016\/08\/Inauguracio\u0301n-Macabro-2013.jpg\",\"width\":2226,\"height\":1484},{\"@type\":\"BreadcrumbList\",\"@id\":\"https:\/\/macabro.mx\/cronologia-macabra-a-15-anos-de-que-el-terror-inundara-nuestros-sentidos-carta-de-amor-al-macabro\/#breadcrumb\",\"itemListElement\":[{\"@type\":\"ListItem\",\"position\":1,\"name\":\"Home\",\"item\":\"https:\/\/macabro.mx\/\"},{\"@type\":\"ListItem\",\"position\":2,\"name\":\"Diario Macabro\",\"item\":\"https:\/\/macabro.mx\/category\/diario-macabro\/\"},{\"@type\":\"ListItem\",\"position\":3,\"name\":\"CRONOLOG\u00cdA MACABRA. A 15 A\u00d1OS DE QUE EL TERROR INUNDARA NUESTROS SENTIDOS. (Carta de amor al Macabro)\"}]},{\"@type\":\"WebSite\",\"@id\":\"https:\/\/macabro.mx\/#website\",\"url\":\"https:\/\/macabro.mx\/\",\"name\":\"Macabro\",\"description\":\"Festival Internacional de Cine de Horror\",\"publisher\":{\"@id\":\"https:\/\/macabro.mx\/#organization\"},\"potentialAction\":[{\"@type\":\"SearchAction\",\"target\":{\"@type\":\"EntryPoint\",\"urlTemplate\":\"https:\/\/macabro.mx\/?s={search_term_string}\"},\"query-input\":{\"@type\":\"PropertyValueSpecification\",\"valueRequired\":true,\"valueName\":\"search_term_string\"}}],\"inLanguage\":\"en-US\"},{\"@type\":\"Organization\",\"@id\":\"https:\/\/macabro.mx\/#organization\",\"name\":\"Macabro Film Festival 2025\",\"url\":\"https:\/\/macabro.mx\/\",\"logo\":{\"@type\":\"ImageObject\",\"inLanguage\":\"en-US\",\"@id\":\"https:\/\/macabro.mx\/#\/schema\/logo\/image\/\",\"url\":\"https:\/\/macabro.mx\/wp-content\/uploads\/2020\/11\/logo-macabro.png\",\"contentUrl\":\"https:\/\/macabro.mx\/wp-content\/uploads\/2020\/11\/logo-macabro.png\",\"width\":870,\"height\":336,\"caption\":\"Macabro Film Festival 2025\"},\"image\":{\"@id\":\"https:\/\/macabro.mx\/#\/schema\/logo\/image\/\"},\"sameAs\":[\"https:\/\/www.facebook.com\/MacabroFICH\",\"https:\/\/x.com\/MacabroFICH\",\"https:\/\/www.instagram.com\/macabrofich\/\",\"https:\/\/www.youtube.com\/user\/macabrofest\"]},{\"@type\":\"Person\",\"@id\":\"https:\/\/macabro.mx\/#\/schema\/person\/cb1d7e57b8371a3558481dab1425691d\",\"name\":\"Diario Macabro\",\"image\":{\"@type\":\"ImageObject\",\"inLanguage\":\"en-US\",\"@id\":\"https:\/\/secure.gravatar.com\/avatar\/c503ddb7b9ab82ba0cd034365e426a9406aee5285d5579fbb648e22029e78d98?s=96&d=mm&r=g\",\"url\":\"https:\/\/secure.gravatar.com\/avatar\/c503ddb7b9ab82ba0cd034365e426a9406aee5285d5579fbb648e22029e78d98?s=96&d=mm&r=g\",\"contentUrl\":\"https:\/\/secure.gravatar.com\/avatar\/c503ddb7b9ab82ba0cd034365e426a9406aee5285d5579fbb648e22029e78d98?s=96&d=mm&r=g\",\"caption\":\"Diario Macabro\"},\"url\":\"https:\/\/macabro.mx\/en\/author\/diario-macabro\/\"}]}<\/script>\n<!-- \/ Yoast SEO plugin. -->","yoast_head_json":{"title":"CRONOLOG\u00cdA MACABRA. A 15 A\u00d1OS DE QUE EL TERROR INUNDARA NUESTROS SENTIDOS. (Carta de amor al Macabro) | Macabro","robots":{"index":"index","follow":"follow","max-snippet":"max-snippet:-1","max-image-preview":"max-image-preview:large","max-video-preview":"max-video-preview:-1"},"canonical":"https:\/\/macabro.mx\/en\/cronologia-macabra-a-15-anos-de-que-el-terror-inundara-nuestros-sentidos-carta-de-amor-al-macabro\/","og_locale":"en_US","og_type":"article","og_title":"CRONOLOG\u00cdA MACABRA. A 15 A\u00d1OS DE QUE EL TERROR INUNDARA NUESTROS SENTIDOS. (Carta de amor al Macabro) | Macabro","og_description":"&nbsp; Tuve la fortuna de asistir a Macabro desde su primer edici\u00f3n, fue en un peque\u00f1o cine de Polanco en el 2002, y me siento muy afortunada de haberlo hecho, porque ahora, puedo compartir con ustedes un poco sobre el tema, esto, por supuesto con motivo de sus quince a\u00f1os. Para quien es, no s\u00f3lo","og_url":"https:\/\/macabro.mx\/en\/cronologia-macabra-a-15-anos-de-que-el-terror-inundara-nuestros-sentidos-carta-de-amor-al-macabro\/","og_site_name":"Macabro","article_publisher":"https:\/\/www.facebook.com\/MacabroFICH","article_published_time":"2016-08-23T04:48:51+00:00","article_modified_time":"2016-08-23T04:51:37+00:00","og_image":[{"width":2226,"height":1484,"url":"https:\/\/macabro.mx\/wp-content\/uploads\/2016\/08\/Inauguracio\u0301n-Macabro-2013.jpg","type":"image\/jpeg"}],"author":"Diario Macabro","twitter_card":"summary_large_image","twitter_creator":"@MacabroFICH","twitter_site":"@MacabroFICH","twitter_misc":{"Written by":"Diario Macabro","Est. reading time":"4 minutes"},"schema":{"@context":"https:\/\/schema.org","@graph":[{"@type":"Article","@id":"https:\/\/macabro.mx\/cronologia-macabra-a-15-anos-de-que-el-terror-inundara-nuestros-sentidos-carta-de-amor-al-macabro\/#article","isPartOf":{"@id":"https:\/\/macabro.mx\/cronologia-macabra-a-15-anos-de-que-el-terror-inundara-nuestros-sentidos-carta-de-amor-al-macabro\/"},"author":{"name":"Diario Macabro","@id":"https:\/\/macabro.mx\/#\/schema\/person\/cb1d7e57b8371a3558481dab1425691d"},"headline":"CRONOLOG\u00cdA MACABRA. A 15 A\u00d1OS DE QUE EL TERROR INUNDARA NUESTROS SENTIDOS. (Carta de amor al Macabro)","datePublished":"2016-08-23T04:48:51+00:00","dateModified":"2016-08-23T04:51:37+00:00","mainEntityOfPage":{"@id":"https:\/\/macabro.mx\/cronologia-macabra-a-15-anos-de-que-el-terror-inundara-nuestros-sentidos-carta-de-amor-al-macabro\/"},"wordCount":811,"commentCount":0,"publisher":{"@id":"https:\/\/macabro.mx\/#organization"},"image":{"@id":"https:\/\/macabro.mx\/cronologia-macabra-a-15-anos-de-que-el-terror-inundara-nuestros-sentidos-carta-de-amor-al-macabro\/#primaryimage"},"thumbnailUrl":"https:\/\/macabro.mx\/wp-content\/uploads\/2016\/08\/Inauguracio\u0301n-Macabro-2013.jpg","keywords":["Cine","Cine de horror","cine mexicano","Festivales de cine","historia","Horror Film Festival","Horror Films","Macabro FICH","Macabro Film Festival","Macabro XV"],"articleSection":["Diario Macabro"],"inLanguage":"en-US","potentialAction":[{"@type":"CommentAction","name":"Comment","target":["https:\/\/macabro.mx\/cronologia-macabra-a-15-anos-de-que-el-terror-inundara-nuestros-sentidos-carta-de-amor-al-macabro\/#respond"]}]},{"@type":"WebPage","@id":"https:\/\/macabro.mx\/cronologia-macabra-a-15-anos-de-que-el-terror-inundara-nuestros-sentidos-carta-de-amor-al-macabro\/","url":"https:\/\/macabro.mx\/cronologia-macabra-a-15-anos-de-que-el-terror-inundara-nuestros-sentidos-carta-de-amor-al-macabro\/","name":"CRONOLOG\u00cdA MACABRA. A 15 A\u00d1OS DE QUE EL TERROR INUNDARA NUESTROS SENTIDOS. (Carta de amor al Macabro) | Macabro","isPartOf":{"@id":"https:\/\/macabro.mx\/#website"},"primaryImageOfPage":{"@id":"https:\/\/macabro.mx\/cronologia-macabra-a-15-anos-de-que-el-terror-inundara-nuestros-sentidos-carta-de-amor-al-macabro\/#primaryimage"},"image":{"@id":"https:\/\/macabro.mx\/cronologia-macabra-a-15-anos-de-que-el-terror-inundara-nuestros-sentidos-carta-de-amor-al-macabro\/#primaryimage"},"thumbnailUrl":"https:\/\/macabro.mx\/wp-content\/uploads\/2016\/08\/Inauguracio\u0301n-Macabro-2013.jpg","datePublished":"2016-08-23T04:48:51+00:00","dateModified":"2016-08-23T04:51:37+00:00","breadcrumb":{"@id":"https:\/\/macabro.mx\/cronologia-macabra-a-15-anos-de-que-el-terror-inundara-nuestros-sentidos-carta-de-amor-al-macabro\/#breadcrumb"},"inLanguage":"en-US","potentialAction":[{"@type":"ReadAction","target":["https:\/\/macabro.mx\/cronologia-macabra-a-15-anos-de-que-el-terror-inundara-nuestros-sentidos-carta-de-amor-al-macabro\/"]}]},{"@type":"ImageObject","inLanguage":"en-US","@id":"https:\/\/macabro.mx\/cronologia-macabra-a-15-anos-de-que-el-terror-inundara-nuestros-sentidos-carta-de-amor-al-macabro\/#primaryimage","url":"https:\/\/macabro.mx\/wp-content\/uploads\/2016\/08\/Inauguracio\u0301n-Macabro-2013.jpg","contentUrl":"https:\/\/macabro.mx\/wp-content\/uploads\/2016\/08\/Inauguracio\u0301n-Macabro-2013.jpg","width":2226,"height":1484},{"@type":"BreadcrumbList","@id":"https:\/\/macabro.mx\/cronologia-macabra-a-15-anos-de-que-el-terror-inundara-nuestros-sentidos-carta-de-amor-al-macabro\/#breadcrumb","itemListElement":[{"@type":"ListItem","position":1,"name":"Home","item":"https:\/\/macabro.mx\/"},{"@type":"ListItem","position":2,"name":"Diario Macabro","item":"https:\/\/macabro.mx\/category\/diario-macabro\/"},{"@type":"ListItem","position":3,"name":"CRONOLOG\u00cdA MACABRA. A 15 A\u00d1OS DE QUE EL TERROR INUNDARA NUESTROS SENTIDOS. (Carta de amor al Macabro)"}]},{"@type":"WebSite","@id":"https:\/\/macabro.mx\/#website","url":"https:\/\/macabro.mx\/","name":"Macabro","description":"Festival Internacional de Cine de Horror","publisher":{"@id":"https:\/\/macabro.mx\/#organization"},"potentialAction":[{"@type":"SearchAction","target":{"@type":"EntryPoint","urlTemplate":"https:\/\/macabro.mx\/?s={search_term_string}"},"query-input":{"@type":"PropertyValueSpecification","valueRequired":true,"valueName":"search_term_string"}}],"inLanguage":"en-US"},{"@type":"Organization","@id":"https:\/\/macabro.mx\/#organization","name":"Macabro Film Festival 2025","url":"https:\/\/macabro.mx\/","logo":{"@type":"ImageObject","inLanguage":"en-US","@id":"https:\/\/macabro.mx\/#\/schema\/logo\/image\/","url":"https:\/\/macabro.mx\/wp-content\/uploads\/2020\/11\/logo-macabro.png","contentUrl":"https:\/\/macabro.mx\/wp-content\/uploads\/2020\/11\/logo-macabro.png","width":870,"height":336,"caption":"Macabro Film Festival 2025"},"image":{"@id":"https:\/\/macabro.mx\/#\/schema\/logo\/image\/"},"sameAs":["https:\/\/www.facebook.com\/MacabroFICH","https:\/\/x.com\/MacabroFICH","https:\/\/www.instagram.com\/macabrofich\/","https:\/\/www.youtube.com\/user\/macabrofest"]},{"@type":"Person","@id":"https:\/\/macabro.mx\/#\/schema\/person\/cb1d7e57b8371a3558481dab1425691d","name":"Diario Macabro","image":{"@type":"ImageObject","inLanguage":"en-US","@id":"https:\/\/secure.gravatar.com\/avatar\/c503ddb7b9ab82ba0cd034365e426a9406aee5285d5579fbb648e22029e78d98?s=96&d=mm&r=g","url":"https:\/\/secure.gravatar.com\/avatar\/c503ddb7b9ab82ba0cd034365e426a9406aee5285d5579fbb648e22029e78d98?s=96&d=mm&r=g","contentUrl":"https:\/\/secure.gravatar.com\/avatar\/c503ddb7b9ab82ba0cd034365e426a9406aee5285d5579fbb648e22029e78d98?s=96&d=mm&r=g","caption":"Diario Macabro"},"url":"https:\/\/macabro.mx\/en\/author\/diario-macabro\/"}]}},"_links":{"self":[{"href":"https:\/\/macabro.mx\/en\/wp-json\/wp\/v2\/posts\/1708","targetHints":{"allow":["GET"]}}],"collection":[{"href":"https:\/\/macabro.mx\/en\/wp-json\/wp\/v2\/posts"}],"about":[{"href":"https:\/\/macabro.mx\/en\/wp-json\/wp\/v2\/types\/post"}],"author":[{"embeddable":true,"href":"https:\/\/macabro.mx\/en\/wp-json\/wp\/v2\/users\/2"}],"replies":[{"embeddable":true,"href":"https:\/\/macabro.mx\/en\/wp-json\/wp\/v2\/comments?post=1708"}],"version-history":[{"count":1,"href":"https:\/\/macabro.mx\/en\/wp-json\/wp\/v2\/posts\/1708\/revisions"}],"predecessor-version":[{"id":1711,"href":"https:\/\/macabro.mx\/en\/wp-json\/wp\/v2\/posts\/1708\/revisions\/1711"}],"wp:featuredmedia":[{"embeddable":true,"href":"https:\/\/macabro.mx\/en\/wp-json\/wp\/v2\/media\/1710"}],"wp:attachment":[{"href":"https:\/\/macabro.mx\/en\/wp-json\/wp\/v2\/media?parent=1708"}],"wp:term":[{"taxonomy":"category","embeddable":true,"href":"https:\/\/macabro.mx\/en\/wp-json\/wp\/v2\/categories?post=1708"},{"taxonomy":"post_tag","embeddable":true,"href":"https:\/\/macabro.mx\/en\/wp-json\/wp\/v2\/tags?post=1708"},{"taxonomy":"festival_year","embeddable":true,"href":"https:\/\/macabro.mx\/en\/wp-json\/wp\/v2\/festival_year?post=1708"}],"curies":[{"name":"wp","href":"https:\/\/api.w.org\/{rel}","templated":true}]}}