{"id":1719,"date":"2016-08-26T11:53:11","date_gmt":"2016-08-26T16:53:11","guid":{"rendered":"https:\/\/macabro.mx\/?p=1719"},"modified":"2016-08-26T11:53:11","modified_gmt":"2016-08-26T16:53:11","slug":"aviso-importante-cambio-en-funcion-del-domingo-28-en-panteon-de-san-fernando","status":"publish","type":"post","link":"https:\/\/macabro.mx\/en\/aviso-importante-cambio-en-funcion-del-domingo-28-en-panteon-de-san-fernando\/","title":{"rendered":"AVISO IMPORTANTE: CAMBIO EN FUNCI\u00d3N DEL DOMINGO 28 EN PANTE\u00d3N DE SAN FERNANDO"},"content":{"rendered":"<p>Amigos Macabros:<\/p>\n<p>Por causas de fuerza mayor y ajenas al festival, cambiaremos la sede\u00a0de la pel\u00edcula <a href=\"https:\/\/macabro.mx\/en\/pelicula\/la-entidad\/\">&#8220;La entidad&#8221;<\/a>, programada el domingo 28 de agosto a las 20:00 en el Museo Pante\u00f3n de San Fernando. La nueva sede es <a href=\"https:\/\/macabro.mx\/en\/sede\/museo-archivo-de-la-fotografia\/\">Museo Archivo de la Fotograf\u00eda<\/a> en horario de las 22:00 horas.<\/p>\n<p>Lamentamos mucho el cambio y las molestias que este pueda ocasionar, pero nos vemos obligados a hacerlo debido a\u00a0que las lluvias recientes ocasionaron da\u00f1os en el espacio destinado a las funciones, y nuestro principal inter\u00e9s es cuidar la integridad del equipo del festival y de los asistentes.<\/p>\n<p>Gracias por su comprensi\u00f3n.<\/p>\n<p>*Agradecemos al personal del Museo Archivo de la Fotograf\u00eda las facilidades para la realizaci\u00f3n de nuestros eventos.<\/p>","protected":false},"excerpt":{"rendered":"Amigos Macabros: Por causas de fuerza mayor y ajenas al festival, cambiaremos la sede\u00a0de la pel\u00edcula &#8220;La entidad&#8221;, programada el domingo 28 de agosto a las 20:00 en el Museo Pante\u00f3n de San Fernando. La nueva sede es Museo Archivo de la Fotograf\u00eda en horario de las 22:00 horas. Lamentamos mucho el cambio y las","protected":false},"author":2,"featured_media":1554,"comment_status":"open","ping_status":"open","sticky":false,"template":"","format":"standard","meta":{"_acf_changed":false,"footnotes":""},"categories":[2,1],"tags":[65,207],"festival_year":[],"class_list":["post-1719","post","type-post","status-publish","format-standard","has-post-thumbnail","hentry","category-diario-macabro","category-uncategorized","tag-cdmx","tag-museo-panteon-de-san-fernando"],"acf":[],"yoast_head":"<!-- This site is optimized with the Yoast SEO plugin v27.2 - https:\/\/yoast.com\/product\/yoast-seo-wordpress\/ -->\n<title>AVISO IMPORTANTE: CAMBIO EN FUNCI\u00d3N DEL DOMINGO 28 EN PANTE\u00d3N DE SAN FERNANDO | Macabro<\/title>\n<meta name=\"robots\" content=\"index, follow, max-snippet:-1, max-image-preview:large, max-video-preview:-1\" \/>\n<link rel=\"canonical\" href=\"https:\/\/macabro.mx\/en\/aviso-importante-cambio-en-funcion-del-domingo-28-en-panteon-de-san-fernando\/\" \/>\n<meta property=\"og:locale\" content=\"en_US\" \/>\n<meta property=\"og:type\" content=\"article\" \/>\n<meta property=\"og:title\" content=\"AVISO IMPORTANTE: CAMBIO EN FUNCI\u00d3N DEL DOMINGO 28 EN PANTE\u00d3N DE SAN FERNANDO | Macabro\" \/>\n<meta property=\"og:description\" content=\"Amigos Macabros: Por causas de fuerza mayor y ajenas al festival, cambiaremos la sede\u00a0de la pel\u00edcula &#8220;La entidad&#8221;, programada el domingo 28 de agosto a las 20:00 en el Museo Pante\u00f3n de San Fernando. La nueva sede es Museo Archivo de la Fotograf\u00eda en horario de las 22:00 horas. Lamentamos mucho el cambio y las\" \/>\n<meta property=\"og:url\" content=\"https:\/\/macabro.mx\/en\/aviso-importante-cambio-en-funcion-del-domingo-28-en-panteon-de-san-fernando\/\" \/>\n<meta property=\"og:site_name\" content=\"Macabro\" \/>\n<meta property=\"article:publisher\" content=\"https:\/\/www.facebook.com\/MacabroFICH\" \/>\n<meta property=\"article:published_time\" content=\"2016-08-26T16:53:11+00:00\" \/>\n<meta property=\"og:image\" content=\"https:\/\/macabro.mx\/wp-content\/uploads\/2016\/08\/museo_archivo_de_la_fotografia.jpg\" \/>\n\t<meta property=\"og:image:width\" content=\"580\" \/>\n\t<meta property=\"og:image:height\" content=\"350\" \/>\n\t<meta property=\"og:image:type\" content=\"image\/jpeg\" \/>\n<meta name=\"author\" content=\"Diario Macabro\" \/>\n<meta name=\"twitter:card\" content=\"summary_large_image\" \/>\n<meta name=\"twitter:creator\" content=\"@MacabroFICH\" \/>\n<meta name=\"twitter:site\" content=\"@MacabroFICH\" \/>\n<meta name=\"twitter:label1\" content=\"Written by\" \/>\n\t<meta name=\"twitter:data1\" content=\"Diario Macabro\" \/>\n\t<meta name=\"twitter:label2\" content=\"Est. reading time\" \/>\n\t<meta name=\"twitter:data2\" content=\"1 minute\" \/>\n<script type=\"application\/ld+json\" class=\"yoast-schema-graph\">{\"@context\":\"https:\/\/schema.org\",\"@graph\":[{\"@type\":\"Article\",\"@id\":\"https:\/\/macabro.mx\/aviso-importante-cambio-en-funcion-del-domingo-28-en-panteon-de-san-fernando\/#article\",\"isPartOf\":{\"@id\":\"https:\/\/macabro.mx\/aviso-importante-cambio-en-funcion-del-domingo-28-en-panteon-de-san-fernando\/\"},\"author\":{\"name\":\"Diario Macabro\",\"@id\":\"https:\/\/macabro.mx\/#\/schema\/person\/cb1d7e57b8371a3558481dab1425691d\"},\"headline\":\"AVISO IMPORTANTE: CAMBIO EN FUNCI\u00d3N DEL DOMINGO 28 EN PANTE\u00d3N DE SAN FERNANDO\",\"datePublished\":\"2016-08-26T16:53:11+00:00\",\"mainEntityOfPage\":{\"@id\":\"https:\/\/macabro.mx\/aviso-importante-cambio-en-funcion-del-domingo-28-en-panteon-de-san-fernando\/\"},\"wordCount\":138,\"commentCount\":0,\"publisher\":{\"@id\":\"https:\/\/macabro.mx\/#organization\"},\"image\":{\"@id\":\"https:\/\/macabro.mx\/aviso-importante-cambio-en-funcion-del-domingo-28-en-panteon-de-san-fernando\/#primaryimage\"},\"thumbnailUrl\":\"https:\/\/macabro.mx\/wp-content\/uploads\/2016\/08\/museo_archivo_de_la_fotografia.jpg\",\"keywords\":[\"CDMX\",\"Museo Panteon de San Fernando\"],\"articleSection\":[\"Diario Macabro\"],\"inLanguage\":\"en-US\",\"potentialAction\":[{\"@type\":\"CommentAction\",\"name\":\"Comment\",\"target\":[\"https:\/\/macabro.mx\/aviso-importante-cambio-en-funcion-del-domingo-28-en-panteon-de-san-fernando\/#respond\"]}]},{\"@type\":\"WebPage\",\"@id\":\"https:\/\/macabro.mx\/aviso-importante-cambio-en-funcion-del-domingo-28-en-panteon-de-san-fernando\/\",\"url\":\"https:\/\/macabro.mx\/aviso-importante-cambio-en-funcion-del-domingo-28-en-panteon-de-san-fernando\/\",\"name\":\"AVISO IMPORTANTE: CAMBIO EN FUNCI\u00d3N DEL DOMINGO 28 EN PANTE\u00d3N DE SAN FERNANDO | Macabro\",\"isPartOf\":{\"@id\":\"https:\/\/macabro.mx\/#website\"},\"primaryImageOfPage\":{\"@id\":\"https:\/\/macabro.mx\/aviso-importante-cambio-en-funcion-del-domingo-28-en-panteon-de-san-fernando\/#primaryimage\"},\"image\":{\"@id\":\"https:\/\/macabro.mx\/aviso-importante-cambio-en-funcion-del-domingo-28-en-panteon-de-san-fernando\/#primaryimage\"},\"thumbnailUrl\":\"https:\/\/macabro.mx\/wp-content\/uploads\/2016\/08\/museo_archivo_de_la_fotografia.jpg\",\"datePublished\":\"2016-08-26T16:53:11+00:00\",\"breadcrumb\":{\"@id\":\"https:\/\/macabro.mx\/aviso-importante-cambio-en-funcion-del-domingo-28-en-panteon-de-san-fernando\/#breadcrumb\"},\"inLanguage\":\"en-US\",\"potentialAction\":[{\"@type\":\"ReadAction\",\"target\":[\"https:\/\/macabro.mx\/aviso-importante-cambio-en-funcion-del-domingo-28-en-panteon-de-san-fernando\/\"]}]},{\"@type\":\"ImageObject\",\"inLanguage\":\"en-US\",\"@id\":\"https:\/\/macabro.mx\/aviso-importante-cambio-en-funcion-del-domingo-28-en-panteon-de-san-fernando\/#primaryimage\",\"url\":\"https:\/\/macabro.mx\/wp-content\/uploads\/2016\/08\/museo_archivo_de_la_fotografia.jpg\",\"contentUrl\":\"https:\/\/macabro.mx\/wp-content\/uploads\/2016\/08\/museo_archivo_de_la_fotografia.jpg\",\"width\":580,\"height\":350},{\"@type\":\"BreadcrumbList\",\"@id\":\"https:\/\/macabro.mx\/aviso-importante-cambio-en-funcion-del-domingo-28-en-panteon-de-san-fernando\/#breadcrumb\",\"itemListElement\":[{\"@type\":\"ListItem\",\"position\":1,\"name\":\"Home\",\"item\":\"https:\/\/macabro.mx\/\"},{\"@type\":\"ListItem\",\"position\":2,\"name\":\"Diario Macabro\",\"item\":\"https:\/\/macabro.mx\/category\/diario-macabro\/\"},{\"@type\":\"ListItem\",\"position\":3,\"name\":\"AVISO IMPORTANTE: CAMBIO EN FUNCI\u00d3N DEL DOMINGO 28 EN PANTE\u00d3N DE SAN FERNANDO\"}]},{\"@type\":\"WebSite\",\"@id\":\"https:\/\/macabro.mx\/#website\",\"url\":\"https:\/\/macabro.mx\/\",\"name\":\"Macabro\",\"description\":\"Festival Internacional de Cine de Horror\",\"publisher\":{\"@id\":\"https:\/\/macabro.mx\/#organization\"},\"potentialAction\":[{\"@type\":\"SearchAction\",\"target\":{\"@type\":\"EntryPoint\",\"urlTemplate\":\"https:\/\/macabro.mx\/?s={search_term_string}\"},\"query-input\":{\"@type\":\"PropertyValueSpecification\",\"valueRequired\":true,\"valueName\":\"search_term_string\"}}],\"inLanguage\":\"en-US\"},{\"@type\":\"Organization\",\"@id\":\"https:\/\/macabro.mx\/#organization\",\"name\":\"Macabro Film Festival 2025\",\"url\":\"https:\/\/macabro.mx\/\",\"logo\":{\"@type\":\"ImageObject\",\"inLanguage\":\"en-US\",\"@id\":\"https:\/\/macabro.mx\/#\/schema\/logo\/image\/\",\"url\":\"https:\/\/macabro.mx\/wp-content\/uploads\/2020\/11\/logo-macabro.png\",\"contentUrl\":\"https:\/\/macabro.mx\/wp-content\/uploads\/2020\/11\/logo-macabro.png\",\"width\":870,\"height\":336,\"caption\":\"Macabro Film Festival 2025\"},\"image\":{\"@id\":\"https:\/\/macabro.mx\/#\/schema\/logo\/image\/\"},\"sameAs\":[\"https:\/\/www.facebook.com\/MacabroFICH\",\"https:\/\/x.com\/MacabroFICH\",\"https:\/\/www.instagram.com\/macabrofich\/\",\"https:\/\/www.youtube.com\/user\/macabrofest\"]},{\"@type\":\"Person\",\"@id\":\"https:\/\/macabro.mx\/#\/schema\/person\/cb1d7e57b8371a3558481dab1425691d\",\"name\":\"Diario Macabro\",\"image\":{\"@type\":\"ImageObject\",\"inLanguage\":\"en-US\",\"@id\":\"https:\/\/secure.gravatar.com\/avatar\/c503ddb7b9ab82ba0cd034365e426a9406aee5285d5579fbb648e22029e78d98?s=96&d=mm&r=g\",\"url\":\"https:\/\/secure.gravatar.com\/avatar\/c503ddb7b9ab82ba0cd034365e426a9406aee5285d5579fbb648e22029e78d98?s=96&d=mm&r=g\",\"contentUrl\":\"https:\/\/secure.gravatar.com\/avatar\/c503ddb7b9ab82ba0cd034365e426a9406aee5285d5579fbb648e22029e78d98?s=96&d=mm&r=g\",\"caption\":\"Diario Macabro\"},\"url\":\"https:\/\/macabro.mx\/en\/author\/diario-macabro\/\"}]}<\/script>\n<!-- \/ Yoast SEO plugin. -->","yoast_head_json":{"title":"AVISO IMPORTANTE: CAMBIO EN FUNCI\u00d3N DEL DOMINGO 28 EN PANTE\u00d3N DE SAN FERNANDO | Macabro","robots":{"index":"index","follow":"follow","max-snippet":"max-snippet:-1","max-image-preview":"max-image-preview:large","max-video-preview":"max-video-preview:-1"},"canonical":"https:\/\/macabro.mx\/en\/aviso-importante-cambio-en-funcion-del-domingo-28-en-panteon-de-san-fernando\/","og_locale":"en_US","og_type":"article","og_title":"AVISO IMPORTANTE: CAMBIO EN FUNCI\u00d3N DEL DOMINGO 28 EN PANTE\u00d3N DE SAN FERNANDO | Macabro","og_description":"Amigos Macabros: Por causas de fuerza mayor y ajenas al festival, cambiaremos la sede\u00a0de la pel\u00edcula &#8220;La entidad&#8221;, programada el domingo 28 de agosto a las 20:00 en el Museo Pante\u00f3n de San Fernando. La nueva sede es Museo Archivo de la Fotograf\u00eda en horario de las 22:00 horas. Lamentamos mucho el cambio y las","og_url":"https:\/\/macabro.mx\/en\/aviso-importante-cambio-en-funcion-del-domingo-28-en-panteon-de-san-fernando\/","og_site_name":"Macabro","article_publisher":"https:\/\/www.facebook.com\/MacabroFICH","article_published_time":"2016-08-26T16:53:11+00:00","og_image":[{"width":580,"height":350,"url":"https:\/\/macabro.mx\/wp-content\/uploads\/2016\/08\/museo_archivo_de_la_fotografia.jpg","type":"image\/jpeg"}],"author":"Diario Macabro","twitter_card":"summary_large_image","twitter_creator":"@MacabroFICH","twitter_site":"@MacabroFICH","twitter_misc":{"Written by":"Diario Macabro","Est. reading time":"1 minute"},"schema":{"@context":"https:\/\/schema.org","@graph":[{"@type":"Article","@id":"https:\/\/macabro.mx\/aviso-importante-cambio-en-funcion-del-domingo-28-en-panteon-de-san-fernando\/#article","isPartOf":{"@id":"https:\/\/macabro.mx\/aviso-importante-cambio-en-funcion-del-domingo-28-en-panteon-de-san-fernando\/"},"author":{"name":"Diario Macabro","@id":"https:\/\/macabro.mx\/#\/schema\/person\/cb1d7e57b8371a3558481dab1425691d"},"headline":"AVISO IMPORTANTE: CAMBIO EN FUNCI\u00d3N DEL DOMINGO 28 EN PANTE\u00d3N DE SAN FERNANDO","datePublished":"2016-08-26T16:53:11+00:00","mainEntityOfPage":{"@id":"https:\/\/macabro.mx\/aviso-importante-cambio-en-funcion-del-domingo-28-en-panteon-de-san-fernando\/"},"wordCount":138,"commentCount":0,"publisher":{"@id":"https:\/\/macabro.mx\/#organization"},"image":{"@id":"https:\/\/macabro.mx\/aviso-importante-cambio-en-funcion-del-domingo-28-en-panteon-de-san-fernando\/#primaryimage"},"thumbnailUrl":"https:\/\/macabro.mx\/wp-content\/uploads\/2016\/08\/museo_archivo_de_la_fotografia.jpg","keywords":["CDMX","Museo Panteon de San Fernando"],"articleSection":["Diario Macabro"],"inLanguage":"en-US","potentialAction":[{"@type":"CommentAction","name":"Comment","target":["https:\/\/macabro.mx\/aviso-importante-cambio-en-funcion-del-domingo-28-en-panteon-de-san-fernando\/#respond"]}]},{"@type":"WebPage","@id":"https:\/\/macabro.mx\/aviso-importante-cambio-en-funcion-del-domingo-28-en-panteon-de-san-fernando\/","url":"https:\/\/macabro.mx\/aviso-importante-cambio-en-funcion-del-domingo-28-en-panteon-de-san-fernando\/","name":"AVISO IMPORTANTE: CAMBIO EN FUNCI\u00d3N DEL DOMINGO 28 EN PANTE\u00d3N DE SAN FERNANDO | Macabro","isPartOf":{"@id":"https:\/\/macabro.mx\/#website"},"primaryImageOfPage":{"@id":"https:\/\/macabro.mx\/aviso-importante-cambio-en-funcion-del-domingo-28-en-panteon-de-san-fernando\/#primaryimage"},"image":{"@id":"https:\/\/macabro.mx\/aviso-importante-cambio-en-funcion-del-domingo-28-en-panteon-de-san-fernando\/#primaryimage"},"thumbnailUrl":"https:\/\/macabro.mx\/wp-content\/uploads\/2016\/08\/museo_archivo_de_la_fotografia.jpg","datePublished":"2016-08-26T16:53:11+00:00","breadcrumb":{"@id":"https:\/\/macabro.mx\/aviso-importante-cambio-en-funcion-del-domingo-28-en-panteon-de-san-fernando\/#breadcrumb"},"inLanguage":"en-US","potentialAction":[{"@type":"ReadAction","target":["https:\/\/macabro.mx\/aviso-importante-cambio-en-funcion-del-domingo-28-en-panteon-de-san-fernando\/"]}]},{"@type":"ImageObject","inLanguage":"en-US","@id":"https:\/\/macabro.mx\/aviso-importante-cambio-en-funcion-del-domingo-28-en-panteon-de-san-fernando\/#primaryimage","url":"https:\/\/macabro.mx\/wp-content\/uploads\/2016\/08\/museo_archivo_de_la_fotografia.jpg","contentUrl":"https:\/\/macabro.mx\/wp-content\/uploads\/2016\/08\/museo_archivo_de_la_fotografia.jpg","width":580,"height":350},{"@type":"BreadcrumbList","@id":"https:\/\/macabro.mx\/aviso-importante-cambio-en-funcion-del-domingo-28-en-panteon-de-san-fernando\/#breadcrumb","itemListElement":[{"@type":"ListItem","position":1,"name":"Home","item":"https:\/\/macabro.mx\/"},{"@type":"ListItem","position":2,"name":"Diario Macabro","item":"https:\/\/macabro.mx\/category\/diario-macabro\/"},{"@type":"ListItem","position":3,"name":"AVISO IMPORTANTE: CAMBIO EN FUNCI\u00d3N DEL DOMINGO 28 EN PANTE\u00d3N DE SAN FERNANDO"}]},{"@type":"WebSite","@id":"https:\/\/macabro.mx\/#website","url":"https:\/\/macabro.mx\/","name":"Macabro","description":"Festival Internacional de Cine de Horror","publisher":{"@id":"https:\/\/macabro.mx\/#organization"},"potentialAction":[{"@type":"SearchAction","target":{"@type":"EntryPoint","urlTemplate":"https:\/\/macabro.mx\/?s={search_term_string}"},"query-input":{"@type":"PropertyValueSpecification","valueRequired":true,"valueName":"search_term_string"}}],"inLanguage":"en-US"},{"@type":"Organization","@id":"https:\/\/macabro.mx\/#organization","name":"Macabro Film Festival 2025","url":"https:\/\/macabro.mx\/","logo":{"@type":"ImageObject","inLanguage":"en-US","@id":"https:\/\/macabro.mx\/#\/schema\/logo\/image\/","url":"https:\/\/macabro.mx\/wp-content\/uploads\/2020\/11\/logo-macabro.png","contentUrl":"https:\/\/macabro.mx\/wp-content\/uploads\/2020\/11\/logo-macabro.png","width":870,"height":336,"caption":"Macabro Film Festival 2025"},"image":{"@id":"https:\/\/macabro.mx\/#\/schema\/logo\/image\/"},"sameAs":["https:\/\/www.facebook.com\/MacabroFICH","https:\/\/x.com\/MacabroFICH","https:\/\/www.instagram.com\/macabrofich\/","https:\/\/www.youtube.com\/user\/macabrofest"]},{"@type":"Person","@id":"https:\/\/macabro.mx\/#\/schema\/person\/cb1d7e57b8371a3558481dab1425691d","name":"Diario Macabro","image":{"@type":"ImageObject","inLanguage":"en-US","@id":"https:\/\/secure.gravatar.com\/avatar\/c503ddb7b9ab82ba0cd034365e426a9406aee5285d5579fbb648e22029e78d98?s=96&d=mm&r=g","url":"https:\/\/secure.gravatar.com\/avatar\/c503ddb7b9ab82ba0cd034365e426a9406aee5285d5579fbb648e22029e78d98?s=96&d=mm&r=g","contentUrl":"https:\/\/secure.gravatar.com\/avatar\/c503ddb7b9ab82ba0cd034365e426a9406aee5285d5579fbb648e22029e78d98?s=96&d=mm&r=g","caption":"Diario Macabro"},"url":"https:\/\/macabro.mx\/en\/author\/diario-macabro\/"}]}},"_links":{"self":[{"href":"https:\/\/macabro.mx\/en\/wp-json\/wp\/v2\/posts\/1719","targetHints":{"allow":["GET"]}}],"collection":[{"href":"https:\/\/macabro.mx\/en\/wp-json\/wp\/v2\/posts"}],"about":[{"href":"https:\/\/macabro.mx\/en\/wp-json\/wp\/v2\/types\/post"}],"author":[{"embeddable":true,"href":"https:\/\/macabro.mx\/en\/wp-json\/wp\/v2\/users\/2"}],"replies":[{"embeddable":true,"href":"https:\/\/macabro.mx\/en\/wp-json\/wp\/v2\/comments?post=1719"}],"version-history":[{"count":2,"href":"https:\/\/macabro.mx\/en\/wp-json\/wp\/v2\/posts\/1719\/revisions"}],"predecessor-version":[{"id":1721,"href":"https:\/\/macabro.mx\/en\/wp-json\/wp\/v2\/posts\/1719\/revisions\/1721"}],"wp:featuredmedia":[{"embeddable":true,"href":"https:\/\/macabro.mx\/en\/wp-json\/wp\/v2\/media\/1554"}],"wp:attachment":[{"href":"https:\/\/macabro.mx\/en\/wp-json\/wp\/v2\/media?parent=1719"}],"wp:term":[{"taxonomy":"category","embeddable":true,"href":"https:\/\/macabro.mx\/en\/wp-json\/wp\/v2\/categories?post=1719"},{"taxonomy":"post_tag","embeddable":true,"href":"https:\/\/macabro.mx\/en\/wp-json\/wp\/v2\/tags?post=1719"},{"taxonomy":"festival_year","embeddable":true,"href":"https:\/\/macabro.mx\/en\/wp-json\/wp\/v2\/festival_year?post=1719"}],"curies":[{"name":"wp","href":"https:\/\/api.w.org\/{rel}","templated":true}]}}