{"id":1840,"date":"2017-01-11T11:49:54","date_gmt":"2017-01-11T17:49:54","guid":{"rendered":"https:\/\/macabro.mx\/?p=1840"},"modified":"2017-01-11T11:52:56","modified_gmt":"2017-01-11T17:52:56","slug":"macabrofich-presente-en-nox-film-festival-de-uruguay","status":"publish","type":"post","link":"https:\/\/macabro.mx\/en\/macabrofich-presente-en-nox-film-festival-de-uruguay\/","title":{"rendered":"#MacabroFICH presente en Nox Film Festival de Uruguay"},"content":{"rendered":"<p>Iniciamos el a\u00f1o con actividades presentando una selecci\u00f3n de cortos del M\u00e9xico Macabro \u00a0y la pel\u00edcula Histeria de Carlos Mel\u00e9ndez (ganador a mejor director en el pasado Macabro XV). \u00a0Para mayor informaci\u00f3n del festival, entra a:\u00a0<span style=\"color: #ff0000;\">https:\/\/www.facebook.com\/noxfilmfest1977\/<\/span><\/p>\n<p><img loading=\"lazy\" decoding=\"async\" width=\"445\" height=\"629\" class=\"alignnone size-full wp-image-1848 aligncenter\" src=\"https:\/\/macabro.mx\/wp-content\/uploads\/2017\/01\/15741225_1662659144032157_6069484220352988350_n.jpg\" alt=\"15741225_1662659144032157_6069484220352988350_n\" srcset=\"https:\/\/macabro.mx\/wp-content\/uploads\/2017\/01\/15741225_1662659144032157_6069484220352988350_n.jpg 445w, https:\/\/macabro.mx\/wp-content\/uploads\/2017\/01\/15741225_1662659144032157_6069484220352988350_n-250x353.jpg 250w, https:\/\/macabro.mx\/wp-content\/uploads\/2017\/01\/15741225_1662659144032157_6069484220352988350_n-120x170.jpg 120w\" sizes=\"auto, (max-width: 445px) 100vw, 445px\" \/><\/p>\n<p>&nbsp;<\/p>","protected":false},"excerpt":{"rendered":"Iniciamos el a\u00f1o con actividades presentando una selecci\u00f3n de cortos del M\u00e9xico Macabro \u00a0y la pel\u00edcula Histeria de Carlos Mel\u00e9ndez (ganador a mejor director en el pasado Macabro XV). \u00a0Para mayor informaci\u00f3n del festival, entra a:\u00a0https:\/\/www.facebook.com\/noxfilmfest1977\/ &nbsp;","protected":false},"author":2,"featured_media":1848,"comment_status":"open","ping_status":"open","sticky":false,"template":"","format":"standard","meta":{"_acf_changed":false,"footnotes":""},"categories":[2],"tags":[317,128,298,43,315,319,316,220,321,129,320,318,54,313,314],"festival_year":[],"class_list":["post-1840","post","type-post","status-publish","format-standard","has-post-thumbnail","hentry","category-diario-macabro","tag-carlos-melendez","tag-cine-de-horror","tag-cine-fantastico","tag-cine-mexicano","tag-el-salto","tag-fantastic-festivals","tag-festival-internacional-de-cine-de-miedo-y-fantasia-de-salto","tag-histeria","tag-horror-features","tag-horror-film-festivals","tag-horror-short-films","tag-latin-horror","tag-macabro-film-festival","tag-nox-film-festival","tag-uruguay"],"acf":[],"yoast_head":"<!-- This site is optimized with the Yoast SEO plugin v27.2 - https:\/\/yoast.com\/product\/yoast-seo-wordpress\/ -->\n<title>#MacabroFICH presente en Nox Film Festival de Uruguay | Macabro<\/title>\n<meta name=\"robots\" content=\"index, follow, max-snippet:-1, max-image-preview:large, max-video-preview:-1\" \/>\n<link rel=\"canonical\" href=\"https:\/\/macabro.mx\/en\/macabrofich-presente-en-nox-film-festival-de-uruguay\/\" \/>\n<meta property=\"og:locale\" content=\"en_US\" \/>\n<meta property=\"og:type\" content=\"article\" \/>\n<meta property=\"og:title\" content=\"#MacabroFICH presente en Nox Film Festival de Uruguay | Macabro\" \/>\n<meta property=\"og:description\" content=\"Iniciamos el a\u00f1o con actividades presentando una selecci\u00f3n de cortos del M\u00e9xico Macabro \u00a0y la pel\u00edcula Histeria de Carlos Mel\u00e9ndez (ganador a mejor director en el pasado Macabro XV). \u00a0Para mayor informaci\u00f3n del festival, entra a:\u00a0https:\/\/www.facebook.com\/noxfilmfest1977\/ &nbsp;\" \/>\n<meta property=\"og:url\" content=\"https:\/\/macabro.mx\/en\/macabrofich-presente-en-nox-film-festival-de-uruguay\/\" \/>\n<meta property=\"og:site_name\" content=\"Macabro\" \/>\n<meta property=\"article:publisher\" content=\"https:\/\/www.facebook.com\/MacabroFICH\" \/>\n<meta property=\"article:published_time\" content=\"2017-01-11T17:49:54+00:00\" \/>\n<meta property=\"article:modified_time\" content=\"2017-01-11T17:52:56+00:00\" \/>\n<meta property=\"og:image\" content=\"https:\/\/macabro.mx\/wp-content\/uploads\/2017\/01\/15741225_1662659144032157_6069484220352988350_n.jpg\" \/>\n\t<meta property=\"og:image:width\" content=\"445\" \/>\n\t<meta property=\"og:image:height\" content=\"629\" \/>\n\t<meta property=\"og:image:type\" content=\"image\/jpeg\" \/>\n<meta name=\"author\" content=\"Diario Macabro\" \/>\n<meta name=\"twitter:card\" content=\"summary_large_image\" \/>\n<meta name=\"twitter:creator\" content=\"@MacabroFICH\" \/>\n<meta name=\"twitter:site\" content=\"@MacabroFICH\" \/>\n<meta name=\"twitter:label1\" content=\"Written by\" \/>\n\t<meta name=\"twitter:data1\" content=\"Diario Macabro\" \/>\n<script type=\"application\/ld+json\" class=\"yoast-schema-graph\">{\"@context\":\"https:\/\/schema.org\",\"@graph\":[{\"@type\":\"Article\",\"@id\":\"https:\/\/macabro.mx\/macabrofich-presente-en-nox-film-festival-de-uruguay\/#article\",\"isPartOf\":{\"@id\":\"https:\/\/macabro.mx\/macabrofich-presente-en-nox-film-festival-de-uruguay\/\"},\"author\":{\"name\":\"Diario Macabro\",\"@id\":\"https:\/\/macabro.mx\/#\/schema\/person\/cb1d7e57b8371a3558481dab1425691d\"},\"headline\":\"#MacabroFICH presente en Nox Film Festival de Uruguay\",\"datePublished\":\"2017-01-11T17:49:54+00:00\",\"dateModified\":\"2017-01-11T17:52:56+00:00\",\"mainEntityOfPage\":{\"@id\":\"https:\/\/macabro.mx\/macabrofich-presente-en-nox-film-festival-de-uruguay\/\"},\"wordCount\":56,\"commentCount\":0,\"publisher\":{\"@id\":\"https:\/\/macabro.mx\/#organization\"},\"image\":{\"@id\":\"https:\/\/macabro.mx\/macabrofich-presente-en-nox-film-festival-de-uruguay\/#primaryimage\"},\"thumbnailUrl\":\"https:\/\/macabro.mx\/wp-content\/uploads\/2017\/01\/15741225_1662659144032157_6069484220352988350_n.jpg\",\"keywords\":[\"Carlos Melendez\",\"Cine de horror\",\"Cine fantastico\",\"cine mexicano\",\"El Salto\",\"Fantastic Festivals\",\"Festival Internacional de Cine de Miedo y Fantas\u00eda de Salto\",\"Histeria\",\"Horror Features\",\"Horror Film Festivals\",\"Horror Short Films\",\"Latin Horror\",\"Macabro Film Festival\",\"Nox Film Festival\",\"Uruguay\"],\"articleSection\":[\"Diario Macabro\"],\"inLanguage\":\"en-US\",\"potentialAction\":[{\"@type\":\"CommentAction\",\"name\":\"Comment\",\"target\":[\"https:\/\/macabro.mx\/macabrofich-presente-en-nox-film-festival-de-uruguay\/#respond\"]}]},{\"@type\":\"WebPage\",\"@id\":\"https:\/\/macabro.mx\/macabrofich-presente-en-nox-film-festival-de-uruguay\/\",\"url\":\"https:\/\/macabro.mx\/macabrofich-presente-en-nox-film-festival-de-uruguay\/\",\"name\":\"#MacabroFICH presente en Nox Film Festival de Uruguay | Macabro\",\"isPartOf\":{\"@id\":\"https:\/\/macabro.mx\/#website\"},\"primaryImageOfPage\":{\"@id\":\"https:\/\/macabro.mx\/macabrofich-presente-en-nox-film-festival-de-uruguay\/#primaryimage\"},\"image\":{\"@id\":\"https:\/\/macabro.mx\/macabrofich-presente-en-nox-film-festival-de-uruguay\/#primaryimage\"},\"thumbnailUrl\":\"https:\/\/macabro.mx\/wp-content\/uploads\/2017\/01\/15741225_1662659144032157_6069484220352988350_n.jpg\",\"datePublished\":\"2017-01-11T17:49:54+00:00\",\"dateModified\":\"2017-01-11T17:52:56+00:00\",\"breadcrumb\":{\"@id\":\"https:\/\/macabro.mx\/macabrofich-presente-en-nox-film-festival-de-uruguay\/#breadcrumb\"},\"inLanguage\":\"en-US\",\"potentialAction\":[{\"@type\":\"ReadAction\",\"target\":[\"https:\/\/macabro.mx\/macabrofich-presente-en-nox-film-festival-de-uruguay\/\"]}]},{\"@type\":\"ImageObject\",\"inLanguage\":\"en-US\",\"@id\":\"https:\/\/macabro.mx\/macabrofich-presente-en-nox-film-festival-de-uruguay\/#primaryimage\",\"url\":\"https:\/\/macabro.mx\/wp-content\/uploads\/2017\/01\/15741225_1662659144032157_6069484220352988350_n.jpg\",\"contentUrl\":\"https:\/\/macabro.mx\/wp-content\/uploads\/2017\/01\/15741225_1662659144032157_6069484220352988350_n.jpg\",\"width\":445,\"height\":629},{\"@type\":\"BreadcrumbList\",\"@id\":\"https:\/\/macabro.mx\/macabrofich-presente-en-nox-film-festival-de-uruguay\/#breadcrumb\",\"itemListElement\":[{\"@type\":\"ListItem\",\"position\":1,\"name\":\"Home\",\"item\":\"https:\/\/macabro.mx\/\"},{\"@type\":\"ListItem\",\"position\":2,\"name\":\"Diario Macabro\",\"item\":\"https:\/\/macabro.mx\/category\/diario-macabro\/\"},{\"@type\":\"ListItem\",\"position\":3,\"name\":\"#MacabroFICH presente en Nox Film Festival de Uruguay\"}]},{\"@type\":\"WebSite\",\"@id\":\"https:\/\/macabro.mx\/#website\",\"url\":\"https:\/\/macabro.mx\/\",\"name\":\"Macabro\",\"description\":\"Festival Internacional de Cine de Horror\",\"publisher\":{\"@id\":\"https:\/\/macabro.mx\/#organization\"},\"potentialAction\":[{\"@type\":\"SearchAction\",\"target\":{\"@type\":\"EntryPoint\",\"urlTemplate\":\"https:\/\/macabro.mx\/?s={search_term_string}\"},\"query-input\":{\"@type\":\"PropertyValueSpecification\",\"valueRequired\":true,\"valueName\":\"search_term_string\"}}],\"inLanguage\":\"en-US\"},{\"@type\":\"Organization\",\"@id\":\"https:\/\/macabro.mx\/#organization\",\"name\":\"Macabro Film Festival 2025\",\"url\":\"https:\/\/macabro.mx\/\",\"logo\":{\"@type\":\"ImageObject\",\"inLanguage\":\"en-US\",\"@id\":\"https:\/\/macabro.mx\/#\/schema\/logo\/image\/\",\"url\":\"https:\/\/macabro.mx\/wp-content\/uploads\/2020\/11\/logo-macabro.png\",\"contentUrl\":\"https:\/\/macabro.mx\/wp-content\/uploads\/2020\/11\/logo-macabro.png\",\"width\":870,\"height\":336,\"caption\":\"Macabro Film Festival 2025\"},\"image\":{\"@id\":\"https:\/\/macabro.mx\/#\/schema\/logo\/image\/\"},\"sameAs\":[\"https:\/\/www.facebook.com\/MacabroFICH\",\"https:\/\/x.com\/MacabroFICH\",\"https:\/\/www.instagram.com\/macabrofich\/\",\"https:\/\/www.youtube.com\/user\/macabrofest\"]},{\"@type\":\"Person\",\"@id\":\"https:\/\/macabro.mx\/#\/schema\/person\/cb1d7e57b8371a3558481dab1425691d\",\"name\":\"Diario Macabro\",\"image\":{\"@type\":\"ImageObject\",\"inLanguage\":\"en-US\",\"@id\":\"https:\/\/secure.gravatar.com\/avatar\/c503ddb7b9ab82ba0cd034365e426a9406aee5285d5579fbb648e22029e78d98?s=96&d=mm&r=g\",\"url\":\"https:\/\/secure.gravatar.com\/avatar\/c503ddb7b9ab82ba0cd034365e426a9406aee5285d5579fbb648e22029e78d98?s=96&d=mm&r=g\",\"contentUrl\":\"https:\/\/secure.gravatar.com\/avatar\/c503ddb7b9ab82ba0cd034365e426a9406aee5285d5579fbb648e22029e78d98?s=96&d=mm&r=g\",\"caption\":\"Diario Macabro\"},\"url\":\"https:\/\/macabro.mx\/en\/author\/diario-macabro\/\"}]}<\/script>\n<!-- \/ Yoast SEO plugin. -->","yoast_head_json":{"title":"#MacabroFICH presente en Nox Film Festival de Uruguay | Macabro","robots":{"index":"index","follow":"follow","max-snippet":"max-snippet:-1","max-image-preview":"max-image-preview:large","max-video-preview":"max-video-preview:-1"},"canonical":"https:\/\/macabro.mx\/en\/macabrofich-presente-en-nox-film-festival-de-uruguay\/","og_locale":"en_US","og_type":"article","og_title":"#MacabroFICH presente en Nox Film Festival de Uruguay | Macabro","og_description":"Iniciamos el a\u00f1o con actividades presentando una selecci\u00f3n de cortos del M\u00e9xico Macabro \u00a0y la pel\u00edcula Histeria de Carlos Mel\u00e9ndez (ganador a mejor director en el pasado Macabro XV). \u00a0Para mayor informaci\u00f3n del festival, entra a:\u00a0https:\/\/www.facebook.com\/noxfilmfest1977\/ &nbsp;","og_url":"https:\/\/macabro.mx\/en\/macabrofich-presente-en-nox-film-festival-de-uruguay\/","og_site_name":"Macabro","article_publisher":"https:\/\/www.facebook.com\/MacabroFICH","article_published_time":"2017-01-11T17:49:54+00:00","article_modified_time":"2017-01-11T17:52:56+00:00","og_image":[{"width":445,"height":629,"url":"https:\/\/macabro.mx\/wp-content\/uploads\/2017\/01\/15741225_1662659144032157_6069484220352988350_n.jpg","type":"image\/jpeg"}],"author":"Diario Macabro","twitter_card":"summary_large_image","twitter_creator":"@MacabroFICH","twitter_site":"@MacabroFICH","twitter_misc":{"Written by":"Diario Macabro"},"schema":{"@context":"https:\/\/schema.org","@graph":[{"@type":"Article","@id":"https:\/\/macabro.mx\/macabrofich-presente-en-nox-film-festival-de-uruguay\/#article","isPartOf":{"@id":"https:\/\/macabro.mx\/macabrofich-presente-en-nox-film-festival-de-uruguay\/"},"author":{"name":"Diario Macabro","@id":"https:\/\/macabro.mx\/#\/schema\/person\/cb1d7e57b8371a3558481dab1425691d"},"headline":"#MacabroFICH presente en Nox Film Festival de Uruguay","datePublished":"2017-01-11T17:49:54+00:00","dateModified":"2017-01-11T17:52:56+00:00","mainEntityOfPage":{"@id":"https:\/\/macabro.mx\/macabrofich-presente-en-nox-film-festival-de-uruguay\/"},"wordCount":56,"commentCount":0,"publisher":{"@id":"https:\/\/macabro.mx\/#organization"},"image":{"@id":"https:\/\/macabro.mx\/macabrofich-presente-en-nox-film-festival-de-uruguay\/#primaryimage"},"thumbnailUrl":"https:\/\/macabro.mx\/wp-content\/uploads\/2017\/01\/15741225_1662659144032157_6069484220352988350_n.jpg","keywords":["Carlos Melendez","Cine de horror","Cine fantastico","cine mexicano","El Salto","Fantastic Festivals","Festival Internacional de Cine de Miedo y Fantas\u00eda de Salto","Histeria","Horror Features","Horror Film Festivals","Horror Short Films","Latin Horror","Macabro Film Festival","Nox Film Festival","Uruguay"],"articleSection":["Diario Macabro"],"inLanguage":"en-US","potentialAction":[{"@type":"CommentAction","name":"Comment","target":["https:\/\/macabro.mx\/macabrofich-presente-en-nox-film-festival-de-uruguay\/#respond"]}]},{"@type":"WebPage","@id":"https:\/\/macabro.mx\/macabrofich-presente-en-nox-film-festival-de-uruguay\/","url":"https:\/\/macabro.mx\/macabrofich-presente-en-nox-film-festival-de-uruguay\/","name":"#MacabroFICH presente en Nox Film Festival de Uruguay | Macabro","isPartOf":{"@id":"https:\/\/macabro.mx\/#website"},"primaryImageOfPage":{"@id":"https:\/\/macabro.mx\/macabrofich-presente-en-nox-film-festival-de-uruguay\/#primaryimage"},"image":{"@id":"https:\/\/macabro.mx\/macabrofich-presente-en-nox-film-festival-de-uruguay\/#primaryimage"},"thumbnailUrl":"https:\/\/macabro.mx\/wp-content\/uploads\/2017\/01\/15741225_1662659144032157_6069484220352988350_n.jpg","datePublished":"2017-01-11T17:49:54+00:00","dateModified":"2017-01-11T17:52:56+00:00","breadcrumb":{"@id":"https:\/\/macabro.mx\/macabrofich-presente-en-nox-film-festival-de-uruguay\/#breadcrumb"},"inLanguage":"en-US","potentialAction":[{"@type":"ReadAction","target":["https:\/\/macabro.mx\/macabrofich-presente-en-nox-film-festival-de-uruguay\/"]}]},{"@type":"ImageObject","inLanguage":"en-US","@id":"https:\/\/macabro.mx\/macabrofich-presente-en-nox-film-festival-de-uruguay\/#primaryimage","url":"https:\/\/macabro.mx\/wp-content\/uploads\/2017\/01\/15741225_1662659144032157_6069484220352988350_n.jpg","contentUrl":"https:\/\/macabro.mx\/wp-content\/uploads\/2017\/01\/15741225_1662659144032157_6069484220352988350_n.jpg","width":445,"height":629},{"@type":"BreadcrumbList","@id":"https:\/\/macabro.mx\/macabrofich-presente-en-nox-film-festival-de-uruguay\/#breadcrumb","itemListElement":[{"@type":"ListItem","position":1,"name":"Home","item":"https:\/\/macabro.mx\/"},{"@type":"ListItem","position":2,"name":"Diario Macabro","item":"https:\/\/macabro.mx\/category\/diario-macabro\/"},{"@type":"ListItem","position":3,"name":"#MacabroFICH presente en Nox Film Festival de Uruguay"}]},{"@type":"WebSite","@id":"https:\/\/macabro.mx\/#website","url":"https:\/\/macabro.mx\/","name":"Macabro","description":"Festival Internacional de Cine de Horror","publisher":{"@id":"https:\/\/macabro.mx\/#organization"},"potentialAction":[{"@type":"SearchAction","target":{"@type":"EntryPoint","urlTemplate":"https:\/\/macabro.mx\/?s={search_term_string}"},"query-input":{"@type":"PropertyValueSpecification","valueRequired":true,"valueName":"search_term_string"}}],"inLanguage":"en-US"},{"@type":"Organization","@id":"https:\/\/macabro.mx\/#organization","name":"Macabro Film Festival 2025","url":"https:\/\/macabro.mx\/","logo":{"@type":"ImageObject","inLanguage":"en-US","@id":"https:\/\/macabro.mx\/#\/schema\/logo\/image\/","url":"https:\/\/macabro.mx\/wp-content\/uploads\/2020\/11\/logo-macabro.png","contentUrl":"https:\/\/macabro.mx\/wp-content\/uploads\/2020\/11\/logo-macabro.png","width":870,"height":336,"caption":"Macabro Film Festival 2025"},"image":{"@id":"https:\/\/macabro.mx\/#\/schema\/logo\/image\/"},"sameAs":["https:\/\/www.facebook.com\/MacabroFICH","https:\/\/x.com\/MacabroFICH","https:\/\/www.instagram.com\/macabrofich\/","https:\/\/www.youtube.com\/user\/macabrofest"]},{"@type":"Person","@id":"https:\/\/macabro.mx\/#\/schema\/person\/cb1d7e57b8371a3558481dab1425691d","name":"Diario Macabro","image":{"@type":"ImageObject","inLanguage":"en-US","@id":"https:\/\/secure.gravatar.com\/avatar\/c503ddb7b9ab82ba0cd034365e426a9406aee5285d5579fbb648e22029e78d98?s=96&d=mm&r=g","url":"https:\/\/secure.gravatar.com\/avatar\/c503ddb7b9ab82ba0cd034365e426a9406aee5285d5579fbb648e22029e78d98?s=96&d=mm&r=g","contentUrl":"https:\/\/secure.gravatar.com\/avatar\/c503ddb7b9ab82ba0cd034365e426a9406aee5285d5579fbb648e22029e78d98?s=96&d=mm&r=g","caption":"Diario Macabro"},"url":"https:\/\/macabro.mx\/en\/author\/diario-macabro\/"}]}},"_links":{"self":[{"href":"https:\/\/macabro.mx\/en\/wp-json\/wp\/v2\/posts\/1840","targetHints":{"allow":["GET"]}}],"collection":[{"href":"https:\/\/macabro.mx\/en\/wp-json\/wp\/v2\/posts"}],"about":[{"href":"https:\/\/macabro.mx\/en\/wp-json\/wp\/v2\/types\/post"}],"author":[{"embeddable":true,"href":"https:\/\/macabro.mx\/en\/wp-json\/wp\/v2\/users\/2"}],"replies":[{"embeddable":true,"href":"https:\/\/macabro.mx\/en\/wp-json\/wp\/v2\/comments?post=1840"}],"version-history":[{"count":5,"href":"https:\/\/macabro.mx\/en\/wp-json\/wp\/v2\/posts\/1840\/revisions"}],"predecessor-version":[{"id":1851,"href":"https:\/\/macabro.mx\/en\/wp-json\/wp\/v2\/posts\/1840\/revisions\/1851"}],"wp:featuredmedia":[{"embeddable":true,"href":"https:\/\/macabro.mx\/en\/wp-json\/wp\/v2\/media\/1848"}],"wp:attachment":[{"href":"https:\/\/macabro.mx\/en\/wp-json\/wp\/v2\/media?parent=1840"}],"wp:term":[{"taxonomy":"category","embeddable":true,"href":"https:\/\/macabro.mx\/en\/wp-json\/wp\/v2\/categories?post=1840"},{"taxonomy":"post_tag","embeddable":true,"href":"https:\/\/macabro.mx\/en\/wp-json\/wp\/v2\/tags?post=1840"},{"taxonomy":"festival_year","embeddable":true,"href":"https:\/\/macabro.mx\/en\/wp-json\/wp\/v2\/festival_year?post=1840"}],"curies":[{"name":"wp","href":"https:\/\/api.w.org\/{rel}","templated":true}]}}