{"id":2001,"date":"2017-04-30T19:33:16","date_gmt":"2017-05-01T00:33:16","guid":{"rendered":"https:\/\/macabro.mx\/?p=2001"},"modified":"2017-04-30T19:33:16","modified_gmt":"2017-05-01T00:33:16","slug":"animacion-para-ninos-y-no-tan-ninos-over-the-garden-wall","status":"publish","type":"post","link":"https:\/\/macabro.mx\/en\/animacion-para-ninos-y-no-tan-ninos-over-the-garden-wall\/","title":{"rendered":"Animaci\u00f3n para ni\u00f1os (y no tan ni\u00f1os): Over the garden wall"},"content":{"rendered":"<p>Por: Diego Vilchis (@silens_aeternum)<\/p>\n<p><img loading=\"lazy\" decoding=\"async\" width=\"402\" height=\"293\" class=\"alignnone size-full wp-image-2004 aligncenter\" src=\"https:\/\/macabro.mx\/wp-content\/uploads\/2017\/04\/The_Beast_Over_the_Garden_Wall.jpg\" alt=\"The_Beast_(Over_the_Garden_Wall)\" srcset=\"https:\/\/macabro.mx\/wp-content\/uploads\/2017\/04\/The_Beast_Over_the_Garden_Wall.jpg 402w, https:\/\/macabro.mx\/wp-content\/uploads\/2017\/04\/The_Beast_Over_the_Garden_Wall-250x182.jpg 250w, https:\/\/macabro.mx\/wp-content\/uploads\/2017\/04\/The_Beast_Over_the_Garden_Wall-120x87.jpg 120w\" sizes=\"auto, (max-width: 402px) 100vw, 402px\" \/><\/p>\n<p style=\"text-align: left;\"><span style=\"color: #ff0000;\">*SPOILER ALERT*<\/span><\/p>\n<p>Perdidos en el paraje boscoso de <em>Lo desconocido <\/em>\u2013 nombre de la regi\u00f3n &#8211; , un joven llamado Wirt y su peque\u00f1o hermano Greg buscan el camino de vuelta a casa. A trav\u00e9s de lugares peculiares y personajes enigm\u00e1ticos, ambos atraviesan el grande y l\u00fagubre bosque procurando escapar de la siniestra figura de <em>La bestia<\/em>, quien busca retenerlos.<\/p>\n<p>A grandes rasgos esta es la trama de <em>Over the garden wall<\/em> (<em>M\u00e1s all\u00e1 del jard\u00edn,<\/em> para Latinoam\u00e9rica), serie animada de Cartoon Network y creada en 2014 por Patrick McHale, otrora integrante de la primera generaci\u00f3n de escritores de <em>Adventure time<\/em>, y en cuyo elenco figura Elijah Wood como la voz del personaje Wirt.<\/p>\n<p>No es de extra\u00f1arse que estemos ante un repunte de series animadas y caricaturas cuya caracter\u00edstica sea el buen trabajo en los argumentos que la historia ofrece. Muestra de ello son los frutos que ha rendido <em>Adventure time<\/em> \u2013 esa gran apuesta de Cartoon, de opiniones divididas pero gran trayectoria &#8211; , como <em>Steven Universe<\/em>, de Rebecca Sugar, y por supuesto esta miniserie de diez episodios en cuyos aspectos se encuentran una est\u00e9tica oscura, roces con lo tenebroso y lo f\u00fanebre, y por supuesto, cruces con lo sobrenatural.<\/p>\n<p>No dejamos de lado el hecho de que est\u00e1 dirigida a un p\u00fablico infantil, pero no quita ciertos elementos cuyo trasfondo narrativo resultan inquietantes. Lo podemos ver a lo largo de la historia: el arribo de los hermanos a Pottsfield en el segundo episodio,\u00a0 y el encuentro que tienen con sus habitantes durante la fiesta de la cosecha (un gui\u00f1o al <em>folk horror<\/em>), as\u00ed como el di\u00e1logo con el \u2018l\u00edder\u2019 del pueblo \u2013 por as\u00ed decirlo \u2013al final; su refugio en una casa solitaria donde una joven y su t\u00eda \u2013 de apariencia grotesca \u2013 que la controla con el repicar de una campana tiene un giro que culmina en una peque\u00f1a historia de terror; el sue\u00f1o de Greg en el octavo episodio no s\u00f3lo termina con una intriga, sino que se puede hallar, a trav\u00e9s de la iconograf\u00eda de ciertos personajes, un hecho o dato macabro de relevancia relacionado con el antagonista.<\/p>\n<p>Otro elemento fascinante, por supuesto, lo representa <em>La bestia<\/em>. Introducido por el le\u00f1ador durante el primer episodio en una advertencia a Wirt y Greg, el personaje siniestro se desenvuelve por sus intenciones hacia los personajes principales: quiere mantenerlos perdidos en <em>Lo desconocido<\/em>. Durante la historia se sabe que <em>La bestia<\/em> se alimenta de almas perdidas, despoj\u00e1ndolas de toda esperanza hasta que se convierten en \u00e1rboles del bosque. El le\u00f1ador, de hecho, ha perdido a su hija, y para mantener viva su alma, debe alimentar el fuego de una l\u00e1mpara que la entidad le ofrece, con ramas de los \u00e1rboles de Edelwood \u2013 de gran importancia en la historia. Su apariencia, una silueta oscura de ojos luminosos, recuerda al Wendigo del folklore norteamericano.<\/p>\n<p>Las interpretaciones sobre lo que representa la serie deben verse a trav\u00e9s de los personajes y sus interacciones; lo cierto es que por su nombre, <em>Lo desconocido<\/em> \u00a0puede parecer una especie de limbo, un paisaje confuso y misterioso sin principio ni fin, inmutable, una jaula et\u00e9rea donde no hay retorno: ah\u00ed dentro aguarda un destino oscuro, entre las manos de su verdugo. Uno no va a esperar encontrarse con todo esto de golpe: habr\u00e1 que buscarle una o dos capas bajo la superficie para poder disfrutarlo.<\/p>\n<p>No deja de ser una serie dirigida al p\u00fablico infantil: encontramos partes musicales, animales parlantes y varios momentos con comedia ligera. No obstante, <em>Over the garden wall<\/em> es un gran cuento narrado durante una noche de brujas. Uno muy fant\u00e1stico, y, a veces, tenebroso.<\/p>\n<p><img loading=\"lazy\" decoding=\"async\" width=\"700\" height=\"438\" class=\"alignnone size-large wp-image-2002 aligncenter\" src=\"https:\/\/macabro.mx\/wp-content\/uploads\/2017\/04\/overthegardenwall3-700x438.png\" alt=\"overthegardenwall3\" srcset=\"https:\/\/macabro.mx\/wp-content\/uploads\/2017\/04\/overthegardenwall3-700x438.png 700w, https:\/\/macabro.mx\/wp-content\/uploads\/2017\/04\/overthegardenwall3-250x156.png 250w, https:\/\/macabro.mx\/wp-content\/uploads\/2017\/04\/overthegardenwall3-768x480.png 768w, https:\/\/macabro.mx\/wp-content\/uploads\/2017\/04\/overthegardenwall3-120x75.png 120w, https:\/\/macabro.mx\/wp-content\/uploads\/2017\/04\/overthegardenwall3.png 1024w\" sizes=\"auto, (max-width: 700px) 100vw, 700px\" \/><\/p>\n<p>&nbsp;<\/p>","protected":false},"excerpt":{"rendered":"Por: Diego Vilchis (@silens_aeternum) *SPOILER ALERT* Perdidos en el paraje boscoso de Lo desconocido \u2013 nombre de la regi\u00f3n &#8211; , un joven llamado Wirt y su peque\u00f1o hermano Greg buscan el camino de vuelta a casa. A trav\u00e9s de lugares peculiares y personajes enigm\u00e1ticos, ambos atraviesan el grande y l\u00fagubre bosque procurando escapar de","protected":false},"author":2,"featured_media":2003,"comment_status":"open","ping_status":"open","sticky":false,"template":"","format":"standard","meta":{"_acf_changed":false,"footnotes":""},"categories":[2],"tags":[434,435,348,436,437,23,54,439,438,440,433,441],"festival_year":[],"class_list":["post-2001","post","type-post","status-publish","format-standard","has-post-thumbnail","hentry","category-diario-macabro","tag-animation-series","tag-cartoon-network","tag-diario-macabro","tag-elijah-wood","tag-la-bestia","tag-macabro-fich","tag-macabro-film-festival","tag-mas-alla-del-jardin","tag-over-the-garden-wall","tag-resenas-series","tag-series-animadas","tag-series-para-ninos"],"acf":[],"yoast_head":"<!-- This site is optimized with the Yoast SEO plugin v27.2 - https:\/\/yoast.com\/product\/yoast-seo-wordpress\/ -->\n<title>Animaci\u00f3n para ni\u00f1os (y no tan ni\u00f1os): Over the garden wall | Macabro<\/title>\n<meta name=\"robots\" content=\"index, follow, max-snippet:-1, max-image-preview:large, max-video-preview:-1\" \/>\n<link rel=\"canonical\" href=\"https:\/\/macabro.mx\/en\/animacion-para-ninos-y-no-tan-ninos-over-the-garden-wall\/\" \/>\n<meta property=\"og:locale\" content=\"en_US\" \/>\n<meta property=\"og:type\" content=\"article\" \/>\n<meta property=\"og:title\" content=\"Animaci\u00f3n para ni\u00f1os (y no tan ni\u00f1os): Over the garden wall | Macabro\" \/>\n<meta property=\"og:description\" content=\"Por: Diego Vilchis (@silens_aeternum) *SPOILER ALERT* Perdidos en el paraje boscoso de Lo desconocido \u2013 nombre de la regi\u00f3n &#8211; , un joven llamado Wirt y su peque\u00f1o hermano Greg buscan el camino de vuelta a casa. A trav\u00e9s de lugares peculiares y personajes enigm\u00e1ticos, ambos atraviesan el grande y l\u00fagubre bosque procurando escapar de\" \/>\n<meta property=\"og:url\" content=\"https:\/\/macabro.mx\/en\/animacion-para-ninos-y-no-tan-ninos-over-the-garden-wall\/\" \/>\n<meta property=\"og:site_name\" content=\"Macabro\" \/>\n<meta property=\"article:publisher\" content=\"https:\/\/www.facebook.com\/MacabroFICH\" \/>\n<meta property=\"article:published_time\" content=\"2017-05-01T00:33:16+00:00\" \/>\n<meta property=\"og:image\" content=\"https:\/\/macabro.mx\/wp-content\/uploads\/2017\/04\/overthegardenwall1.jpg\" \/>\n\t<meta property=\"og:image:width\" content=\"425\" \/>\n\t<meta property=\"og:image:height\" content=\"750\" \/>\n\t<meta property=\"og:image:type\" content=\"image\/jpeg\" \/>\n<meta name=\"author\" content=\"Diario Macabro\" \/>\n<meta name=\"twitter:card\" content=\"summary_large_image\" \/>\n<meta name=\"twitter:creator\" content=\"@MacabroFICH\" \/>\n<meta name=\"twitter:site\" content=\"@MacabroFICH\" \/>\n<meta name=\"twitter:label1\" content=\"Written by\" \/>\n\t<meta name=\"twitter:data1\" content=\"Diario Macabro\" \/>\n\t<meta name=\"twitter:label2\" content=\"Est. reading time\" \/>\n\t<meta name=\"twitter:data2\" content=\"3 minutes\" \/>\n<script type=\"application\/ld+json\" class=\"yoast-schema-graph\">{\"@context\":\"https:\/\/schema.org\",\"@graph\":[{\"@type\":\"Article\",\"@id\":\"https:\/\/macabro.mx\/animacion-para-ninos-y-no-tan-ninos-over-the-garden-wall\/#article\",\"isPartOf\":{\"@id\":\"https:\/\/macabro.mx\/animacion-para-ninos-y-no-tan-ninos-over-the-garden-wall\/\"},\"author\":{\"name\":\"Diario Macabro\",\"@id\":\"https:\/\/macabro.mx\/#\/schema\/person\/cb1d7e57b8371a3558481dab1425691d\"},\"headline\":\"Animaci\u00f3n para ni\u00f1os (y no tan ni\u00f1os): Over the garden wall\",\"datePublished\":\"2017-05-01T00:33:16+00:00\",\"mainEntityOfPage\":{\"@id\":\"https:\/\/macabro.mx\/animacion-para-ninos-y-no-tan-ninos-over-the-garden-wall\/\"},\"wordCount\":649,\"commentCount\":0,\"publisher\":{\"@id\":\"https:\/\/macabro.mx\/#organization\"},\"image\":{\"@id\":\"https:\/\/macabro.mx\/animacion-para-ninos-y-no-tan-ninos-over-the-garden-wall\/#primaryimage\"},\"thumbnailUrl\":\"https:\/\/macabro.mx\/wp-content\/uploads\/2017\/04\/overthegardenwall1.jpg\",\"keywords\":[\"Animation series\",\"Cartoon Network\",\"Diario Macabro\",\"Elijah Wood\",\"La bestia\",\"Macabro FICH\",\"Macabro Film Festival\",\"Mas alla del jardin\",\"Over the garden wall\",\"Rese\u00f1as series\",\"Series animadas\",\"Series para ni\u00f1os\"],\"articleSection\":[\"Diario Macabro\"],\"inLanguage\":\"en-US\",\"potentialAction\":[{\"@type\":\"CommentAction\",\"name\":\"Comment\",\"target\":[\"https:\/\/macabro.mx\/animacion-para-ninos-y-no-tan-ninos-over-the-garden-wall\/#respond\"]}]},{\"@type\":\"WebPage\",\"@id\":\"https:\/\/macabro.mx\/animacion-para-ninos-y-no-tan-ninos-over-the-garden-wall\/\",\"url\":\"https:\/\/macabro.mx\/animacion-para-ninos-y-no-tan-ninos-over-the-garden-wall\/\",\"name\":\"Animaci\u00f3n para ni\u00f1os (y no tan ni\u00f1os): Over the garden wall | Macabro\",\"isPartOf\":{\"@id\":\"https:\/\/macabro.mx\/#website\"},\"primaryImageOfPage\":{\"@id\":\"https:\/\/macabro.mx\/animacion-para-ninos-y-no-tan-ninos-over-the-garden-wall\/#primaryimage\"},\"image\":{\"@id\":\"https:\/\/macabro.mx\/animacion-para-ninos-y-no-tan-ninos-over-the-garden-wall\/#primaryimage\"},\"thumbnailUrl\":\"https:\/\/macabro.mx\/wp-content\/uploads\/2017\/04\/overthegardenwall1.jpg\",\"datePublished\":\"2017-05-01T00:33:16+00:00\",\"breadcrumb\":{\"@id\":\"https:\/\/macabro.mx\/animacion-para-ninos-y-no-tan-ninos-over-the-garden-wall\/#breadcrumb\"},\"inLanguage\":\"en-US\",\"potentialAction\":[{\"@type\":\"ReadAction\",\"target\":[\"https:\/\/macabro.mx\/animacion-para-ninos-y-no-tan-ninos-over-the-garden-wall\/\"]}]},{\"@type\":\"ImageObject\",\"inLanguage\":\"en-US\",\"@id\":\"https:\/\/macabro.mx\/animacion-para-ninos-y-no-tan-ninos-over-the-garden-wall\/#primaryimage\",\"url\":\"https:\/\/macabro.mx\/wp-content\/uploads\/2017\/04\/overthegardenwall1.jpg\",\"contentUrl\":\"https:\/\/macabro.mx\/wp-content\/uploads\/2017\/04\/overthegardenwall1.jpg\",\"width\":425,\"height\":750},{\"@type\":\"BreadcrumbList\",\"@id\":\"https:\/\/macabro.mx\/animacion-para-ninos-y-no-tan-ninos-over-the-garden-wall\/#breadcrumb\",\"itemListElement\":[{\"@type\":\"ListItem\",\"position\":1,\"name\":\"Home\",\"item\":\"https:\/\/macabro.mx\/\"},{\"@type\":\"ListItem\",\"position\":2,\"name\":\"Diario Macabro\",\"item\":\"https:\/\/macabro.mx\/category\/diario-macabro\/\"},{\"@type\":\"ListItem\",\"position\":3,\"name\":\"Animaci\u00f3n para ni\u00f1os (y no tan ni\u00f1os): Over the garden wall\"}]},{\"@type\":\"WebSite\",\"@id\":\"https:\/\/macabro.mx\/#website\",\"url\":\"https:\/\/macabro.mx\/\",\"name\":\"Macabro\",\"description\":\"Festival Internacional de Cine de Horror\",\"publisher\":{\"@id\":\"https:\/\/macabro.mx\/#organization\"},\"potentialAction\":[{\"@type\":\"SearchAction\",\"target\":{\"@type\":\"EntryPoint\",\"urlTemplate\":\"https:\/\/macabro.mx\/?s={search_term_string}\"},\"query-input\":{\"@type\":\"PropertyValueSpecification\",\"valueRequired\":true,\"valueName\":\"search_term_string\"}}],\"inLanguage\":\"en-US\"},{\"@type\":\"Organization\",\"@id\":\"https:\/\/macabro.mx\/#organization\",\"name\":\"Macabro Film Festival 2025\",\"url\":\"https:\/\/macabro.mx\/\",\"logo\":{\"@type\":\"ImageObject\",\"inLanguage\":\"en-US\",\"@id\":\"https:\/\/macabro.mx\/#\/schema\/logo\/image\/\",\"url\":\"https:\/\/macabro.mx\/wp-content\/uploads\/2020\/11\/logo-macabro.png\",\"contentUrl\":\"https:\/\/macabro.mx\/wp-content\/uploads\/2020\/11\/logo-macabro.png\",\"width\":870,\"height\":336,\"caption\":\"Macabro Film Festival 2025\"},\"image\":{\"@id\":\"https:\/\/macabro.mx\/#\/schema\/logo\/image\/\"},\"sameAs\":[\"https:\/\/www.facebook.com\/MacabroFICH\",\"https:\/\/x.com\/MacabroFICH\",\"https:\/\/www.instagram.com\/macabrofich\/\",\"https:\/\/www.youtube.com\/user\/macabrofest\"]},{\"@type\":\"Person\",\"@id\":\"https:\/\/macabro.mx\/#\/schema\/person\/cb1d7e57b8371a3558481dab1425691d\",\"name\":\"Diario Macabro\",\"image\":{\"@type\":\"ImageObject\",\"inLanguage\":\"en-US\",\"@id\":\"https:\/\/secure.gravatar.com\/avatar\/c503ddb7b9ab82ba0cd034365e426a9406aee5285d5579fbb648e22029e78d98?s=96&d=mm&r=g\",\"url\":\"https:\/\/secure.gravatar.com\/avatar\/c503ddb7b9ab82ba0cd034365e426a9406aee5285d5579fbb648e22029e78d98?s=96&d=mm&r=g\",\"contentUrl\":\"https:\/\/secure.gravatar.com\/avatar\/c503ddb7b9ab82ba0cd034365e426a9406aee5285d5579fbb648e22029e78d98?s=96&d=mm&r=g\",\"caption\":\"Diario Macabro\"},\"url\":\"https:\/\/macabro.mx\/en\/author\/diario-macabro\/\"}]}<\/script>\n<!-- \/ Yoast SEO plugin. -->","yoast_head_json":{"title":"Animaci\u00f3n para ni\u00f1os (y no tan ni\u00f1os): Over the garden wall | Macabro","robots":{"index":"index","follow":"follow","max-snippet":"max-snippet:-1","max-image-preview":"max-image-preview:large","max-video-preview":"max-video-preview:-1"},"canonical":"https:\/\/macabro.mx\/en\/animacion-para-ninos-y-no-tan-ninos-over-the-garden-wall\/","og_locale":"en_US","og_type":"article","og_title":"Animaci\u00f3n para ni\u00f1os (y no tan ni\u00f1os): Over the garden wall | Macabro","og_description":"Por: Diego Vilchis (@silens_aeternum) *SPOILER ALERT* Perdidos en el paraje boscoso de Lo desconocido \u2013 nombre de la regi\u00f3n &#8211; , un joven llamado Wirt y su peque\u00f1o hermano Greg buscan el camino de vuelta a casa. A trav\u00e9s de lugares peculiares y personajes enigm\u00e1ticos, ambos atraviesan el grande y l\u00fagubre bosque procurando escapar de","og_url":"https:\/\/macabro.mx\/en\/animacion-para-ninos-y-no-tan-ninos-over-the-garden-wall\/","og_site_name":"Macabro","article_publisher":"https:\/\/www.facebook.com\/MacabroFICH","article_published_time":"2017-05-01T00:33:16+00:00","og_image":[{"width":425,"height":750,"url":"https:\/\/macabro.mx\/wp-content\/uploads\/2017\/04\/overthegardenwall1.jpg","type":"image\/jpeg"}],"author":"Diario Macabro","twitter_card":"summary_large_image","twitter_creator":"@MacabroFICH","twitter_site":"@MacabroFICH","twitter_misc":{"Written by":"Diario Macabro","Est. reading time":"3 minutes"},"schema":{"@context":"https:\/\/schema.org","@graph":[{"@type":"Article","@id":"https:\/\/macabro.mx\/animacion-para-ninos-y-no-tan-ninos-over-the-garden-wall\/#article","isPartOf":{"@id":"https:\/\/macabro.mx\/animacion-para-ninos-y-no-tan-ninos-over-the-garden-wall\/"},"author":{"name":"Diario Macabro","@id":"https:\/\/macabro.mx\/#\/schema\/person\/cb1d7e57b8371a3558481dab1425691d"},"headline":"Animaci\u00f3n para ni\u00f1os (y no tan ni\u00f1os): Over the garden wall","datePublished":"2017-05-01T00:33:16+00:00","mainEntityOfPage":{"@id":"https:\/\/macabro.mx\/animacion-para-ninos-y-no-tan-ninos-over-the-garden-wall\/"},"wordCount":649,"commentCount":0,"publisher":{"@id":"https:\/\/macabro.mx\/#organization"},"image":{"@id":"https:\/\/macabro.mx\/animacion-para-ninos-y-no-tan-ninos-over-the-garden-wall\/#primaryimage"},"thumbnailUrl":"https:\/\/macabro.mx\/wp-content\/uploads\/2017\/04\/overthegardenwall1.jpg","keywords":["Animation series","Cartoon Network","Diario Macabro","Elijah Wood","La bestia","Macabro FICH","Macabro Film Festival","Mas alla del jardin","Over the garden wall","Rese\u00f1as series","Series animadas","Series para ni\u00f1os"],"articleSection":["Diario Macabro"],"inLanguage":"en-US","potentialAction":[{"@type":"CommentAction","name":"Comment","target":["https:\/\/macabro.mx\/animacion-para-ninos-y-no-tan-ninos-over-the-garden-wall\/#respond"]}]},{"@type":"WebPage","@id":"https:\/\/macabro.mx\/animacion-para-ninos-y-no-tan-ninos-over-the-garden-wall\/","url":"https:\/\/macabro.mx\/animacion-para-ninos-y-no-tan-ninos-over-the-garden-wall\/","name":"Animaci\u00f3n para ni\u00f1os (y no tan ni\u00f1os): Over the garden wall | Macabro","isPartOf":{"@id":"https:\/\/macabro.mx\/#website"},"primaryImageOfPage":{"@id":"https:\/\/macabro.mx\/animacion-para-ninos-y-no-tan-ninos-over-the-garden-wall\/#primaryimage"},"image":{"@id":"https:\/\/macabro.mx\/animacion-para-ninos-y-no-tan-ninos-over-the-garden-wall\/#primaryimage"},"thumbnailUrl":"https:\/\/macabro.mx\/wp-content\/uploads\/2017\/04\/overthegardenwall1.jpg","datePublished":"2017-05-01T00:33:16+00:00","breadcrumb":{"@id":"https:\/\/macabro.mx\/animacion-para-ninos-y-no-tan-ninos-over-the-garden-wall\/#breadcrumb"},"inLanguage":"en-US","potentialAction":[{"@type":"ReadAction","target":["https:\/\/macabro.mx\/animacion-para-ninos-y-no-tan-ninos-over-the-garden-wall\/"]}]},{"@type":"ImageObject","inLanguage":"en-US","@id":"https:\/\/macabro.mx\/animacion-para-ninos-y-no-tan-ninos-over-the-garden-wall\/#primaryimage","url":"https:\/\/macabro.mx\/wp-content\/uploads\/2017\/04\/overthegardenwall1.jpg","contentUrl":"https:\/\/macabro.mx\/wp-content\/uploads\/2017\/04\/overthegardenwall1.jpg","width":425,"height":750},{"@type":"BreadcrumbList","@id":"https:\/\/macabro.mx\/animacion-para-ninos-y-no-tan-ninos-over-the-garden-wall\/#breadcrumb","itemListElement":[{"@type":"ListItem","position":1,"name":"Home","item":"https:\/\/macabro.mx\/"},{"@type":"ListItem","position":2,"name":"Diario Macabro","item":"https:\/\/macabro.mx\/category\/diario-macabro\/"},{"@type":"ListItem","position":3,"name":"Animaci\u00f3n para ni\u00f1os (y no tan ni\u00f1os): Over the garden wall"}]},{"@type":"WebSite","@id":"https:\/\/macabro.mx\/#website","url":"https:\/\/macabro.mx\/","name":"Macabro","description":"Festival Internacional de Cine de Horror","publisher":{"@id":"https:\/\/macabro.mx\/#organization"},"potentialAction":[{"@type":"SearchAction","target":{"@type":"EntryPoint","urlTemplate":"https:\/\/macabro.mx\/?s={search_term_string}"},"query-input":{"@type":"PropertyValueSpecification","valueRequired":true,"valueName":"search_term_string"}}],"inLanguage":"en-US"},{"@type":"Organization","@id":"https:\/\/macabro.mx\/#organization","name":"Macabro Film Festival 2025","url":"https:\/\/macabro.mx\/","logo":{"@type":"ImageObject","inLanguage":"en-US","@id":"https:\/\/macabro.mx\/#\/schema\/logo\/image\/","url":"https:\/\/macabro.mx\/wp-content\/uploads\/2020\/11\/logo-macabro.png","contentUrl":"https:\/\/macabro.mx\/wp-content\/uploads\/2020\/11\/logo-macabro.png","width":870,"height":336,"caption":"Macabro Film Festival 2025"},"image":{"@id":"https:\/\/macabro.mx\/#\/schema\/logo\/image\/"},"sameAs":["https:\/\/www.facebook.com\/MacabroFICH","https:\/\/x.com\/MacabroFICH","https:\/\/www.instagram.com\/macabrofich\/","https:\/\/www.youtube.com\/user\/macabrofest"]},{"@type":"Person","@id":"https:\/\/macabro.mx\/#\/schema\/person\/cb1d7e57b8371a3558481dab1425691d","name":"Diario Macabro","image":{"@type":"ImageObject","inLanguage":"en-US","@id":"https:\/\/secure.gravatar.com\/avatar\/c503ddb7b9ab82ba0cd034365e426a9406aee5285d5579fbb648e22029e78d98?s=96&d=mm&r=g","url":"https:\/\/secure.gravatar.com\/avatar\/c503ddb7b9ab82ba0cd034365e426a9406aee5285d5579fbb648e22029e78d98?s=96&d=mm&r=g","contentUrl":"https:\/\/secure.gravatar.com\/avatar\/c503ddb7b9ab82ba0cd034365e426a9406aee5285d5579fbb648e22029e78d98?s=96&d=mm&r=g","caption":"Diario Macabro"},"url":"https:\/\/macabro.mx\/en\/author\/diario-macabro\/"}]}},"_links":{"self":[{"href":"https:\/\/macabro.mx\/en\/wp-json\/wp\/v2\/posts\/2001","targetHints":{"allow":["GET"]}}],"collection":[{"href":"https:\/\/macabro.mx\/en\/wp-json\/wp\/v2\/posts"}],"about":[{"href":"https:\/\/macabro.mx\/en\/wp-json\/wp\/v2\/types\/post"}],"author":[{"embeddable":true,"href":"https:\/\/macabro.mx\/en\/wp-json\/wp\/v2\/users\/2"}],"replies":[{"embeddable":true,"href":"https:\/\/macabro.mx\/en\/wp-json\/wp\/v2\/comments?post=2001"}],"version-history":[{"count":2,"href":"https:\/\/macabro.mx\/en\/wp-json\/wp\/v2\/posts\/2001\/revisions"}],"predecessor-version":[{"id":2006,"href":"https:\/\/macabro.mx\/en\/wp-json\/wp\/v2\/posts\/2001\/revisions\/2006"}],"wp:featuredmedia":[{"embeddable":true,"href":"https:\/\/macabro.mx\/en\/wp-json\/wp\/v2\/media\/2003"}],"wp:attachment":[{"href":"https:\/\/macabro.mx\/en\/wp-json\/wp\/v2\/media?parent=2001"}],"wp:term":[{"taxonomy":"category","embeddable":true,"href":"https:\/\/macabro.mx\/en\/wp-json\/wp\/v2\/categories?post=2001"},{"taxonomy":"post_tag","embeddable":true,"href":"https:\/\/macabro.mx\/en\/wp-json\/wp\/v2\/tags?post=2001"},{"taxonomy":"festival_year","embeddable":true,"href":"https:\/\/macabro.mx\/en\/wp-json\/wp\/v2\/festival_year?post=2001"}],"curies":[{"name":"wp","href":"https:\/\/api.w.org\/{rel}","templated":true}]}}