{"id":2221,"date":"2017-10-06T14:27:12","date_gmt":"2017-10-06T19:27:12","guid":{"rendered":"https:\/\/macabro.mx\/?p=2221"},"modified":"2017-10-06T14:27:12","modified_gmt":"2017-10-06T19:27:12","slug":"macabrorecomienda-la-posesion-de-veronica","status":"publish","type":"post","link":"https:\/\/macabro.mx\/en\/macabrorecomienda-la-posesion-de-veronica\/","title":{"rendered":"#MacabroRecomienda: La posesi\u00f3n de Ver\u00f3nica"},"content":{"rendered":"<p>Paco Plaza, uno de los integrantes del d\u00fao creativo detr\u00e1s de la exitosa saga espa\u00f1ola de zombies,\u00a0<em>REC<\/em>, est\u00e1 de vuelta a las pantallas con la historia de Ver\u00f3nica, una pel\u00edcula que transita del melodrama familiar al fen\u00f3meno paranormal con gran acierto.<\/p>\n<p>La pel\u00edcula cuenta la historia de Ver\u00f3nica, una adolescente que tiene que hacerse cargo de sus tres hermanos peque\u00f1os, su padre ha muerto y su madre trabaja todo el d\u00eda. Basada en el \u00fanico informe policial que registra un fen\u00f3meno paranormal como aparente causa de un crimen en Madrid, Paco Plaza muestra su estilo con una narraci\u00f3n que nos lleva a la claustrofobia y desesperaci\u00f3n que vive Ver\u00f3nica en su espacio dom\u00e9stico, corriendo de un lado a otro por un pasillo que divide y conecta las diferentes habitaciones donde se desarrolla el fen\u00f3meno poltergeist, provocado por ella misma al tratar de llamar a su padre a trav\u00e9s de una sesi\u00f3n con una ouija.<\/p>\n<p>Destacan las actuaciones de Sandra Escacena como Ver\u00f3nica y los ni\u00f1os, Bruna Gonz\u00e1lez, Claudia Placer e Iv\u00e1n Chavero sobre el maquillaje de la criatura que pone en peligro sus vidas y que con sus apariciones rompe la tensi\u00f3n lograda\u00a0a trav\u00e9s de sonidos incidentales y la m\u00fasica. Menci\u00f3n aparte merece la utilizaci\u00f3n de &#8220;Maldito Duende&#8221; del legendario grupo de rock espa\u00f1ol, <em>Heroes del silencio<\/em>, que no solo hace una gran presentaci\u00f3n del personaje principal, sino que establece el momento de la historia en los tempranos a\u00f1os 90.<\/p>\n<p>La posesi\u00f3n de Ver\u00f3nica es una pel\u00edcula que de gran entretenimiento para\u00a0 los amantes del g\u00e9nero de terror cl\u00e1sico, que se llevar\u00e1n a casa la pregunta si lo\u00a0que sucedi\u00f3 fue la consecuencia de un fen\u00f3meno paranormal o la locura de una adolescente atrapada en un drama dom\u00e9stico.<\/p>\n<p>La Posesi\u00f3n de Ver\u00f3nica (Paco Plaza, Espa\u00f1a, 2017) se exhibe en cartelera comercial a partir del 6 de octubre.<\/p>\n<p>Por @ednactenorio.<\/p>\n<p>&nbsp;<\/p>\n<p><iframe loading=\"lazy\" width=\"900\" height=\"506\" src=\"https:\/\/www.youtube.com\/embed\/PiFXVin-MLM?feature=oembed\" frameborder=\"0\" allowfullscreen><\/iframe><\/p>","protected":false},"excerpt":{"rendered":"Paco Plaza, uno de los integrantes del d\u00fao creativo detr\u00e1s de la exitosa saga espa\u00f1ola de zombies,\u00a0REC, est\u00e1 de vuelta a las pantallas con la historia de Ver\u00f3nica, una pel\u00edcula que transita del melodrama familiar al fen\u00f3meno paranormal con gran acierto. La pel\u00edcula cuenta la historia de Ver\u00f3nica, una adolescente que tiene que hacerse cargo","protected":false},"author":2,"featured_media":2223,"comment_status":"open","ping_status":"open","sticky":false,"template":"","format":"standard","meta":{"_acf_changed":false,"footnotes":""},"categories":[2],"tags":[557,20,215,556,48,553,23,54,514,555,554],"festival_year":[],"class_list":["post-2221","post","type-post","status-publish","format-standard","has-post-thumbnail","hentry","category-diario-macabro","tag-amarok-films","tag-cine-de-terror","tag-cine-espanol","tag-fenomenos-paranormales","tag-horror-films","tag-la-posesion-de-veronica","tag-macabro-fich","tag-macabro-film-festival","tag-paco-plaza","tag-poltergeist","tag-terror-espanol"],"acf":[],"yoast_head":"<!-- This site is optimized with the Yoast SEO plugin v27.2 - https:\/\/yoast.com\/product\/yoast-seo-wordpress\/ -->\n<title>#MacabroRecomienda: La posesi\u00f3n de Ver\u00f3nica | Macabro<\/title>\n<meta name=\"robots\" content=\"index, follow, max-snippet:-1, max-image-preview:large, max-video-preview:-1\" \/>\n<link rel=\"canonical\" href=\"https:\/\/macabro.mx\/en\/macabrorecomienda-la-posesion-de-veronica\/\" \/>\n<meta property=\"og:locale\" content=\"en_US\" \/>\n<meta property=\"og:type\" content=\"article\" \/>\n<meta property=\"og:title\" content=\"#MacabroRecomienda: La posesi\u00f3n de Ver\u00f3nica | Macabro\" \/>\n<meta property=\"og:description\" content=\"Paco Plaza, uno de los integrantes del d\u00fao creativo detr\u00e1s de la exitosa saga espa\u00f1ola de zombies,\u00a0REC, est\u00e1 de vuelta a las pantallas con la historia de Ver\u00f3nica, una pel\u00edcula que transita del melodrama familiar al fen\u00f3meno paranormal con gran acierto. La pel\u00edcula cuenta la historia de Ver\u00f3nica, una adolescente que tiene que hacerse cargo\" \/>\n<meta property=\"og:url\" content=\"https:\/\/macabro.mx\/en\/macabrorecomienda-la-posesion-de-veronica\/\" \/>\n<meta property=\"og:site_name\" content=\"Macabro\" \/>\n<meta property=\"article:publisher\" content=\"https:\/\/www.facebook.com\/MacabroFICH\" \/>\n<meta property=\"article:published_time\" content=\"2017-10-06T19:27:12+00:00\" \/>\n<meta property=\"og:image\" content=\"https:\/\/macabro.mx\/wp-content\/uploads\/2017\/10\/Poster_Ficha_2-211x300.jpg\" \/>\n\t<meta property=\"og:image:width\" content=\"211\" \/>\n\t<meta property=\"og:image:height\" content=\"300\" \/>\n\t<meta property=\"og:image:type\" content=\"image\/jpeg\" \/>\n<meta name=\"author\" content=\"Diario Macabro\" \/>\n<meta name=\"twitter:card\" content=\"summary_large_image\" \/>\n<meta name=\"twitter:creator\" content=\"@MacabroFICH\" \/>\n<meta name=\"twitter:site\" content=\"@MacabroFICH\" \/>\n<meta name=\"twitter:label1\" content=\"Written by\" \/>\n\t<meta name=\"twitter:data1\" content=\"Diario Macabro\" \/>\n\t<meta name=\"twitter:label2\" content=\"Est. reading time\" \/>\n\t<meta name=\"twitter:data2\" content=\"2 minutes\" \/>\n<script type=\"application\/ld+json\" class=\"yoast-schema-graph\">{\"@context\":\"https:\/\/schema.org\",\"@graph\":[{\"@type\":\"Article\",\"@id\":\"https:\/\/macabro.mx\/macabrorecomienda-la-posesion-de-veronica\/#article\",\"isPartOf\":{\"@id\":\"https:\/\/macabro.mx\/macabrorecomienda-la-posesion-de-veronica\/\"},\"author\":{\"name\":\"Diario Macabro\",\"@id\":\"https:\/\/macabro.mx\/#\/schema\/person\/cb1d7e57b8371a3558481dab1425691d\"},\"headline\":\"#MacabroRecomienda: La posesi\u00f3n de Ver\u00f3nica\",\"datePublished\":\"2017-10-06T19:27:12+00:00\",\"mainEntityOfPage\":{\"@id\":\"https:\/\/macabro.mx\/macabrorecomienda-la-posesion-de-veronica\/\"},\"wordCount\":361,\"commentCount\":0,\"publisher\":{\"@id\":\"https:\/\/macabro.mx\/#organization\"},\"image\":{\"@id\":\"https:\/\/macabro.mx\/macabrorecomienda-la-posesion-de-veronica\/#primaryimage\"},\"thumbnailUrl\":\"https:\/\/macabro.mx\/wp-content\/uploads\/2017\/10\/Poster_Ficha_2-211x300.jpg\",\"keywords\":[\"Amarok Films\",\"cine de terror\",\"Cine espa\u00f1ol\",\"Fenomenos paranormales\",\"Horror Films\",\"La posesion de Veronica\",\"Macabro FICH\",\"Macabro Film Festival\",\"Paco Plaza\",\"Poltergeist\",\"Terror espa\u00f1ol\"],\"articleSection\":[\"Diario Macabro\"],\"inLanguage\":\"en-US\",\"potentialAction\":[{\"@type\":\"CommentAction\",\"name\":\"Comment\",\"target\":[\"https:\/\/macabro.mx\/macabrorecomienda-la-posesion-de-veronica\/#respond\"]}]},{\"@type\":\"WebPage\",\"@id\":\"https:\/\/macabro.mx\/macabrorecomienda-la-posesion-de-veronica\/\",\"url\":\"https:\/\/macabro.mx\/macabrorecomienda-la-posesion-de-veronica\/\",\"name\":\"#MacabroRecomienda: La posesi\u00f3n de Ver\u00f3nica | Macabro\",\"isPartOf\":{\"@id\":\"https:\/\/macabro.mx\/#website\"},\"primaryImageOfPage\":{\"@id\":\"https:\/\/macabro.mx\/macabrorecomienda-la-posesion-de-veronica\/#primaryimage\"},\"image\":{\"@id\":\"https:\/\/macabro.mx\/macabrorecomienda-la-posesion-de-veronica\/#primaryimage\"},\"thumbnailUrl\":\"https:\/\/macabro.mx\/wp-content\/uploads\/2017\/10\/Poster_Ficha_2-211x300.jpg\",\"datePublished\":\"2017-10-06T19:27:12+00:00\",\"breadcrumb\":{\"@id\":\"https:\/\/macabro.mx\/macabrorecomienda-la-posesion-de-veronica\/#breadcrumb\"},\"inLanguage\":\"en-US\",\"potentialAction\":[{\"@type\":\"ReadAction\",\"target\":[\"https:\/\/macabro.mx\/macabrorecomienda-la-posesion-de-veronica\/\"]}]},{\"@type\":\"ImageObject\",\"inLanguage\":\"en-US\",\"@id\":\"https:\/\/macabro.mx\/macabrorecomienda-la-posesion-de-veronica\/#primaryimage\",\"url\":\"https:\/\/macabro.mx\/wp-content\/uploads\/2017\/10\/Poster_Ficha_2-211x300.jpg\",\"contentUrl\":\"https:\/\/macabro.mx\/wp-content\/uploads\/2017\/10\/Poster_Ficha_2-211x300.jpg\",\"width\":211,\"height\":300},{\"@type\":\"BreadcrumbList\",\"@id\":\"https:\/\/macabro.mx\/macabrorecomienda-la-posesion-de-veronica\/#breadcrumb\",\"itemListElement\":[{\"@type\":\"ListItem\",\"position\":1,\"name\":\"Home\",\"item\":\"https:\/\/macabro.mx\/\"},{\"@type\":\"ListItem\",\"position\":2,\"name\":\"Diario Macabro\",\"item\":\"https:\/\/macabro.mx\/category\/diario-macabro\/\"},{\"@type\":\"ListItem\",\"position\":3,\"name\":\"#MacabroRecomienda: La posesi\u00f3n de Ver\u00f3nica\"}]},{\"@type\":\"WebSite\",\"@id\":\"https:\/\/macabro.mx\/#website\",\"url\":\"https:\/\/macabro.mx\/\",\"name\":\"Macabro\",\"description\":\"Festival Internacional de Cine de Horror\",\"publisher\":{\"@id\":\"https:\/\/macabro.mx\/#organization\"},\"potentialAction\":[{\"@type\":\"SearchAction\",\"target\":{\"@type\":\"EntryPoint\",\"urlTemplate\":\"https:\/\/macabro.mx\/?s={search_term_string}\"},\"query-input\":{\"@type\":\"PropertyValueSpecification\",\"valueRequired\":true,\"valueName\":\"search_term_string\"}}],\"inLanguage\":\"en-US\"},{\"@type\":\"Organization\",\"@id\":\"https:\/\/macabro.mx\/#organization\",\"name\":\"Macabro Film Festival 2025\",\"url\":\"https:\/\/macabro.mx\/\",\"logo\":{\"@type\":\"ImageObject\",\"inLanguage\":\"en-US\",\"@id\":\"https:\/\/macabro.mx\/#\/schema\/logo\/image\/\",\"url\":\"https:\/\/macabro.mx\/wp-content\/uploads\/2020\/11\/logo-macabro.png\",\"contentUrl\":\"https:\/\/macabro.mx\/wp-content\/uploads\/2020\/11\/logo-macabro.png\",\"width\":870,\"height\":336,\"caption\":\"Macabro Film Festival 2025\"},\"image\":{\"@id\":\"https:\/\/macabro.mx\/#\/schema\/logo\/image\/\"},\"sameAs\":[\"https:\/\/www.facebook.com\/MacabroFICH\",\"https:\/\/x.com\/MacabroFICH\",\"https:\/\/www.instagram.com\/macabrofich\/\",\"https:\/\/www.youtube.com\/user\/macabrofest\"]},{\"@type\":\"Person\",\"@id\":\"https:\/\/macabro.mx\/#\/schema\/person\/cb1d7e57b8371a3558481dab1425691d\",\"name\":\"Diario Macabro\",\"image\":{\"@type\":\"ImageObject\",\"inLanguage\":\"en-US\",\"@id\":\"https:\/\/secure.gravatar.com\/avatar\/c503ddb7b9ab82ba0cd034365e426a9406aee5285d5579fbb648e22029e78d98?s=96&d=mm&r=g\",\"url\":\"https:\/\/secure.gravatar.com\/avatar\/c503ddb7b9ab82ba0cd034365e426a9406aee5285d5579fbb648e22029e78d98?s=96&d=mm&r=g\",\"contentUrl\":\"https:\/\/secure.gravatar.com\/avatar\/c503ddb7b9ab82ba0cd034365e426a9406aee5285d5579fbb648e22029e78d98?s=96&d=mm&r=g\",\"caption\":\"Diario Macabro\"},\"url\":\"https:\/\/macabro.mx\/en\/author\/diario-macabro\/\"}]}<\/script>\n<!-- \/ Yoast SEO plugin. -->","yoast_head_json":{"title":"#MacabroRecomienda: La posesi\u00f3n de Ver\u00f3nica | Macabro","robots":{"index":"index","follow":"follow","max-snippet":"max-snippet:-1","max-image-preview":"max-image-preview:large","max-video-preview":"max-video-preview:-1"},"canonical":"https:\/\/macabro.mx\/en\/macabrorecomienda-la-posesion-de-veronica\/","og_locale":"en_US","og_type":"article","og_title":"#MacabroRecomienda: La posesi\u00f3n de Ver\u00f3nica | Macabro","og_description":"Paco Plaza, uno de los integrantes del d\u00fao creativo detr\u00e1s de la exitosa saga espa\u00f1ola de zombies,\u00a0REC, est\u00e1 de vuelta a las pantallas con la historia de Ver\u00f3nica, una pel\u00edcula que transita del melodrama familiar al fen\u00f3meno paranormal con gran acierto. La pel\u00edcula cuenta la historia de Ver\u00f3nica, una adolescente que tiene que hacerse cargo","og_url":"https:\/\/macabro.mx\/en\/macabrorecomienda-la-posesion-de-veronica\/","og_site_name":"Macabro","article_publisher":"https:\/\/www.facebook.com\/MacabroFICH","article_published_time":"2017-10-06T19:27:12+00:00","og_image":[{"width":211,"height":300,"url":"https:\/\/macabro.mx\/wp-content\/uploads\/2017\/10\/Poster_Ficha_2-211x300.jpg","type":"image\/jpeg"}],"author":"Diario Macabro","twitter_card":"summary_large_image","twitter_creator":"@MacabroFICH","twitter_site":"@MacabroFICH","twitter_misc":{"Written by":"Diario Macabro","Est. reading time":"2 minutes"},"schema":{"@context":"https:\/\/schema.org","@graph":[{"@type":"Article","@id":"https:\/\/macabro.mx\/macabrorecomienda-la-posesion-de-veronica\/#article","isPartOf":{"@id":"https:\/\/macabro.mx\/macabrorecomienda-la-posesion-de-veronica\/"},"author":{"name":"Diario Macabro","@id":"https:\/\/macabro.mx\/#\/schema\/person\/cb1d7e57b8371a3558481dab1425691d"},"headline":"#MacabroRecomienda: La posesi\u00f3n de Ver\u00f3nica","datePublished":"2017-10-06T19:27:12+00:00","mainEntityOfPage":{"@id":"https:\/\/macabro.mx\/macabrorecomienda-la-posesion-de-veronica\/"},"wordCount":361,"commentCount":0,"publisher":{"@id":"https:\/\/macabro.mx\/#organization"},"image":{"@id":"https:\/\/macabro.mx\/macabrorecomienda-la-posesion-de-veronica\/#primaryimage"},"thumbnailUrl":"https:\/\/macabro.mx\/wp-content\/uploads\/2017\/10\/Poster_Ficha_2-211x300.jpg","keywords":["Amarok Films","cine de terror","Cine espa\u00f1ol","Fenomenos paranormales","Horror Films","La posesion de Veronica","Macabro FICH","Macabro Film Festival","Paco Plaza","Poltergeist","Terror espa\u00f1ol"],"articleSection":["Diario Macabro"],"inLanguage":"en-US","potentialAction":[{"@type":"CommentAction","name":"Comment","target":["https:\/\/macabro.mx\/macabrorecomienda-la-posesion-de-veronica\/#respond"]}]},{"@type":"WebPage","@id":"https:\/\/macabro.mx\/macabrorecomienda-la-posesion-de-veronica\/","url":"https:\/\/macabro.mx\/macabrorecomienda-la-posesion-de-veronica\/","name":"#MacabroRecomienda: La posesi\u00f3n de Ver\u00f3nica | Macabro","isPartOf":{"@id":"https:\/\/macabro.mx\/#website"},"primaryImageOfPage":{"@id":"https:\/\/macabro.mx\/macabrorecomienda-la-posesion-de-veronica\/#primaryimage"},"image":{"@id":"https:\/\/macabro.mx\/macabrorecomienda-la-posesion-de-veronica\/#primaryimage"},"thumbnailUrl":"https:\/\/macabro.mx\/wp-content\/uploads\/2017\/10\/Poster_Ficha_2-211x300.jpg","datePublished":"2017-10-06T19:27:12+00:00","breadcrumb":{"@id":"https:\/\/macabro.mx\/macabrorecomienda-la-posesion-de-veronica\/#breadcrumb"},"inLanguage":"en-US","potentialAction":[{"@type":"ReadAction","target":["https:\/\/macabro.mx\/macabrorecomienda-la-posesion-de-veronica\/"]}]},{"@type":"ImageObject","inLanguage":"en-US","@id":"https:\/\/macabro.mx\/macabrorecomienda-la-posesion-de-veronica\/#primaryimage","url":"https:\/\/macabro.mx\/wp-content\/uploads\/2017\/10\/Poster_Ficha_2-211x300.jpg","contentUrl":"https:\/\/macabro.mx\/wp-content\/uploads\/2017\/10\/Poster_Ficha_2-211x300.jpg","width":211,"height":300},{"@type":"BreadcrumbList","@id":"https:\/\/macabro.mx\/macabrorecomienda-la-posesion-de-veronica\/#breadcrumb","itemListElement":[{"@type":"ListItem","position":1,"name":"Home","item":"https:\/\/macabro.mx\/"},{"@type":"ListItem","position":2,"name":"Diario Macabro","item":"https:\/\/macabro.mx\/category\/diario-macabro\/"},{"@type":"ListItem","position":3,"name":"#MacabroRecomienda: La posesi\u00f3n de Ver\u00f3nica"}]},{"@type":"WebSite","@id":"https:\/\/macabro.mx\/#website","url":"https:\/\/macabro.mx\/","name":"Macabro","description":"Festival Internacional de Cine de Horror","publisher":{"@id":"https:\/\/macabro.mx\/#organization"},"potentialAction":[{"@type":"SearchAction","target":{"@type":"EntryPoint","urlTemplate":"https:\/\/macabro.mx\/?s={search_term_string}"},"query-input":{"@type":"PropertyValueSpecification","valueRequired":true,"valueName":"search_term_string"}}],"inLanguage":"en-US"},{"@type":"Organization","@id":"https:\/\/macabro.mx\/#organization","name":"Macabro Film Festival 2025","url":"https:\/\/macabro.mx\/","logo":{"@type":"ImageObject","inLanguage":"en-US","@id":"https:\/\/macabro.mx\/#\/schema\/logo\/image\/","url":"https:\/\/macabro.mx\/wp-content\/uploads\/2020\/11\/logo-macabro.png","contentUrl":"https:\/\/macabro.mx\/wp-content\/uploads\/2020\/11\/logo-macabro.png","width":870,"height":336,"caption":"Macabro Film Festival 2025"},"image":{"@id":"https:\/\/macabro.mx\/#\/schema\/logo\/image\/"},"sameAs":["https:\/\/www.facebook.com\/MacabroFICH","https:\/\/x.com\/MacabroFICH","https:\/\/www.instagram.com\/macabrofich\/","https:\/\/www.youtube.com\/user\/macabrofest"]},{"@type":"Person","@id":"https:\/\/macabro.mx\/#\/schema\/person\/cb1d7e57b8371a3558481dab1425691d","name":"Diario Macabro","image":{"@type":"ImageObject","inLanguage":"en-US","@id":"https:\/\/secure.gravatar.com\/avatar\/c503ddb7b9ab82ba0cd034365e426a9406aee5285d5579fbb648e22029e78d98?s=96&d=mm&r=g","url":"https:\/\/secure.gravatar.com\/avatar\/c503ddb7b9ab82ba0cd034365e426a9406aee5285d5579fbb648e22029e78d98?s=96&d=mm&r=g","contentUrl":"https:\/\/secure.gravatar.com\/avatar\/c503ddb7b9ab82ba0cd034365e426a9406aee5285d5579fbb648e22029e78d98?s=96&d=mm&r=g","caption":"Diario Macabro"},"url":"https:\/\/macabro.mx\/en\/author\/diario-macabro\/"}]}},"_links":{"self":[{"href":"https:\/\/macabro.mx\/en\/wp-json\/wp\/v2\/posts\/2221","targetHints":{"allow":["GET"]}}],"collection":[{"href":"https:\/\/macabro.mx\/en\/wp-json\/wp\/v2\/posts"}],"about":[{"href":"https:\/\/macabro.mx\/en\/wp-json\/wp\/v2\/types\/post"}],"author":[{"embeddable":true,"href":"https:\/\/macabro.mx\/en\/wp-json\/wp\/v2\/users\/2"}],"replies":[{"embeddable":true,"href":"https:\/\/macabro.mx\/en\/wp-json\/wp\/v2\/comments?post=2221"}],"version-history":[{"count":1,"href":"https:\/\/macabro.mx\/en\/wp-json\/wp\/v2\/posts\/2221\/revisions"}],"predecessor-version":[{"id":2224,"href":"https:\/\/macabro.mx\/en\/wp-json\/wp\/v2\/posts\/2221\/revisions\/2224"}],"wp:featuredmedia":[{"embeddable":true,"href":"https:\/\/macabro.mx\/en\/wp-json\/wp\/v2\/media\/2223"}],"wp:attachment":[{"href":"https:\/\/macabro.mx\/en\/wp-json\/wp\/v2\/media?parent=2221"}],"wp:term":[{"taxonomy":"category","embeddable":true,"href":"https:\/\/macabro.mx\/en\/wp-json\/wp\/v2\/categories?post=2221"},{"taxonomy":"post_tag","embeddable":true,"href":"https:\/\/macabro.mx\/en\/wp-json\/wp\/v2\/tags?post=2221"},{"taxonomy":"festival_year","embeddable":true,"href":"https:\/\/macabro.mx\/en\/wp-json\/wp\/v2\/festival_year?post=2221"}],"curies":[{"name":"wp","href":"https:\/\/api.w.org\/{rel}","templated":true}]}}