{"id":2411,"date":"2018-02-22T13:39:13","date_gmt":"2018-02-22T19:39:13","guid":{"rendered":"https:\/\/macabro.mx\/?p=2411"},"modified":"2018-02-22T13:39:13","modified_gmt":"2018-02-22T19:39:13","slug":"recomendacionpurga-el-muerto-cuenta-su-historia","status":"publish","type":"post","link":"https:\/\/macabro.mx\/en\/recomendacionpurga-el-muerto-cuenta-su-historia\/","title":{"rendered":"#Recomendaci\u00f3nPurga: El muerto cuenta su historia"},"content":{"rendered":"<p><img loading=\"lazy\" decoding=\"async\" width=\"300\" height=\"450\" class=\"alignnone size-full wp-image-2412 aligncenter\" src=\"https:\/\/macabro.mx\/wp-content\/uploads\/2018\/02\/unnamed-17.jpg\" alt=\"unnamed (17)\" srcset=\"https:\/\/macabro.mx\/wp-content\/uploads\/2018\/02\/unnamed-17.jpg 300w, https:\/\/macabro.mx\/wp-content\/uploads\/2018\/02\/unnamed-17-250x375.jpg 250w, https:\/\/macabro.mx\/wp-content\/uploads\/2018\/02\/unnamed-17-120x180.jpg 120w\" sizes=\"auto, (max-width: 300px) 100vw, 300px\" \/><\/p>\n<p>El muerto cuenta su historia | Dir. Fabi\u00e1n Forte | Argentina | 2016 | 84 min.<\/p>\n<p>\u00c1ngel, un exitoso director publicitario machista y adicto a las mujeres, es esclavizado por una cofrad\u00eda de diosas celtas. Ellas tienen bajo su control hombres que han atentado contra el g\u00e9nero femenino, un ej\u00e9rcito de muertos en vida. El plan que busca borrar el poder del hombre en el mundo\u2026 est\u00e1 en marcha.<\/p>\n<p><em>El muerto cuenta su historia<\/em> es una de las m\u00e1s recientes pel\u00edculas de Fabi\u00e1n Forte, uno de los directores m\u00e1s activos del gran movimiento de cine de g\u00e9nero en Argentina y en Latinoam\u00e9rica de los \u00faltimos 15 a\u00f1os y ganador del premio a mejor director latinoamericano en la edici\u00f3n XVI de Macabro, en donde ha presentado <em>Mala carne<\/em> (2003) y <em>Malditos sean<\/em> (2011).<\/p>\n<p>Imperdible para los fans del cine de g\u00e9nero argentino, el horror comedy y el cine cutre.<\/p>\n<p>Para ver\u00a0<em>El muerto cuenta su historia<\/em>\u00a0suscr\u00edbete a\u00a0<a href=\"https:\/\/goo.gl\/1pPg1o\">PURGA.TV<\/a>\u00a0con un mes gratis y 3 meses a solo $99.00<\/p>\n<p>&nbsp;<\/p>","protected":false},"excerpt":{"rendered":"El muerto cuenta su historia | Dir. Fabi\u00e1n Forte | Argentina | 2016 | 84 min. \u00c1ngel, un exitoso director publicitario machista y adicto a las mujeres, es esclavizado por una cofrad\u00eda de diosas celtas. Ellas tienen bajo su control hombres que han atentado contra el g\u00e9nero femenino, un ej\u00e9rcito de muertos en vida. El","protected":false},"author":2,"featured_media":2412,"comment_status":"open","ping_status":"open","sticky":false,"template":"","format":"standard","meta":{"_acf_changed":false,"footnotes":""},"categories":[2],"tags":[686,687,688,689,129,48,23,54,334,511],"festival_year":[],"class_list":["post-2411","post","type-post","status-publish","format-standard","has-post-thumbnail","hentry","category-diario-macabro","tag-cine-de-genero-argentino","tag-cine-de-terror-argentino","tag-fabian-forte","tag-festivales-de-cine-en-mexico","tag-horror-film-festivals","tag-horror-films","tag-macabro-fich","tag-macabro-film-festival","tag-macabro-xvi","tag-purga-tv"],"acf":[],"yoast_head":"<!-- This site is optimized with the Yoast SEO plugin v27.2 - https:\/\/yoast.com\/product\/yoast-seo-wordpress\/ -->\n<title>#Recomendaci\u00f3nPurga: El muerto cuenta su historia | Macabro<\/title>\n<meta name=\"robots\" content=\"index, follow, max-snippet:-1, max-image-preview:large, max-video-preview:-1\" \/>\n<link rel=\"canonical\" href=\"https:\/\/macabro.mx\/en\/recomendacionpurga-el-muerto-cuenta-su-historia\/\" \/>\n<meta property=\"og:locale\" content=\"en_US\" \/>\n<meta property=\"og:type\" content=\"article\" \/>\n<meta property=\"og:title\" content=\"#Recomendaci\u00f3nPurga: El muerto cuenta su historia | Macabro\" \/>\n<meta property=\"og:description\" content=\"El muerto cuenta su historia | Dir. Fabi\u00e1n Forte | Argentina | 2016 | 84 min. \u00c1ngel, un exitoso director publicitario machista y adicto a las mujeres, es esclavizado por una cofrad\u00eda de diosas celtas. Ellas tienen bajo su control hombres que han atentado contra el g\u00e9nero femenino, un ej\u00e9rcito de muertos en vida. El\" \/>\n<meta property=\"og:url\" content=\"https:\/\/macabro.mx\/en\/recomendacionpurga-el-muerto-cuenta-su-historia\/\" \/>\n<meta property=\"og:site_name\" content=\"Macabro\" \/>\n<meta property=\"article:publisher\" content=\"https:\/\/www.facebook.com\/MacabroFICH\" \/>\n<meta property=\"article:published_time\" content=\"2018-02-22T19:39:13+00:00\" \/>\n<meta property=\"og:image\" content=\"https:\/\/macabro.mx\/wp-content\/uploads\/2018\/02\/unnamed-17.jpg\" \/>\n\t<meta property=\"og:image:width\" content=\"300\" \/>\n\t<meta property=\"og:image:height\" content=\"450\" \/>\n\t<meta property=\"og:image:type\" content=\"image\/jpeg\" \/>\n<meta name=\"author\" content=\"Diario Macabro\" \/>\n<meta name=\"twitter:card\" content=\"summary_large_image\" \/>\n<meta name=\"twitter:creator\" content=\"@MacabroFICH\" \/>\n<meta name=\"twitter:site\" content=\"@MacabroFICH\" \/>\n<meta name=\"twitter:label1\" content=\"Written by\" \/>\n\t<meta name=\"twitter:data1\" content=\"Diario Macabro\" \/>\n\t<meta name=\"twitter:label2\" content=\"Est. reading time\" \/>\n\t<meta name=\"twitter:data2\" content=\"1 minute\" \/>\n<script type=\"application\/ld+json\" class=\"yoast-schema-graph\">{\"@context\":\"https:\/\/schema.org\",\"@graph\":[{\"@type\":\"Article\",\"@id\":\"https:\/\/macabro.mx\/recomendacionpurga-el-muerto-cuenta-su-historia\/#article\",\"isPartOf\":{\"@id\":\"https:\/\/macabro.mx\/recomendacionpurga-el-muerto-cuenta-su-historia\/\"},\"author\":{\"name\":\"Diario Macabro\",\"@id\":\"https:\/\/macabro.mx\/#\/schema\/person\/cb1d7e57b8371a3558481dab1425691d\"},\"headline\":\"#Recomendaci\u00f3nPurga: El muerto cuenta su historia\",\"datePublished\":\"2018-02-22T19:39:13+00:00\",\"mainEntityOfPage\":{\"@id\":\"https:\/\/macabro.mx\/recomendacionpurga-el-muerto-cuenta-su-historia\/\"},\"wordCount\":180,\"commentCount\":0,\"publisher\":{\"@id\":\"https:\/\/macabro.mx\/#organization\"},\"image\":{\"@id\":\"https:\/\/macabro.mx\/recomendacionpurga-el-muerto-cuenta-su-historia\/#primaryimage\"},\"thumbnailUrl\":\"https:\/\/macabro.mx\/wp-content\/uploads\/2018\/02\/unnamed-17.jpg\",\"keywords\":[\"Cine de g\u00e9nero argentino\",\"cine de terror argentino\",\"Fabian Forte\",\"festivales de cine en M\u00e9xico\",\"Horror Film Festivals\",\"Horror Films\",\"Macabro FICH\",\"Macabro Film Festival\",\"Macabro XVI\",\"Purga TV\"],\"articleSection\":[\"Diario Macabro\"],\"inLanguage\":\"en-US\",\"potentialAction\":[{\"@type\":\"CommentAction\",\"name\":\"Comment\",\"target\":[\"https:\/\/macabro.mx\/recomendacionpurga-el-muerto-cuenta-su-historia\/#respond\"]}]},{\"@type\":\"WebPage\",\"@id\":\"https:\/\/macabro.mx\/recomendacionpurga-el-muerto-cuenta-su-historia\/\",\"url\":\"https:\/\/macabro.mx\/recomendacionpurga-el-muerto-cuenta-su-historia\/\",\"name\":\"#Recomendaci\u00f3nPurga: El muerto cuenta su historia | Macabro\",\"isPartOf\":{\"@id\":\"https:\/\/macabro.mx\/#website\"},\"primaryImageOfPage\":{\"@id\":\"https:\/\/macabro.mx\/recomendacionpurga-el-muerto-cuenta-su-historia\/#primaryimage\"},\"image\":{\"@id\":\"https:\/\/macabro.mx\/recomendacionpurga-el-muerto-cuenta-su-historia\/#primaryimage\"},\"thumbnailUrl\":\"https:\/\/macabro.mx\/wp-content\/uploads\/2018\/02\/unnamed-17.jpg\",\"datePublished\":\"2018-02-22T19:39:13+00:00\",\"breadcrumb\":{\"@id\":\"https:\/\/macabro.mx\/recomendacionpurga-el-muerto-cuenta-su-historia\/#breadcrumb\"},\"inLanguage\":\"en-US\",\"potentialAction\":[{\"@type\":\"ReadAction\",\"target\":[\"https:\/\/macabro.mx\/recomendacionpurga-el-muerto-cuenta-su-historia\/\"]}]},{\"@type\":\"ImageObject\",\"inLanguage\":\"en-US\",\"@id\":\"https:\/\/macabro.mx\/recomendacionpurga-el-muerto-cuenta-su-historia\/#primaryimage\",\"url\":\"https:\/\/macabro.mx\/wp-content\/uploads\/2018\/02\/unnamed-17.jpg\",\"contentUrl\":\"https:\/\/macabro.mx\/wp-content\/uploads\/2018\/02\/unnamed-17.jpg\",\"width\":300,\"height\":450},{\"@type\":\"BreadcrumbList\",\"@id\":\"https:\/\/macabro.mx\/recomendacionpurga-el-muerto-cuenta-su-historia\/#breadcrumb\",\"itemListElement\":[{\"@type\":\"ListItem\",\"position\":1,\"name\":\"Home\",\"item\":\"https:\/\/macabro.mx\/\"},{\"@type\":\"ListItem\",\"position\":2,\"name\":\"Diario Macabro\",\"item\":\"https:\/\/macabro.mx\/category\/diario-macabro\/\"},{\"@type\":\"ListItem\",\"position\":3,\"name\":\"Purga\",\"item\":\"https:\/\/macabro.mx\/category\/diario-macabro\/purga\/\"},{\"@type\":\"ListItem\",\"position\":4,\"name\":\"#Recomendaci\u00f3nPurga: El muerto cuenta su historia\"}]},{\"@type\":\"WebSite\",\"@id\":\"https:\/\/macabro.mx\/#website\",\"url\":\"https:\/\/macabro.mx\/\",\"name\":\"Macabro\",\"description\":\"Festival Internacional de Cine de Horror\",\"publisher\":{\"@id\":\"https:\/\/macabro.mx\/#organization\"},\"potentialAction\":[{\"@type\":\"SearchAction\",\"target\":{\"@type\":\"EntryPoint\",\"urlTemplate\":\"https:\/\/macabro.mx\/?s={search_term_string}\"},\"query-input\":{\"@type\":\"PropertyValueSpecification\",\"valueRequired\":true,\"valueName\":\"search_term_string\"}}],\"inLanguage\":\"en-US\"},{\"@type\":\"Organization\",\"@id\":\"https:\/\/macabro.mx\/#organization\",\"name\":\"Macabro Film Festival 2025\",\"url\":\"https:\/\/macabro.mx\/\",\"logo\":{\"@type\":\"ImageObject\",\"inLanguage\":\"en-US\",\"@id\":\"https:\/\/macabro.mx\/#\/schema\/logo\/image\/\",\"url\":\"https:\/\/macabro.mx\/wp-content\/uploads\/2020\/11\/logo-macabro.png\",\"contentUrl\":\"https:\/\/macabro.mx\/wp-content\/uploads\/2020\/11\/logo-macabro.png\",\"width\":870,\"height\":336,\"caption\":\"Macabro Film Festival 2025\"},\"image\":{\"@id\":\"https:\/\/macabro.mx\/#\/schema\/logo\/image\/\"},\"sameAs\":[\"https:\/\/www.facebook.com\/MacabroFICH\",\"https:\/\/x.com\/MacabroFICH\",\"https:\/\/www.instagram.com\/macabrofich\/\",\"https:\/\/www.youtube.com\/user\/macabrofest\"]},{\"@type\":\"Person\",\"@id\":\"https:\/\/macabro.mx\/#\/schema\/person\/cb1d7e57b8371a3558481dab1425691d\",\"name\":\"Diario Macabro\",\"image\":{\"@type\":\"ImageObject\",\"inLanguage\":\"en-US\",\"@id\":\"https:\/\/secure.gravatar.com\/avatar\/c503ddb7b9ab82ba0cd034365e426a9406aee5285d5579fbb648e22029e78d98?s=96&d=mm&r=g\",\"url\":\"https:\/\/secure.gravatar.com\/avatar\/c503ddb7b9ab82ba0cd034365e426a9406aee5285d5579fbb648e22029e78d98?s=96&d=mm&r=g\",\"contentUrl\":\"https:\/\/secure.gravatar.com\/avatar\/c503ddb7b9ab82ba0cd034365e426a9406aee5285d5579fbb648e22029e78d98?s=96&d=mm&r=g\",\"caption\":\"Diario Macabro\"},\"url\":\"https:\/\/macabro.mx\/en\/author\/diario-macabro\/\"}]}<\/script>\n<!-- \/ Yoast SEO plugin. -->","yoast_head_json":{"title":"#Recomendaci\u00f3nPurga: El muerto cuenta su historia | Macabro","robots":{"index":"index","follow":"follow","max-snippet":"max-snippet:-1","max-image-preview":"max-image-preview:large","max-video-preview":"max-video-preview:-1"},"canonical":"https:\/\/macabro.mx\/en\/recomendacionpurga-el-muerto-cuenta-su-historia\/","og_locale":"en_US","og_type":"article","og_title":"#Recomendaci\u00f3nPurga: El muerto cuenta su historia | Macabro","og_description":"El muerto cuenta su historia | Dir. Fabi\u00e1n Forte | Argentina | 2016 | 84 min. \u00c1ngel, un exitoso director publicitario machista y adicto a las mujeres, es esclavizado por una cofrad\u00eda de diosas celtas. Ellas tienen bajo su control hombres que han atentado contra el g\u00e9nero femenino, un ej\u00e9rcito de muertos en vida. El","og_url":"https:\/\/macabro.mx\/en\/recomendacionpurga-el-muerto-cuenta-su-historia\/","og_site_name":"Macabro","article_publisher":"https:\/\/www.facebook.com\/MacabroFICH","article_published_time":"2018-02-22T19:39:13+00:00","og_image":[{"width":300,"height":450,"url":"https:\/\/macabro.mx\/wp-content\/uploads\/2018\/02\/unnamed-17.jpg","type":"image\/jpeg"}],"author":"Diario Macabro","twitter_card":"summary_large_image","twitter_creator":"@MacabroFICH","twitter_site":"@MacabroFICH","twitter_misc":{"Written by":"Diario Macabro","Est. reading time":"1 minute"},"schema":{"@context":"https:\/\/schema.org","@graph":[{"@type":"Article","@id":"https:\/\/macabro.mx\/recomendacionpurga-el-muerto-cuenta-su-historia\/#article","isPartOf":{"@id":"https:\/\/macabro.mx\/recomendacionpurga-el-muerto-cuenta-su-historia\/"},"author":{"name":"Diario Macabro","@id":"https:\/\/macabro.mx\/#\/schema\/person\/cb1d7e57b8371a3558481dab1425691d"},"headline":"#Recomendaci\u00f3nPurga: El muerto cuenta su historia","datePublished":"2018-02-22T19:39:13+00:00","mainEntityOfPage":{"@id":"https:\/\/macabro.mx\/recomendacionpurga-el-muerto-cuenta-su-historia\/"},"wordCount":180,"commentCount":0,"publisher":{"@id":"https:\/\/macabro.mx\/#organization"},"image":{"@id":"https:\/\/macabro.mx\/recomendacionpurga-el-muerto-cuenta-su-historia\/#primaryimage"},"thumbnailUrl":"https:\/\/macabro.mx\/wp-content\/uploads\/2018\/02\/unnamed-17.jpg","keywords":["Cine de g\u00e9nero argentino","cine de terror argentino","Fabian Forte","festivales de cine en M\u00e9xico","Horror Film Festivals","Horror Films","Macabro FICH","Macabro Film Festival","Macabro XVI","Purga TV"],"articleSection":["Diario Macabro"],"inLanguage":"en-US","potentialAction":[{"@type":"CommentAction","name":"Comment","target":["https:\/\/macabro.mx\/recomendacionpurga-el-muerto-cuenta-su-historia\/#respond"]}]},{"@type":"WebPage","@id":"https:\/\/macabro.mx\/recomendacionpurga-el-muerto-cuenta-su-historia\/","url":"https:\/\/macabro.mx\/recomendacionpurga-el-muerto-cuenta-su-historia\/","name":"#Recomendaci\u00f3nPurga: El muerto cuenta su historia | Macabro","isPartOf":{"@id":"https:\/\/macabro.mx\/#website"},"primaryImageOfPage":{"@id":"https:\/\/macabro.mx\/recomendacionpurga-el-muerto-cuenta-su-historia\/#primaryimage"},"image":{"@id":"https:\/\/macabro.mx\/recomendacionpurga-el-muerto-cuenta-su-historia\/#primaryimage"},"thumbnailUrl":"https:\/\/macabro.mx\/wp-content\/uploads\/2018\/02\/unnamed-17.jpg","datePublished":"2018-02-22T19:39:13+00:00","breadcrumb":{"@id":"https:\/\/macabro.mx\/recomendacionpurga-el-muerto-cuenta-su-historia\/#breadcrumb"},"inLanguage":"en-US","potentialAction":[{"@type":"ReadAction","target":["https:\/\/macabro.mx\/recomendacionpurga-el-muerto-cuenta-su-historia\/"]}]},{"@type":"ImageObject","inLanguage":"en-US","@id":"https:\/\/macabro.mx\/recomendacionpurga-el-muerto-cuenta-su-historia\/#primaryimage","url":"https:\/\/macabro.mx\/wp-content\/uploads\/2018\/02\/unnamed-17.jpg","contentUrl":"https:\/\/macabro.mx\/wp-content\/uploads\/2018\/02\/unnamed-17.jpg","width":300,"height":450},{"@type":"BreadcrumbList","@id":"https:\/\/macabro.mx\/recomendacionpurga-el-muerto-cuenta-su-historia\/#breadcrumb","itemListElement":[{"@type":"ListItem","position":1,"name":"Home","item":"https:\/\/macabro.mx\/"},{"@type":"ListItem","position":2,"name":"Diario Macabro","item":"https:\/\/macabro.mx\/category\/diario-macabro\/"},{"@type":"ListItem","position":3,"name":"Purga","item":"https:\/\/macabro.mx\/category\/diario-macabro\/purga\/"},{"@type":"ListItem","position":4,"name":"#Recomendaci\u00f3nPurga: El muerto cuenta su historia"}]},{"@type":"WebSite","@id":"https:\/\/macabro.mx\/#website","url":"https:\/\/macabro.mx\/","name":"Macabro","description":"Festival Internacional de Cine de Horror","publisher":{"@id":"https:\/\/macabro.mx\/#organization"},"potentialAction":[{"@type":"SearchAction","target":{"@type":"EntryPoint","urlTemplate":"https:\/\/macabro.mx\/?s={search_term_string}"},"query-input":{"@type":"PropertyValueSpecification","valueRequired":true,"valueName":"search_term_string"}}],"inLanguage":"en-US"},{"@type":"Organization","@id":"https:\/\/macabro.mx\/#organization","name":"Macabro Film Festival 2025","url":"https:\/\/macabro.mx\/","logo":{"@type":"ImageObject","inLanguage":"en-US","@id":"https:\/\/macabro.mx\/#\/schema\/logo\/image\/","url":"https:\/\/macabro.mx\/wp-content\/uploads\/2020\/11\/logo-macabro.png","contentUrl":"https:\/\/macabro.mx\/wp-content\/uploads\/2020\/11\/logo-macabro.png","width":870,"height":336,"caption":"Macabro Film Festival 2025"},"image":{"@id":"https:\/\/macabro.mx\/#\/schema\/logo\/image\/"},"sameAs":["https:\/\/www.facebook.com\/MacabroFICH","https:\/\/x.com\/MacabroFICH","https:\/\/www.instagram.com\/macabrofich\/","https:\/\/www.youtube.com\/user\/macabrofest"]},{"@type":"Person","@id":"https:\/\/macabro.mx\/#\/schema\/person\/cb1d7e57b8371a3558481dab1425691d","name":"Diario Macabro","image":{"@type":"ImageObject","inLanguage":"en-US","@id":"https:\/\/secure.gravatar.com\/avatar\/c503ddb7b9ab82ba0cd034365e426a9406aee5285d5579fbb648e22029e78d98?s=96&d=mm&r=g","url":"https:\/\/secure.gravatar.com\/avatar\/c503ddb7b9ab82ba0cd034365e426a9406aee5285d5579fbb648e22029e78d98?s=96&d=mm&r=g","contentUrl":"https:\/\/secure.gravatar.com\/avatar\/c503ddb7b9ab82ba0cd034365e426a9406aee5285d5579fbb648e22029e78d98?s=96&d=mm&r=g","caption":"Diario Macabro"},"url":"https:\/\/macabro.mx\/en\/author\/diario-macabro\/"}]}},"_links":{"self":[{"href":"https:\/\/macabro.mx\/en\/wp-json\/wp\/v2\/posts\/2411","targetHints":{"allow":["GET"]}}],"collection":[{"href":"https:\/\/macabro.mx\/en\/wp-json\/wp\/v2\/posts"}],"about":[{"href":"https:\/\/macabro.mx\/en\/wp-json\/wp\/v2\/types\/post"}],"author":[{"embeddable":true,"href":"https:\/\/macabro.mx\/en\/wp-json\/wp\/v2\/users\/2"}],"replies":[{"embeddable":true,"href":"https:\/\/macabro.mx\/en\/wp-json\/wp\/v2\/comments?post=2411"}],"version-history":[{"count":2,"href":"https:\/\/macabro.mx\/en\/wp-json\/wp\/v2\/posts\/2411\/revisions"}],"predecessor-version":[{"id":2414,"href":"https:\/\/macabro.mx\/en\/wp-json\/wp\/v2\/posts\/2411\/revisions\/2414"}],"wp:featuredmedia":[{"embeddable":true,"href":"https:\/\/macabro.mx\/en\/wp-json\/wp\/v2\/media\/2412"}],"wp:attachment":[{"href":"https:\/\/macabro.mx\/en\/wp-json\/wp\/v2\/media?parent=2411"}],"wp:term":[{"taxonomy":"category","embeddable":true,"href":"https:\/\/macabro.mx\/en\/wp-json\/wp\/v2\/categories?post=2411"},{"taxonomy":"post_tag","embeddable":true,"href":"https:\/\/macabro.mx\/en\/wp-json\/wp\/v2\/tags?post=2411"},{"taxonomy":"festival_year","embeddable":true,"href":"https:\/\/macabro.mx\/en\/wp-json\/wp\/v2\/festival_year?post=2411"}],"curies":[{"name":"wp","href":"https:\/\/api.w.org\/{rel}","templated":true}]}}