{"id":2788,"date":"2018-08-21T13:15:15","date_gmt":"2018-08-21T18:15:15","guid":{"rendered":"https:\/\/macabro.mx\/?p=2788"},"modified":"2018-08-21T13:15:54","modified_gmt":"2018-08-21T18:15:54","slug":"macabroxvii-dia-macabro","status":"publish","type":"post","link":"https:\/\/macabro.mx\/en\/macabroxvii-dia-macabro\/","title":{"rendered":"#MacabroXVII: D\u00eda Macabro"},"content":{"rendered":"<p><strong>El D\u00eda Macabro se llevar\u00e1 a cabo el 22 de agosto en la Facultad del Cine en donde Fabi\u00e1n Fortes, Miguel Lozano, Daniel Arreola y Carlos Mel\u00e9ndez nos hablar\u00e1n sobre sus experiencias en la creaci\u00f3n\u00a0de un proyecto cinematogr\u00e1fico.\u00a0<\/strong><br \/>\nFacultad del Cine : Monterrey 22 Roma Norte CDMX<\/p>\n<p>Inicio de registro: 11:30 hrs.<\/p>\n<p><img loading=\"lazy\" decoding=\"async\" width=\"700\" height=\"558\" class=\"alignnone size-large wp-image-2789 aligncenter\" src=\"https:\/\/macabro.mx\/wp-content\/uploads\/2018\/08\/D\u00eda-macabro-700x558.jpg\" alt=\"\" srcset=\"https:\/\/macabro.mx\/wp-content\/uploads\/2018\/08\/D\u00eda-macabro-700x558.jpg 700w, https:\/\/macabro.mx\/wp-content\/uploads\/2018\/08\/D\u00eda-macabro-250x199.jpg 250w, https:\/\/macabro.mx\/wp-content\/uploads\/2018\/08\/D\u00eda-macabro-768x612.jpg 768w, https:\/\/macabro.mx\/wp-content\/uploads\/2018\/08\/D\u00eda-macabro-120x96.jpg 120w, https:\/\/macabro.mx\/wp-content\/uploads\/2018\/08\/D\u00eda-macabro.jpg 1006w\" sizes=\"auto, (max-width: 700px) 100vw, 700px\" \/><\/p>","protected":false},"excerpt":{"rendered":"El D\u00eda Macabro se llevar\u00e1 a cabo el 22 de agosto en la Facultad del Cine en donde Fabi\u00e1n Fortes, Miguel Lozano, Daniel Arreola y Carlos Mel\u00e9ndez nos hablar\u00e1n sobre sus experiencias en la creaci\u00f3n\u00a0de un proyecto cinematogr\u00e1fico.\u00a0 Facultad del Cine : Monterrey 22 Roma Norte CDMX Inicio de registro: 11:30 hrs.","protected":false},"author":2,"featured_media":2789,"comment_status":"open","ping_status":"open","sticky":false,"template":"","format":"standard","meta":{"_acf_changed":false,"footnotes":""},"categories":[2],"tags":[290,194,897,895,896,23,54,605],"festival_year":[],"class_list":["post-2788","post","type-post","status-publish","format-standard","has-post-thumbnail","hentry","category-diario-macabro","tag-academia","tag-cine","tag-conferencias","tag-dia-macabro","tag-facultad-de-cine","tag-macabro-fich","tag-macabro-film-festival","tag-macabro-xvii"],"acf":[],"yoast_head":"<!-- This site is optimized with the Yoast SEO plugin v27.2 - https:\/\/yoast.com\/product\/yoast-seo-wordpress\/ -->\n<title>#MacabroXVII: D\u00eda Macabro | Macabro<\/title>\n<meta name=\"robots\" content=\"index, follow, max-snippet:-1, max-image-preview:large, max-video-preview:-1\" \/>\n<link rel=\"canonical\" href=\"https:\/\/macabro.mx\/en\/macabroxvii-dia-macabro\/\" \/>\n<meta property=\"og:locale\" content=\"en_US\" \/>\n<meta property=\"og:type\" content=\"article\" \/>\n<meta property=\"og:title\" content=\"#MacabroXVII: D\u00eda Macabro | Macabro\" \/>\n<meta property=\"og:description\" content=\"El D\u00eda Macabro se llevar\u00e1 a cabo el 22 de agosto en la Facultad del Cine en donde Fabi\u00e1n Fortes, Miguel Lozano, Daniel Arreola y Carlos Mel\u00e9ndez nos hablar\u00e1n sobre sus experiencias en la creaci\u00f3n\u00a0de un proyecto cinematogr\u00e1fico.\u00a0 Facultad del Cine : Monterrey 22 Roma Norte CDMX Inicio de registro: 11:30 hrs.\" \/>\n<meta property=\"og:url\" content=\"https:\/\/macabro.mx\/en\/macabroxvii-dia-macabro\/\" \/>\n<meta property=\"og:site_name\" content=\"Macabro\" \/>\n<meta property=\"article:publisher\" content=\"https:\/\/www.facebook.com\/MacabroFICH\" \/>\n<meta property=\"article:published_time\" content=\"2018-08-21T18:15:15+00:00\" \/>\n<meta property=\"article:modified_time\" content=\"2018-08-21T18:15:54+00:00\" \/>\n<meta property=\"og:image\" content=\"https:\/\/macabro.mx\/wp-content\/uploads\/2018\/08\/D\u00eda-macabro.jpg\" \/>\n\t<meta property=\"og:image:width\" content=\"1006\" \/>\n\t<meta property=\"og:image:height\" content=\"802\" \/>\n\t<meta property=\"og:image:type\" content=\"image\/jpeg\" \/>\n<meta name=\"author\" content=\"Diario Macabro\" \/>\n<meta name=\"twitter:card\" content=\"summary_large_image\" \/>\n<meta name=\"twitter:creator\" content=\"@MacabroFICH\" \/>\n<meta name=\"twitter:site\" content=\"@MacabroFICH\" \/>\n<meta name=\"twitter:label1\" content=\"Written by\" \/>\n\t<meta name=\"twitter:data1\" content=\"Diario Macabro\" \/>\n<script type=\"application\/ld+json\" class=\"yoast-schema-graph\">{\"@context\":\"https:\/\/schema.org\",\"@graph\":[{\"@type\":\"Article\",\"@id\":\"https:\/\/macabro.mx\/macabroxvii-dia-macabro\/#article\",\"isPartOf\":{\"@id\":\"https:\/\/macabro.mx\/macabroxvii-dia-macabro\/\"},\"author\":{\"name\":\"Diario Macabro\",\"@id\":\"https:\/\/macabro.mx\/#\/schema\/person\/cb1d7e57b8371a3558481dab1425691d\"},\"headline\":\"#MacabroXVII: D\u00eda Macabro\",\"datePublished\":\"2018-08-21T18:15:15+00:00\",\"dateModified\":\"2018-08-21T18:15:54+00:00\",\"mainEntityOfPage\":{\"@id\":\"https:\/\/macabro.mx\/macabroxvii-dia-macabro\/\"},\"wordCount\":59,\"commentCount\":0,\"publisher\":{\"@id\":\"https:\/\/macabro.mx\/#organization\"},\"image\":{\"@id\":\"https:\/\/macabro.mx\/macabroxvii-dia-macabro\/#primaryimage\"},\"thumbnailUrl\":\"https:\/\/macabro.mx\/wp-content\/uploads\/2018\/08\/D\u00eda-macabro.jpg\",\"keywords\":[\"Academia\",\"Cine\",\"conferencias\",\"D\u00eda Macabro\",\"Facultad de cine\",\"Macabro FICH\",\"Macabro Film Festival\",\"Macabro XVII\"],\"articleSection\":[\"Diario Macabro\"],\"inLanguage\":\"en-US\",\"potentialAction\":[{\"@type\":\"CommentAction\",\"name\":\"Comment\",\"target\":[\"https:\/\/macabro.mx\/macabroxvii-dia-macabro\/#respond\"]}]},{\"@type\":\"WebPage\",\"@id\":\"https:\/\/macabro.mx\/macabroxvii-dia-macabro\/\",\"url\":\"https:\/\/macabro.mx\/macabroxvii-dia-macabro\/\",\"name\":\"#MacabroXVII: D\u00eda Macabro | Macabro\",\"isPartOf\":{\"@id\":\"https:\/\/macabro.mx\/#website\"},\"primaryImageOfPage\":{\"@id\":\"https:\/\/macabro.mx\/macabroxvii-dia-macabro\/#primaryimage\"},\"image\":{\"@id\":\"https:\/\/macabro.mx\/macabroxvii-dia-macabro\/#primaryimage\"},\"thumbnailUrl\":\"https:\/\/macabro.mx\/wp-content\/uploads\/2018\/08\/D\u00eda-macabro.jpg\",\"datePublished\":\"2018-08-21T18:15:15+00:00\",\"dateModified\":\"2018-08-21T18:15:54+00:00\",\"breadcrumb\":{\"@id\":\"https:\/\/macabro.mx\/macabroxvii-dia-macabro\/#breadcrumb\"},\"inLanguage\":\"en-US\",\"potentialAction\":[{\"@type\":\"ReadAction\",\"target\":[\"https:\/\/macabro.mx\/macabroxvii-dia-macabro\/\"]}]},{\"@type\":\"ImageObject\",\"inLanguage\":\"en-US\",\"@id\":\"https:\/\/macabro.mx\/macabroxvii-dia-macabro\/#primaryimage\",\"url\":\"https:\/\/macabro.mx\/wp-content\/uploads\/2018\/08\/D\u00eda-macabro.jpg\",\"contentUrl\":\"https:\/\/macabro.mx\/wp-content\/uploads\/2018\/08\/D\u00eda-macabro.jpg\",\"width\":1006,\"height\":802},{\"@type\":\"BreadcrumbList\",\"@id\":\"https:\/\/macabro.mx\/macabroxvii-dia-macabro\/#breadcrumb\",\"itemListElement\":[{\"@type\":\"ListItem\",\"position\":1,\"name\":\"Home\",\"item\":\"https:\/\/macabro.mx\/\"},{\"@type\":\"ListItem\",\"position\":2,\"name\":\"Diario Macabro\",\"item\":\"https:\/\/macabro.mx\/category\/diario-macabro\/\"},{\"@type\":\"ListItem\",\"position\":3,\"name\":\"#MacabroXVII: D\u00eda Macabro\"}]},{\"@type\":\"WebSite\",\"@id\":\"https:\/\/macabro.mx\/#website\",\"url\":\"https:\/\/macabro.mx\/\",\"name\":\"Macabro\",\"description\":\"Festival Internacional de Cine de Horror\",\"publisher\":{\"@id\":\"https:\/\/macabro.mx\/#organization\"},\"potentialAction\":[{\"@type\":\"SearchAction\",\"target\":{\"@type\":\"EntryPoint\",\"urlTemplate\":\"https:\/\/macabro.mx\/?s={search_term_string}\"},\"query-input\":{\"@type\":\"PropertyValueSpecification\",\"valueRequired\":true,\"valueName\":\"search_term_string\"}}],\"inLanguage\":\"en-US\"},{\"@type\":\"Organization\",\"@id\":\"https:\/\/macabro.mx\/#organization\",\"name\":\"Macabro Film Festival 2025\",\"url\":\"https:\/\/macabro.mx\/\",\"logo\":{\"@type\":\"ImageObject\",\"inLanguage\":\"en-US\",\"@id\":\"https:\/\/macabro.mx\/#\/schema\/logo\/image\/\",\"url\":\"https:\/\/macabro.mx\/wp-content\/uploads\/2020\/11\/logo-macabro.png\",\"contentUrl\":\"https:\/\/macabro.mx\/wp-content\/uploads\/2020\/11\/logo-macabro.png\",\"width\":870,\"height\":336,\"caption\":\"Macabro Film Festival 2025\"},\"image\":{\"@id\":\"https:\/\/macabro.mx\/#\/schema\/logo\/image\/\"},\"sameAs\":[\"https:\/\/www.facebook.com\/MacabroFICH\",\"https:\/\/x.com\/MacabroFICH\",\"https:\/\/www.instagram.com\/macabrofich\/\",\"https:\/\/www.youtube.com\/user\/macabrofest\"]},{\"@type\":\"Person\",\"@id\":\"https:\/\/macabro.mx\/#\/schema\/person\/cb1d7e57b8371a3558481dab1425691d\",\"name\":\"Diario Macabro\",\"image\":{\"@type\":\"ImageObject\",\"inLanguage\":\"en-US\",\"@id\":\"https:\/\/secure.gravatar.com\/avatar\/c503ddb7b9ab82ba0cd034365e426a9406aee5285d5579fbb648e22029e78d98?s=96&d=mm&r=g\",\"url\":\"https:\/\/secure.gravatar.com\/avatar\/c503ddb7b9ab82ba0cd034365e426a9406aee5285d5579fbb648e22029e78d98?s=96&d=mm&r=g\",\"contentUrl\":\"https:\/\/secure.gravatar.com\/avatar\/c503ddb7b9ab82ba0cd034365e426a9406aee5285d5579fbb648e22029e78d98?s=96&d=mm&r=g\",\"caption\":\"Diario Macabro\"},\"url\":\"https:\/\/macabro.mx\/en\/author\/diario-macabro\/\"}]}<\/script>\n<!-- \/ Yoast SEO plugin. -->","yoast_head_json":{"title":"#MacabroXVII: D\u00eda Macabro | Macabro","robots":{"index":"index","follow":"follow","max-snippet":"max-snippet:-1","max-image-preview":"max-image-preview:large","max-video-preview":"max-video-preview:-1"},"canonical":"https:\/\/macabro.mx\/en\/macabroxvii-dia-macabro\/","og_locale":"en_US","og_type":"article","og_title":"#MacabroXVII: D\u00eda Macabro | Macabro","og_description":"El D\u00eda Macabro se llevar\u00e1 a cabo el 22 de agosto en la Facultad del Cine en donde Fabi\u00e1n Fortes, Miguel Lozano, Daniel Arreola y Carlos Mel\u00e9ndez nos hablar\u00e1n sobre sus experiencias en la creaci\u00f3n\u00a0de un proyecto cinematogr\u00e1fico.\u00a0 Facultad del Cine : Monterrey 22 Roma Norte CDMX Inicio de registro: 11:30 hrs.","og_url":"https:\/\/macabro.mx\/en\/macabroxvii-dia-macabro\/","og_site_name":"Macabro","article_publisher":"https:\/\/www.facebook.com\/MacabroFICH","article_published_time":"2018-08-21T18:15:15+00:00","article_modified_time":"2018-08-21T18:15:54+00:00","og_image":[{"width":1006,"height":802,"url":"https:\/\/macabro.mx\/wp-content\/uploads\/2018\/08\/D\u00eda-macabro.jpg","type":"image\/jpeg"}],"author":"Diario Macabro","twitter_card":"summary_large_image","twitter_creator":"@MacabroFICH","twitter_site":"@MacabroFICH","twitter_misc":{"Written by":"Diario Macabro"},"schema":{"@context":"https:\/\/schema.org","@graph":[{"@type":"Article","@id":"https:\/\/macabro.mx\/macabroxvii-dia-macabro\/#article","isPartOf":{"@id":"https:\/\/macabro.mx\/macabroxvii-dia-macabro\/"},"author":{"name":"Diario Macabro","@id":"https:\/\/macabro.mx\/#\/schema\/person\/cb1d7e57b8371a3558481dab1425691d"},"headline":"#MacabroXVII: D\u00eda Macabro","datePublished":"2018-08-21T18:15:15+00:00","dateModified":"2018-08-21T18:15:54+00:00","mainEntityOfPage":{"@id":"https:\/\/macabro.mx\/macabroxvii-dia-macabro\/"},"wordCount":59,"commentCount":0,"publisher":{"@id":"https:\/\/macabro.mx\/#organization"},"image":{"@id":"https:\/\/macabro.mx\/macabroxvii-dia-macabro\/#primaryimage"},"thumbnailUrl":"https:\/\/macabro.mx\/wp-content\/uploads\/2018\/08\/D\u00eda-macabro.jpg","keywords":["Academia","Cine","conferencias","D\u00eda Macabro","Facultad de cine","Macabro FICH","Macabro Film Festival","Macabro XVII"],"articleSection":["Diario Macabro"],"inLanguage":"en-US","potentialAction":[{"@type":"CommentAction","name":"Comment","target":["https:\/\/macabro.mx\/macabroxvii-dia-macabro\/#respond"]}]},{"@type":"WebPage","@id":"https:\/\/macabro.mx\/macabroxvii-dia-macabro\/","url":"https:\/\/macabro.mx\/macabroxvii-dia-macabro\/","name":"#MacabroXVII: D\u00eda Macabro | Macabro","isPartOf":{"@id":"https:\/\/macabro.mx\/#website"},"primaryImageOfPage":{"@id":"https:\/\/macabro.mx\/macabroxvii-dia-macabro\/#primaryimage"},"image":{"@id":"https:\/\/macabro.mx\/macabroxvii-dia-macabro\/#primaryimage"},"thumbnailUrl":"https:\/\/macabro.mx\/wp-content\/uploads\/2018\/08\/D\u00eda-macabro.jpg","datePublished":"2018-08-21T18:15:15+00:00","dateModified":"2018-08-21T18:15:54+00:00","breadcrumb":{"@id":"https:\/\/macabro.mx\/macabroxvii-dia-macabro\/#breadcrumb"},"inLanguage":"en-US","potentialAction":[{"@type":"ReadAction","target":["https:\/\/macabro.mx\/macabroxvii-dia-macabro\/"]}]},{"@type":"ImageObject","inLanguage":"en-US","@id":"https:\/\/macabro.mx\/macabroxvii-dia-macabro\/#primaryimage","url":"https:\/\/macabro.mx\/wp-content\/uploads\/2018\/08\/D\u00eda-macabro.jpg","contentUrl":"https:\/\/macabro.mx\/wp-content\/uploads\/2018\/08\/D\u00eda-macabro.jpg","width":1006,"height":802},{"@type":"BreadcrumbList","@id":"https:\/\/macabro.mx\/macabroxvii-dia-macabro\/#breadcrumb","itemListElement":[{"@type":"ListItem","position":1,"name":"Home","item":"https:\/\/macabro.mx\/"},{"@type":"ListItem","position":2,"name":"Diario Macabro","item":"https:\/\/macabro.mx\/category\/diario-macabro\/"},{"@type":"ListItem","position":3,"name":"#MacabroXVII: D\u00eda Macabro"}]},{"@type":"WebSite","@id":"https:\/\/macabro.mx\/#website","url":"https:\/\/macabro.mx\/","name":"Macabro","description":"Festival Internacional de Cine de Horror","publisher":{"@id":"https:\/\/macabro.mx\/#organization"},"potentialAction":[{"@type":"SearchAction","target":{"@type":"EntryPoint","urlTemplate":"https:\/\/macabro.mx\/?s={search_term_string}"},"query-input":{"@type":"PropertyValueSpecification","valueRequired":true,"valueName":"search_term_string"}}],"inLanguage":"en-US"},{"@type":"Organization","@id":"https:\/\/macabro.mx\/#organization","name":"Macabro Film Festival 2025","url":"https:\/\/macabro.mx\/","logo":{"@type":"ImageObject","inLanguage":"en-US","@id":"https:\/\/macabro.mx\/#\/schema\/logo\/image\/","url":"https:\/\/macabro.mx\/wp-content\/uploads\/2020\/11\/logo-macabro.png","contentUrl":"https:\/\/macabro.mx\/wp-content\/uploads\/2020\/11\/logo-macabro.png","width":870,"height":336,"caption":"Macabro Film Festival 2025"},"image":{"@id":"https:\/\/macabro.mx\/#\/schema\/logo\/image\/"},"sameAs":["https:\/\/www.facebook.com\/MacabroFICH","https:\/\/x.com\/MacabroFICH","https:\/\/www.instagram.com\/macabrofich\/","https:\/\/www.youtube.com\/user\/macabrofest"]},{"@type":"Person","@id":"https:\/\/macabro.mx\/#\/schema\/person\/cb1d7e57b8371a3558481dab1425691d","name":"Diario Macabro","image":{"@type":"ImageObject","inLanguage":"en-US","@id":"https:\/\/secure.gravatar.com\/avatar\/c503ddb7b9ab82ba0cd034365e426a9406aee5285d5579fbb648e22029e78d98?s=96&d=mm&r=g","url":"https:\/\/secure.gravatar.com\/avatar\/c503ddb7b9ab82ba0cd034365e426a9406aee5285d5579fbb648e22029e78d98?s=96&d=mm&r=g","contentUrl":"https:\/\/secure.gravatar.com\/avatar\/c503ddb7b9ab82ba0cd034365e426a9406aee5285d5579fbb648e22029e78d98?s=96&d=mm&r=g","caption":"Diario Macabro"},"url":"https:\/\/macabro.mx\/en\/author\/diario-macabro\/"}]}},"_links":{"self":[{"href":"https:\/\/macabro.mx\/en\/wp-json\/wp\/v2\/posts\/2788","targetHints":{"allow":["GET"]}}],"collection":[{"href":"https:\/\/macabro.mx\/en\/wp-json\/wp\/v2\/posts"}],"about":[{"href":"https:\/\/macabro.mx\/en\/wp-json\/wp\/v2\/types\/post"}],"author":[{"embeddable":true,"href":"https:\/\/macabro.mx\/en\/wp-json\/wp\/v2\/users\/2"}],"replies":[{"embeddable":true,"href":"https:\/\/macabro.mx\/en\/wp-json\/wp\/v2\/comments?post=2788"}],"version-history":[{"count":2,"href":"https:\/\/macabro.mx\/en\/wp-json\/wp\/v2\/posts\/2788\/revisions"}],"predecessor-version":[{"id":2791,"href":"https:\/\/macabro.mx\/en\/wp-json\/wp\/v2\/posts\/2788\/revisions\/2791"}],"wp:featuredmedia":[{"embeddable":true,"href":"https:\/\/macabro.mx\/en\/wp-json\/wp\/v2\/media\/2789"}],"wp:attachment":[{"href":"https:\/\/macabro.mx\/en\/wp-json\/wp\/v2\/media?parent=2788"}],"wp:term":[{"taxonomy":"category","embeddable":true,"href":"https:\/\/macabro.mx\/en\/wp-json\/wp\/v2\/categories?post=2788"},{"taxonomy":"post_tag","embeddable":true,"href":"https:\/\/macabro.mx\/en\/wp-json\/wp\/v2\/tags?post=2788"},{"taxonomy":"festival_year","embeddable":true,"href":"https:\/\/macabro.mx\/en\/wp-json\/wp\/v2\/festival_year?post=2788"}],"curies":[{"name":"wp","href":"https:\/\/api.w.org\/{rel}","templated":true}]}}