{"id":2828,"date":"2018-09-02T12:19:18","date_gmt":"2018-09-02T17:19:18","guid":{"rendered":"https:\/\/macabro.mx\/?p=2828"},"modified":"2018-09-02T12:19:18","modified_gmt":"2018-09-02T17:19:18","slug":"macabroxvii-santo-vs-la-hija-del-santo-y-homenaje-a-guillermo-calderon","status":"publish","type":"post","link":"https:\/\/macabro.mx\/en\/macabroxvii-santo-vs-la-hija-del-santo-y-homenaje-a-guillermo-calderon\/","title":{"rendered":"#MacabroXVII: Santo vs la hija del Santo y homenaje a Guillermo Calder\u00f3n"},"content":{"rendered":"<p><em><strong>Santo contra la hija de Frankenstein (La Hija de Frankenstein<\/strong><\/em>)<\/p>\n<p>Direcci\u00f3n: Miguel M. Delgado Cinematografica Calderon \/ Azteca Films, 1971 (Mexico)<\/p>\n<p>Guion: Fernando Os\u00e9s<\/p>\n<p>1971 &#8211; M\u00e9xico &#8211; 97 min<\/p>\n<p>La doctora Frankenstein, hija del creador del monstruo elabora el el\u00edxir de la juventud con sangre de cad\u00e1veres, pero el efecto es pasajero. Piensa que la sangre de un ser extraordinario como santo lo har\u00e1 permanente y para atraer al luchador rapta a su ahijada Norma. \u00c1l y Elsa, t\u00eda de la joven, van a la cita de los raptores. La doctora aparece como momia al pasar el efecto de su el\u00edxir, pero da vida al poderoso Ursus y somete a Santo con la amenaza de matar a las mujeres. Pero \u00e9ste escapa con ellas y Santo extermina a su creadora y destruye su laboratorio.<\/p>\n<p>Presentado por: Archivo F\u00edlmico Permanencia Voluntaria, funci\u00f3n en memoria de Guillermo Calder\u00f3n.<\/p>\n<p>Domingo 2 de septiembre, sala 9 de Cineteca Nacional &#8211; 16:00 horas<\/p>\n<p><img loading=\"lazy\" decoding=\"async\" width=\"700\" height=\"364\" class=\"alignnone size-large wp-image-2829 aligncenter\" src=\"https:\/\/macabro.mx\/wp-content\/uploads\/2018\/09\/gracias-tio-memo-700x364.jpg\" alt=\"\" srcset=\"https:\/\/macabro.mx\/wp-content\/uploads\/2018\/09\/gracias-tio-memo-700x364.jpg 700w, https:\/\/macabro.mx\/wp-content\/uploads\/2018\/09\/gracias-tio-memo-250x130.jpg 250w, https:\/\/macabro.mx\/wp-content\/uploads\/2018\/09\/gracias-tio-memo-768x399.jpg 768w, https:\/\/macabro.mx\/wp-content\/uploads\/2018\/09\/gracias-tio-memo-120x62.jpg 120w, https:\/\/macabro.mx\/wp-content\/uploads\/2018\/09\/gracias-tio-memo.jpg 1772w\" sizes=\"auto, (max-width: 700px) 100vw, 700px\" \/><\/p>\n<p>&nbsp;<\/p>","protected":false},"excerpt":{"rendered":"Santo contra la hija de Frankenstein (La Hija de Frankenstein) Direcci\u00f3n: Miguel M. Delgado Cinematografica Calderon \/ Azteca Films, 1971 (Mexico) Guion: Fernando Os\u00e9s 1971 &#8211; M\u00e9xico &#8211; 97 min La doctora Frankenstein, hija del creador del monstruo elabora el el\u00edxir de la juventud con sangre de cad\u00e1veres, pero el efecto es pasajero. Piensa que","protected":false},"author":2,"featured_media":2829,"comment_status":"open","ping_status":"open","sticky":false,"template":"","format":"standard","meta":{"_acf_changed":false,"footnotes":""},"categories":[2],"tags":[227,872,922,469,921,923,23,54,605],"festival_year":[],"class_list":["post-2828","post","type-post","status-publish","format-standard","has-post-thumbnail","hentry","category-diario-macabro","tag-35-mm","tag-cine-en-35-mm","tag-cinematografica-calderon","tag-el-santo","tag-guillermo-calderon","tag-homenaje","tag-macabro-fich","tag-macabro-film-festival","tag-macabro-xvii"],"acf":[],"yoast_head":"<!-- This site is optimized with the Yoast SEO plugin v27.2 - https:\/\/yoast.com\/product\/yoast-seo-wordpress\/ -->\n<title>#MacabroXVII: Santo vs la hija del Santo y homenaje a Guillermo Calder\u00f3n | Macabro<\/title>\n<meta name=\"robots\" content=\"index, follow, max-snippet:-1, max-image-preview:large, max-video-preview:-1\" \/>\n<link rel=\"canonical\" href=\"https:\/\/macabro.mx\/en\/macabroxvii-santo-vs-la-hija-del-santo-y-homenaje-a-guillermo-calderon\/\" \/>\n<meta property=\"og:locale\" content=\"en_US\" \/>\n<meta property=\"og:type\" content=\"article\" \/>\n<meta property=\"og:title\" content=\"#MacabroXVII: Santo vs la hija del Santo y homenaje a Guillermo Calder\u00f3n | Macabro\" \/>\n<meta property=\"og:description\" content=\"Santo contra la hija de Frankenstein (La Hija de Frankenstein) Direcci\u00f3n: Miguel M. Delgado Cinematografica Calderon \/ Azteca Films, 1971 (Mexico) Guion: Fernando Os\u00e9s 1971 &#8211; M\u00e9xico &#8211; 97 min La doctora Frankenstein, hija del creador del monstruo elabora el el\u00edxir de la juventud con sangre de cad\u00e1veres, pero el efecto es pasajero. Piensa que\" \/>\n<meta property=\"og:url\" content=\"https:\/\/macabro.mx\/en\/macabroxvii-santo-vs-la-hija-del-santo-y-homenaje-a-guillermo-calderon\/\" \/>\n<meta property=\"og:site_name\" content=\"Macabro\" \/>\n<meta property=\"article:publisher\" content=\"https:\/\/www.facebook.com\/MacabroFICH\" \/>\n<meta property=\"article:published_time\" content=\"2018-09-02T17:19:18+00:00\" \/>\n<meta property=\"og:image\" content=\"https:\/\/macabro.mx\/wp-content\/uploads\/2018\/09\/gracias-tio-memo.jpg\" \/>\n\t<meta property=\"og:image:width\" content=\"1772\" \/>\n\t<meta property=\"og:image:height\" content=\"921\" \/>\n\t<meta property=\"og:image:type\" content=\"image\/jpeg\" \/>\n<meta name=\"author\" content=\"Diario Macabro\" \/>\n<meta name=\"twitter:card\" content=\"summary_large_image\" \/>\n<meta name=\"twitter:creator\" content=\"@MacabroFICH\" \/>\n<meta name=\"twitter:site\" content=\"@MacabroFICH\" \/>\n<meta name=\"twitter:label1\" content=\"Written by\" \/>\n\t<meta name=\"twitter:data1\" content=\"Diario Macabro\" \/>\n\t<meta name=\"twitter:label2\" content=\"Est. reading time\" \/>\n\t<meta name=\"twitter:data2\" content=\"1 minute\" \/>\n<script type=\"application\/ld+json\" class=\"yoast-schema-graph\">{\"@context\":\"https:\/\/schema.org\",\"@graph\":[{\"@type\":\"Article\",\"@id\":\"https:\/\/macabro.mx\/macabroxvii-santo-vs-la-hija-del-santo-y-homenaje-a-guillermo-calderon\/#article\",\"isPartOf\":{\"@id\":\"https:\/\/macabro.mx\/macabroxvii-santo-vs-la-hija-del-santo-y-homenaje-a-guillermo-calderon\/\"},\"author\":{\"name\":\"Diario Macabro\",\"@id\":\"https:\/\/macabro.mx\/#\/schema\/person\/cb1d7e57b8371a3558481dab1425691d\"},\"headline\":\"#MacabroXVII: Santo vs la hija del Santo y homenaje a Guillermo Calder\u00f3n\",\"datePublished\":\"2018-09-02T17:19:18+00:00\",\"mainEntityOfPage\":{\"@id\":\"https:\/\/macabro.mx\/macabroxvii-santo-vs-la-hija-del-santo-y-homenaje-a-guillermo-calderon\/\"},\"wordCount\":176,\"commentCount\":0,\"publisher\":{\"@id\":\"https:\/\/macabro.mx\/#organization\"},\"image\":{\"@id\":\"https:\/\/macabro.mx\/macabroxvii-santo-vs-la-hija-del-santo-y-homenaje-a-guillermo-calderon\/#primaryimage\"},\"thumbnailUrl\":\"https:\/\/macabro.mx\/wp-content\/uploads\/2018\/09\/gracias-tio-memo.jpg\",\"keywords\":[\"35 mm\",\"cine en 35 mm\",\"Cinematografica Calderon\",\"El Santo\",\"Guillermo Calderon\",\"homenaje\",\"Macabro FICH\",\"Macabro Film Festival\",\"Macabro XVII\"],\"articleSection\":[\"Diario Macabro\"],\"inLanguage\":\"en-US\",\"potentialAction\":[{\"@type\":\"CommentAction\",\"name\":\"Comment\",\"target\":[\"https:\/\/macabro.mx\/macabroxvii-santo-vs-la-hija-del-santo-y-homenaje-a-guillermo-calderon\/#respond\"]}]},{\"@type\":\"WebPage\",\"@id\":\"https:\/\/macabro.mx\/macabroxvii-santo-vs-la-hija-del-santo-y-homenaje-a-guillermo-calderon\/\",\"url\":\"https:\/\/macabro.mx\/macabroxvii-santo-vs-la-hija-del-santo-y-homenaje-a-guillermo-calderon\/\",\"name\":\"#MacabroXVII: Santo vs la hija del Santo y homenaje a Guillermo Calder\u00f3n | Macabro\",\"isPartOf\":{\"@id\":\"https:\/\/macabro.mx\/#website\"},\"primaryImageOfPage\":{\"@id\":\"https:\/\/macabro.mx\/macabroxvii-santo-vs-la-hija-del-santo-y-homenaje-a-guillermo-calderon\/#primaryimage\"},\"image\":{\"@id\":\"https:\/\/macabro.mx\/macabroxvii-santo-vs-la-hija-del-santo-y-homenaje-a-guillermo-calderon\/#primaryimage\"},\"thumbnailUrl\":\"https:\/\/macabro.mx\/wp-content\/uploads\/2018\/09\/gracias-tio-memo.jpg\",\"datePublished\":\"2018-09-02T17:19:18+00:00\",\"breadcrumb\":{\"@id\":\"https:\/\/macabro.mx\/macabroxvii-santo-vs-la-hija-del-santo-y-homenaje-a-guillermo-calderon\/#breadcrumb\"},\"inLanguage\":\"en-US\",\"potentialAction\":[{\"@type\":\"ReadAction\",\"target\":[\"https:\/\/macabro.mx\/macabroxvii-santo-vs-la-hija-del-santo-y-homenaje-a-guillermo-calderon\/\"]}]},{\"@type\":\"ImageObject\",\"inLanguage\":\"en-US\",\"@id\":\"https:\/\/macabro.mx\/macabroxvii-santo-vs-la-hija-del-santo-y-homenaje-a-guillermo-calderon\/#primaryimage\",\"url\":\"https:\/\/macabro.mx\/wp-content\/uploads\/2018\/09\/gracias-tio-memo.jpg\",\"contentUrl\":\"https:\/\/macabro.mx\/wp-content\/uploads\/2018\/09\/gracias-tio-memo.jpg\",\"width\":1772,\"height\":921},{\"@type\":\"BreadcrumbList\",\"@id\":\"https:\/\/macabro.mx\/macabroxvii-santo-vs-la-hija-del-santo-y-homenaje-a-guillermo-calderon\/#breadcrumb\",\"itemListElement\":[{\"@type\":\"ListItem\",\"position\":1,\"name\":\"Home\",\"item\":\"https:\/\/macabro.mx\/\"},{\"@type\":\"ListItem\",\"position\":2,\"name\":\"Diario Macabro\",\"item\":\"https:\/\/macabro.mx\/category\/diario-macabro\/\"},{\"@type\":\"ListItem\",\"position\":3,\"name\":\"#MacabroXVII: Santo vs la hija del Santo y homenaje a Guillermo Calder\u00f3n\"}]},{\"@type\":\"WebSite\",\"@id\":\"https:\/\/macabro.mx\/#website\",\"url\":\"https:\/\/macabro.mx\/\",\"name\":\"Macabro\",\"description\":\"Festival Internacional de Cine de Horror\",\"publisher\":{\"@id\":\"https:\/\/macabro.mx\/#organization\"},\"potentialAction\":[{\"@type\":\"SearchAction\",\"target\":{\"@type\":\"EntryPoint\",\"urlTemplate\":\"https:\/\/macabro.mx\/?s={search_term_string}\"},\"query-input\":{\"@type\":\"PropertyValueSpecification\",\"valueRequired\":true,\"valueName\":\"search_term_string\"}}],\"inLanguage\":\"en-US\"},{\"@type\":\"Organization\",\"@id\":\"https:\/\/macabro.mx\/#organization\",\"name\":\"Macabro Film Festival 2025\",\"url\":\"https:\/\/macabro.mx\/\",\"logo\":{\"@type\":\"ImageObject\",\"inLanguage\":\"en-US\",\"@id\":\"https:\/\/macabro.mx\/#\/schema\/logo\/image\/\",\"url\":\"https:\/\/macabro.mx\/wp-content\/uploads\/2020\/11\/logo-macabro.png\",\"contentUrl\":\"https:\/\/macabro.mx\/wp-content\/uploads\/2020\/11\/logo-macabro.png\",\"width\":870,\"height\":336,\"caption\":\"Macabro Film Festival 2025\"},\"image\":{\"@id\":\"https:\/\/macabro.mx\/#\/schema\/logo\/image\/\"},\"sameAs\":[\"https:\/\/www.facebook.com\/MacabroFICH\",\"https:\/\/x.com\/MacabroFICH\",\"https:\/\/www.instagram.com\/macabrofich\/\",\"https:\/\/www.youtube.com\/user\/macabrofest\"]},{\"@type\":\"Person\",\"@id\":\"https:\/\/macabro.mx\/#\/schema\/person\/cb1d7e57b8371a3558481dab1425691d\",\"name\":\"Diario Macabro\",\"image\":{\"@type\":\"ImageObject\",\"inLanguage\":\"en-US\",\"@id\":\"https:\/\/secure.gravatar.com\/avatar\/c503ddb7b9ab82ba0cd034365e426a9406aee5285d5579fbb648e22029e78d98?s=96&d=mm&r=g\",\"url\":\"https:\/\/secure.gravatar.com\/avatar\/c503ddb7b9ab82ba0cd034365e426a9406aee5285d5579fbb648e22029e78d98?s=96&d=mm&r=g\",\"contentUrl\":\"https:\/\/secure.gravatar.com\/avatar\/c503ddb7b9ab82ba0cd034365e426a9406aee5285d5579fbb648e22029e78d98?s=96&d=mm&r=g\",\"caption\":\"Diario Macabro\"},\"url\":\"https:\/\/macabro.mx\/en\/author\/diario-macabro\/\"}]}<\/script>\n<!-- \/ Yoast SEO plugin. -->","yoast_head_json":{"title":"#MacabroXVII: Santo vs la hija del Santo y homenaje a Guillermo Calder\u00f3n | Macabro","robots":{"index":"index","follow":"follow","max-snippet":"max-snippet:-1","max-image-preview":"max-image-preview:large","max-video-preview":"max-video-preview:-1"},"canonical":"https:\/\/macabro.mx\/en\/macabroxvii-santo-vs-la-hija-del-santo-y-homenaje-a-guillermo-calderon\/","og_locale":"en_US","og_type":"article","og_title":"#MacabroXVII: Santo vs la hija del Santo y homenaje a Guillermo Calder\u00f3n | Macabro","og_description":"Santo contra la hija de Frankenstein (La Hija de Frankenstein) Direcci\u00f3n: Miguel M. Delgado Cinematografica Calderon \/ Azteca Films, 1971 (Mexico) Guion: Fernando Os\u00e9s 1971 &#8211; M\u00e9xico &#8211; 97 min La doctora Frankenstein, hija del creador del monstruo elabora el el\u00edxir de la juventud con sangre de cad\u00e1veres, pero el efecto es pasajero. Piensa que","og_url":"https:\/\/macabro.mx\/en\/macabroxvii-santo-vs-la-hija-del-santo-y-homenaje-a-guillermo-calderon\/","og_site_name":"Macabro","article_publisher":"https:\/\/www.facebook.com\/MacabroFICH","article_published_time":"2018-09-02T17:19:18+00:00","og_image":[{"width":1772,"height":921,"url":"https:\/\/macabro.mx\/wp-content\/uploads\/2018\/09\/gracias-tio-memo.jpg","type":"image\/jpeg"}],"author":"Diario Macabro","twitter_card":"summary_large_image","twitter_creator":"@MacabroFICH","twitter_site":"@MacabroFICH","twitter_misc":{"Written by":"Diario Macabro","Est. reading time":"1 minute"},"schema":{"@context":"https:\/\/schema.org","@graph":[{"@type":"Article","@id":"https:\/\/macabro.mx\/macabroxvii-santo-vs-la-hija-del-santo-y-homenaje-a-guillermo-calderon\/#article","isPartOf":{"@id":"https:\/\/macabro.mx\/macabroxvii-santo-vs-la-hija-del-santo-y-homenaje-a-guillermo-calderon\/"},"author":{"name":"Diario Macabro","@id":"https:\/\/macabro.mx\/#\/schema\/person\/cb1d7e57b8371a3558481dab1425691d"},"headline":"#MacabroXVII: Santo vs la hija del Santo y homenaje a Guillermo Calder\u00f3n","datePublished":"2018-09-02T17:19:18+00:00","mainEntityOfPage":{"@id":"https:\/\/macabro.mx\/macabroxvii-santo-vs-la-hija-del-santo-y-homenaje-a-guillermo-calderon\/"},"wordCount":176,"commentCount":0,"publisher":{"@id":"https:\/\/macabro.mx\/#organization"},"image":{"@id":"https:\/\/macabro.mx\/macabroxvii-santo-vs-la-hija-del-santo-y-homenaje-a-guillermo-calderon\/#primaryimage"},"thumbnailUrl":"https:\/\/macabro.mx\/wp-content\/uploads\/2018\/09\/gracias-tio-memo.jpg","keywords":["35 mm","cine en 35 mm","Cinematografica Calderon","El Santo","Guillermo Calderon","homenaje","Macabro FICH","Macabro Film Festival","Macabro XVII"],"articleSection":["Diario Macabro"],"inLanguage":"en-US","potentialAction":[{"@type":"CommentAction","name":"Comment","target":["https:\/\/macabro.mx\/macabroxvii-santo-vs-la-hija-del-santo-y-homenaje-a-guillermo-calderon\/#respond"]}]},{"@type":"WebPage","@id":"https:\/\/macabro.mx\/macabroxvii-santo-vs-la-hija-del-santo-y-homenaje-a-guillermo-calderon\/","url":"https:\/\/macabro.mx\/macabroxvii-santo-vs-la-hija-del-santo-y-homenaje-a-guillermo-calderon\/","name":"#MacabroXVII: Santo vs la hija del Santo y homenaje a Guillermo Calder\u00f3n | Macabro","isPartOf":{"@id":"https:\/\/macabro.mx\/#website"},"primaryImageOfPage":{"@id":"https:\/\/macabro.mx\/macabroxvii-santo-vs-la-hija-del-santo-y-homenaje-a-guillermo-calderon\/#primaryimage"},"image":{"@id":"https:\/\/macabro.mx\/macabroxvii-santo-vs-la-hija-del-santo-y-homenaje-a-guillermo-calderon\/#primaryimage"},"thumbnailUrl":"https:\/\/macabro.mx\/wp-content\/uploads\/2018\/09\/gracias-tio-memo.jpg","datePublished":"2018-09-02T17:19:18+00:00","breadcrumb":{"@id":"https:\/\/macabro.mx\/macabroxvii-santo-vs-la-hija-del-santo-y-homenaje-a-guillermo-calderon\/#breadcrumb"},"inLanguage":"en-US","potentialAction":[{"@type":"ReadAction","target":["https:\/\/macabro.mx\/macabroxvii-santo-vs-la-hija-del-santo-y-homenaje-a-guillermo-calderon\/"]}]},{"@type":"ImageObject","inLanguage":"en-US","@id":"https:\/\/macabro.mx\/macabroxvii-santo-vs-la-hija-del-santo-y-homenaje-a-guillermo-calderon\/#primaryimage","url":"https:\/\/macabro.mx\/wp-content\/uploads\/2018\/09\/gracias-tio-memo.jpg","contentUrl":"https:\/\/macabro.mx\/wp-content\/uploads\/2018\/09\/gracias-tio-memo.jpg","width":1772,"height":921},{"@type":"BreadcrumbList","@id":"https:\/\/macabro.mx\/macabroxvii-santo-vs-la-hija-del-santo-y-homenaje-a-guillermo-calderon\/#breadcrumb","itemListElement":[{"@type":"ListItem","position":1,"name":"Home","item":"https:\/\/macabro.mx\/"},{"@type":"ListItem","position":2,"name":"Diario Macabro","item":"https:\/\/macabro.mx\/category\/diario-macabro\/"},{"@type":"ListItem","position":3,"name":"#MacabroXVII: Santo vs la hija del Santo y homenaje a Guillermo Calder\u00f3n"}]},{"@type":"WebSite","@id":"https:\/\/macabro.mx\/#website","url":"https:\/\/macabro.mx\/","name":"Macabro","description":"Festival Internacional de Cine de Horror","publisher":{"@id":"https:\/\/macabro.mx\/#organization"},"potentialAction":[{"@type":"SearchAction","target":{"@type":"EntryPoint","urlTemplate":"https:\/\/macabro.mx\/?s={search_term_string}"},"query-input":{"@type":"PropertyValueSpecification","valueRequired":true,"valueName":"search_term_string"}}],"inLanguage":"en-US"},{"@type":"Organization","@id":"https:\/\/macabro.mx\/#organization","name":"Macabro Film Festival 2025","url":"https:\/\/macabro.mx\/","logo":{"@type":"ImageObject","inLanguage":"en-US","@id":"https:\/\/macabro.mx\/#\/schema\/logo\/image\/","url":"https:\/\/macabro.mx\/wp-content\/uploads\/2020\/11\/logo-macabro.png","contentUrl":"https:\/\/macabro.mx\/wp-content\/uploads\/2020\/11\/logo-macabro.png","width":870,"height":336,"caption":"Macabro Film Festival 2025"},"image":{"@id":"https:\/\/macabro.mx\/#\/schema\/logo\/image\/"},"sameAs":["https:\/\/www.facebook.com\/MacabroFICH","https:\/\/x.com\/MacabroFICH","https:\/\/www.instagram.com\/macabrofich\/","https:\/\/www.youtube.com\/user\/macabrofest"]},{"@type":"Person","@id":"https:\/\/macabro.mx\/#\/schema\/person\/cb1d7e57b8371a3558481dab1425691d","name":"Diario Macabro","image":{"@type":"ImageObject","inLanguage":"en-US","@id":"https:\/\/secure.gravatar.com\/avatar\/c503ddb7b9ab82ba0cd034365e426a9406aee5285d5579fbb648e22029e78d98?s=96&d=mm&r=g","url":"https:\/\/secure.gravatar.com\/avatar\/c503ddb7b9ab82ba0cd034365e426a9406aee5285d5579fbb648e22029e78d98?s=96&d=mm&r=g","contentUrl":"https:\/\/secure.gravatar.com\/avatar\/c503ddb7b9ab82ba0cd034365e426a9406aee5285d5579fbb648e22029e78d98?s=96&d=mm&r=g","caption":"Diario Macabro"},"url":"https:\/\/macabro.mx\/en\/author\/diario-macabro\/"}]}},"_links":{"self":[{"href":"https:\/\/macabro.mx\/en\/wp-json\/wp\/v2\/posts\/2828","targetHints":{"allow":["GET"]}}],"collection":[{"href":"https:\/\/macabro.mx\/en\/wp-json\/wp\/v2\/posts"}],"about":[{"href":"https:\/\/macabro.mx\/en\/wp-json\/wp\/v2\/types\/post"}],"author":[{"embeddable":true,"href":"https:\/\/macabro.mx\/en\/wp-json\/wp\/v2\/users\/2"}],"replies":[{"embeddable":true,"href":"https:\/\/macabro.mx\/en\/wp-json\/wp\/v2\/comments?post=2828"}],"version-history":[{"count":2,"href":"https:\/\/macabro.mx\/en\/wp-json\/wp\/v2\/posts\/2828\/revisions"}],"predecessor-version":[{"id":2831,"href":"https:\/\/macabro.mx\/en\/wp-json\/wp\/v2\/posts\/2828\/revisions\/2831"}],"wp:featuredmedia":[{"embeddable":true,"href":"https:\/\/macabro.mx\/en\/wp-json\/wp\/v2\/media\/2829"}],"wp:attachment":[{"href":"https:\/\/macabro.mx\/en\/wp-json\/wp\/v2\/media?parent=2828"}],"wp:term":[{"taxonomy":"category","embeddable":true,"href":"https:\/\/macabro.mx\/en\/wp-json\/wp\/v2\/categories?post=2828"},{"taxonomy":"post_tag","embeddable":true,"href":"https:\/\/macabro.mx\/en\/wp-json\/wp\/v2\/tags?post=2828"},{"taxonomy":"festival_year","embeddable":true,"href":"https:\/\/macabro.mx\/en\/wp-json\/wp\/v2\/festival_year?post=2828"}],"curies":[{"name":"wp","href":"https:\/\/api.w.org\/{rel}","templated":true}]}}