{"id":3026,"date":"2019-01-14T15:20:51","date_gmt":"2019-01-14T21:20:51","guid":{"rendered":"https:\/\/macabro.mx\/?p=3026"},"modified":"2019-01-14T15:20:51","modified_gmt":"2019-01-14T21:20:51","slug":"convocatoria-de-participacion-macabro-xviii","status":"publish","type":"post","link":"https:\/\/macabro.mx\/en\/convocatoria-de-participacion-macabro-xviii\/","title":{"rendered":"\u00a1Convocatoria de participaci\u00f3n Macabro XVIII!"},"content":{"rendered":"<p><img loading=\"lazy\" decoding=\"async\" width=\"700\" height=\"300\" class=\"alignnone size-large wp-image-3029 aligncenter\" src=\"https:\/\/macabro.mx\/wp-content\/uploads\/2019\/01\/logo-MACABRO_fondo-blanco-2-700x300.png\" alt=\"\" srcset=\"https:\/\/macabro.mx\/wp-content\/uploads\/2019\/01\/logo-MACABRO_fondo-blanco-2-700x300.png 700w, https:\/\/macabro.mx\/wp-content\/uploads\/2019\/01\/logo-MACABRO_fondo-blanco-2-250x107.png 250w, https:\/\/macabro.mx\/wp-content\/uploads\/2019\/01\/logo-MACABRO_fondo-blanco-2-768x329.png 768w, https:\/\/macabro.mx\/wp-content\/uploads\/2019\/01\/logo-MACABRO_fondo-blanco-2-120x51.png 120w\" sizes=\"auto, (max-width: 700px) 100vw, 700px\" \/><\/p>\n<p>Te invitamos a participar en la XVIII edici\u00f3n de Macabro: Festival Internacional de Cine de Horror de la Ciudad de M\u00e9xico, el cual tendr\u00e1 lugar en el mes de agosto de 2019. Te pedimos leer con atenci\u00f3n y en su totalidad esta convocatoria as\u00ed como el formato de inscripci\u00f3n, antes de enviar tus trabajos y\/o fichas de inscripci\u00f3n. Con gusto contestaremos tus dudas y ampliaremos informaci\u00f3n NO INCLUIDA en esta convocatoria en los siguientes correos: programaci\u00f3n@macabro.mx y\/o contacto@macabro.mx<\/p>\n<p>1- BASES DE PARTICIPACI\u00d3N<br \/>\n1.1 No hay l\u00edmite de edad o nacionalidad para participar.<br \/>\n1.2 Cada participante podr\u00e1 inscribir tantas obras como desee.<br \/>\n1.3 Las obras ser\u00e1n consideradas en primera instancia para ser incluidas en las secciones de COMPETENCIA: Largometraje Internacional de Horror, largometraje latinoamericano de Horror, cortometraje mexicano de horror y cortometraje internacional de horror. Los filmes NO seleccionados en competencia podr\u00edan ser considerados para las secciones de EXHIBICI\u00d3N PARALELA.<br \/>\n1.4 Macabro FICH no paga derechos de exhibici\u00f3n para pel\u00edculas en competencia.<br \/>\n1.5 No hay restricci\u00f3n del formato original de realizaci\u00f3n de la obra.<br \/>\n1.6 La fecha de producci\u00f3n para participar en la competencia no podr\u00e1 ser anterior al a\u00f1o 2017.<br \/>\n1.7 Los largometrajes que hayan sido proyectados previamente en la Ciudad de M\u00e9xico a la edici\u00f3n 2019 de Macabro, NO podr\u00e1n participar en la selecci\u00f3n competitiva, s\u00f3lo podr\u00e1n ser considerados para su EXHIBICI\u00d3N dentro del festival.<\/p>\n<p>2.- INSCRIPCI\u00d3N.<br \/>\n2.1 El per\u00edodo de inscripciones inicia a partir de la publicaci\u00f3n de esta convocatoria.<br \/>\n2.2. <strong>El env\u00edo de fichas de inscripci\u00f3n y screeners solo se recibir\u00e1 v\u00eda internet a trav\u00e9s del sitio <a href=\"https:\/\/filmfreeway.com\/Macabro\">https:\/\/filmfreeway.com\/Macabro\u00a0<\/a><\/strong><br \/>\n2.3 Los autores son responsables de los derechos de sus obras.<br \/>\n2.4 La fecha l\u00edmite de inscripci\u00f3n es: 30 de abril de 2019.<\/p>\n<p>3.- SELECCI\u00d3N.<br \/>\n3.1 Las obras ser\u00e1n seleccionadas para competencia o exhibici\u00f3n. La decisi\u00f3n final ser\u00e1 inapelable.<br \/>\n3.2 La organizaci\u00f3n acordar\u00e1 la fecha y orden de exhibici\u00f3n de las pel\u00edculas. En caso de ser solicitados para exhibiciones posteriores a la Muestra principal, la organizaci\u00f3n notificar\u00e1 v\u00eda email a los productores, directores y\/o distribuidores.<br \/>\n3.3 La proyecci\u00f3n de las obras seleccionadas se realizar\u00e1 preferentemente en DCP o Blu-Ray.<br \/>\n3.4 Las obras habladas en lenguas distintas al espa\u00f1ol se presentar\u00e1n en versi\u00f3n subtitulada en ingl\u00e9s o en espa\u00f1ol.<br \/>\n3.5 Las copias de exhibici\u00f3n deber\u00e1n ser enviadas en tiempos y formatos acordados con la organizaci\u00f3n<br \/>\n3.6 Las obras ganadoras de alg\u00fan premio podr\u00e1n ser proyectadas por la organizaci\u00f3n en los compromisos que \u00e9sta tiene con sus aliados.<br \/>\n3.7 La programaci\u00f3n de MACABRO FICH podr\u00eda ser llevada a otros estados y pa\u00edses. Si est\u00e1s de acuerdo en que tu obra participe en las muestras posteriores al festival, hazlo saber en el apartado para ello en el formato de inscripci\u00f3n.<br \/>\n3.8 MACABRO FICH podr\u00e1 invitar largometrajes para la secci\u00f3n de competencia. La solicitud de screeners para visionado no ser\u00e1 considerada como una invitaci\u00f3n.<br \/>\n3.9 La duraci\u00f3n para considerar la selecci\u00f3n de un largometraje ser\u00e1 de 60 a 120 minutos con cr\u00e9ditos incluidos.<br \/>\n3.10 La duraci\u00f3n para considerar la selecci\u00f3n de un cortometraje ser\u00e1 de 1 a 29 minutos con cr\u00e9ditos incluidos.<br \/>\n3.11 La organizaci\u00f3n se reservar\u00e1 el derecho de programar mediometrajes (de 30 a 59 minutos).<\/p>\n<p>4.- ENV\u00cdO DE LOS FILMES SELECCIONADOS<br \/>\n4.1 Las obras seleccionadas deber\u00e1n ser enviadas en tiempos y formatos acordados con la organizaci\u00f3n del Festival.<br \/>\n4.2 En caso de que la pel\u00edcula seleccionada se trate de un \u201cwork in progress\u201d, DEBER\u00c1 SER NOTIFICADO A LA ORGANIZACI\u00d3N AL MOMENTO DE LA INSCRIPCI\u00d3N, as\u00ed como la fecha de entrega de la obra terminada para su exhibici\u00f3n, de lo contrario podr\u00eda quedar fuera de la programaci\u00f3n sin previo aviso. La organizaci\u00f3n se reserva el derecho de incluir el \u201cwork in progress\u201d en su programaci\u00f3n.<br \/>\n4.3 Macabro FICH contactar\u00e1 directamente a todos y cada uno de los autores de las OBRAS SELECCIONADAS para notificarles sus condiciones de participaci\u00f3n.<br \/>\n4.4 En caso de que tu obra no quede seleccionada y solicites el dictamen sobre la misma, \u00e9ste tendr\u00e1 un costo de $100 USD.<\/p>\n<p>5.- JURADO<\/p>\n<p>5.1 El Jurado Oficial estar\u00e1 compuesto por reconocidos cineastas y especialistas nacionales e internacionales y ser\u00e1 el encargado de otorgar los premios. Macabro FICH dar\u00e1 a conocer a los integrantes del Jurado, previo a la realizaci\u00f3n del Festival.<br \/>\n5.2 La decisi\u00f3n del Jurado ser\u00e1 inapelable y podr\u00eda declarar desierto alguno de los premios.<\/p>\n<p>6.- ACEPTACI\u00d3N DE LAS BASES<br \/>\n6.1 La Organizaci\u00f3n resolver\u00e1 las dudas que pudieran plantearse, siendo su decisi\u00f3n final inapelable.<br \/>\n6.2 La Organizaci\u00f3n podr\u00e1 exhibir fragmentos de los largometrajes seleccionados con fines promocionales (website, redes sociales, televisi\u00f3n, etc.)<br \/>\n6.3 La inscripci\u00f3n implica la aceptaci\u00f3n de estas bases.<\/p>\n<p>7.- PREMIOS<\/p>\n<p>Se establecen los siguientes premios:<br \/>\n7.1 Gran Premio Macabro a Mejor Largometraje Internacional\u2013 Estatuilla FICH Rojo<br \/>\n7.2 Macabro de Zafiro a Mejor Largometraje Latinoamericano \u2013 Estatuilla FICH Azul<br \/>\n7.3 Macabro de Plata al Mejor Director &#8211; Estatuilla FICH Plateada<br \/>\n7.4 Macabro de Jade al Mejor Cortometraje Mexicano \u2013 Estatuilla FICH Verde<br \/>\n7.5 Macabro de \u00d3nix al Mejor Cortometraje Internacional \u2013 Estatuilla FICH Negra<br \/>\n7.6 Macabro al Mejor Cortometraje de Animaci\u00f3n \u2013 Estatuilla FICH Violeta<br \/>\n7.7 Macabro Fantasma a pel\u00edcula elegida por el p\u00fablico Macabro \u2013 Estatuilla FICH Blanca<br \/>\nTodas las pel\u00edculas producidas entre 2016 y 2018 sin importar nacionalidad o secci\u00f3n podr\u00e1n ser votadas para el premio del p\u00fablico.<br \/>\n7.8 Macabro a Mejor pel\u00edcula elegida por la prensa \u2013 Estatuilla FICH Bronce<br \/>\nEl premio ser\u00e1 otorgado por los miembros de la prensa que est\u00e9n acreditados para cubrir el festival.<br \/>\n7.9 Menciones especiales en diferentes rubros.<br \/>\n7.10 Macabro FICH anunciar\u00e1 con oportunidad los premios econ\u00f3micos y\/o en especie para cada competencia.<\/p>\n<p>8. SOBRE MACABRO<br \/>\nMacabro es un evento producido por Arte Audiovisual Alternativo, A.C., una organizaci\u00f3n sin fines de lucro dedicada a la gesti\u00f3n cultural y producci\u00f3n audiovisual.<br \/>\nMacabro FICH, el logotipo de Macabro y Festival Macabro son de uso exclusivo de Arte Audiovisual Alternativo, A.C. Se proh\u00edbe su uso sin previa autorizaci\u00f3n de los organizadores del Festival.<\/p>\n<p><img loading=\"lazy\" decoding=\"async\" width=\"700\" height=\"91\" class=\"alignnone size-large wp-image-3030 aligncenter\" src=\"https:\/\/macabro.mx\/wp-content\/uploads\/2019\/01\/redes-sociales-macabro-700x91.jpg\" alt=\"\" srcset=\"https:\/\/macabro.mx\/wp-content\/uploads\/2019\/01\/redes-sociales-macabro-700x91.jpg 700w, https:\/\/macabro.mx\/wp-content\/uploads\/2019\/01\/redes-sociales-macabro-250x33.jpg 250w, https:\/\/macabro.mx\/wp-content\/uploads\/2019\/01\/redes-sociales-macabro-768x100.jpg 768w, https:\/\/macabro.mx\/wp-content\/uploads\/2019\/01\/redes-sociales-macabro-120x16.jpg 120w, https:\/\/macabro.mx\/wp-content\/uploads\/2019\/01\/redes-sociales-macabro.jpg 984w\" sizes=\"auto, (max-width: 700px) 100vw, 700px\" \/><\/p>","protected":false},"excerpt":{"rendered":"Te invitamos a participar en la XVIII edici\u00f3n de Macabro: Festival Internacional de Cine de Horror de la Ciudad de M\u00e9xico, el cual tendr\u00e1 lugar en el mes de agosto de 2019. Te pedimos leer con atenci\u00f3n y en su totalidad esta convocatoria as\u00ed como el formato de inscripci\u00f3n, antes de enviar tus trabajos y\/o","protected":false},"author":2,"featured_media":3051,"comment_status":"open","ping_status":"open","sticky":false,"template":"","format":"standard","meta":{"_acf_changed":false,"footnotes":""},"categories":[2,1],"tags":[65,20,1023,1026,1025,1024],"festival_year":[],"class_list":["post-3026","post","type-post","status-publish","format-standard","has-post-thumbnail","hentry","category-diario-macabro","category-uncategorized","tag-cdmx","tag-cine-de-terror","tag-convocatoria-2019","tag-convocatoria-macabro-2019","tag-macabro-2019","tag-macabro-xviii"],"acf":[],"yoast_head":"<!-- This site is optimized with the Yoast SEO plugin v27.2 - https:\/\/yoast.com\/product\/yoast-seo-wordpress\/ -->\n<title>\u00a1Convocatoria de participaci\u00f3n Macabro XVIII! | Macabro<\/title>\n<meta name=\"robots\" content=\"index, follow, max-snippet:-1, max-image-preview:large, max-video-preview:-1\" \/>\n<link rel=\"canonical\" href=\"https:\/\/macabro.mx\/en\/convocatoria-de-participacion-macabro-xviii\/\" \/>\n<meta property=\"og:locale\" content=\"en_US\" \/>\n<meta property=\"og:type\" content=\"article\" \/>\n<meta property=\"og:title\" content=\"\u00a1Convocatoria de participaci\u00f3n Macabro XVIII! | Macabro\" \/>\n<meta property=\"og:description\" content=\"Te invitamos a participar en la XVIII edici\u00f3n de Macabro: Festival Internacional de Cine de Horror de la Ciudad de M\u00e9xico, el cual tendr\u00e1 lugar en el mes de agosto de 2019. Te pedimos leer con atenci\u00f3n y en su totalidad esta convocatoria as\u00ed como el formato de inscripci\u00f3n, antes de enviar tus trabajos y\/o\" \/>\n<meta property=\"og:url\" content=\"https:\/\/macabro.mx\/en\/convocatoria-de-participacion-macabro-xviii\/\" \/>\n<meta property=\"og:site_name\" content=\"Macabro\" \/>\n<meta property=\"article:publisher\" content=\"https:\/\/www.facebook.com\/MacabroFICH\" \/>\n<meta property=\"article:published_time\" content=\"2019-01-14T21:20:51+00:00\" \/>\n<meta property=\"og:image\" content=\"https:\/\/macabro.mx\/wp-content\/uploads\/2019\/01\/Flyer-convocatoria-2019.jpg\" \/>\n\t<meta property=\"og:image:width\" content=\"3300\" \/>\n\t<meta property=\"og:image:height\" content=\"4030\" \/>\n\t<meta property=\"og:image:type\" content=\"image\/jpeg\" \/>\n<meta name=\"author\" content=\"Diario Macabro\" \/>\n<meta name=\"twitter:card\" content=\"summary_large_image\" \/>\n<meta name=\"twitter:creator\" content=\"@MacabroFICH\" \/>\n<meta name=\"twitter:site\" content=\"@MacabroFICH\" \/>\n<meta name=\"twitter:label1\" content=\"Written by\" \/>\n\t<meta name=\"twitter:data1\" content=\"Diario Macabro\" \/>\n\t<meta name=\"twitter:label2\" content=\"Est. reading time\" \/>\n\t<meta name=\"twitter:data2\" content=\"5 minutes\" \/>\n<script type=\"application\/ld+json\" class=\"yoast-schema-graph\">{\"@context\":\"https:\/\/schema.org\",\"@graph\":[{\"@type\":\"Article\",\"@id\":\"https:\/\/macabro.mx\/convocatoria-de-participacion-macabro-xviii\/#article\",\"isPartOf\":{\"@id\":\"https:\/\/macabro.mx\/convocatoria-de-participacion-macabro-xviii\/\"},\"author\":{\"name\":\"Diario Macabro\",\"@id\":\"https:\/\/macabro.mx\/#\/schema\/person\/cb1d7e57b8371a3558481dab1425691d\"},\"headline\":\"\u00a1Convocatoria de participaci\u00f3n Macabro XVIII!\",\"datePublished\":\"2019-01-14T21:20:51+00:00\",\"mainEntityOfPage\":{\"@id\":\"https:\/\/macabro.mx\/convocatoria-de-participacion-macabro-xviii\/\"},\"wordCount\":1043,\"commentCount\":0,\"publisher\":{\"@id\":\"https:\/\/macabro.mx\/#organization\"},\"image\":{\"@id\":\"https:\/\/macabro.mx\/convocatoria-de-participacion-macabro-xviii\/#primaryimage\"},\"thumbnailUrl\":\"https:\/\/macabro.mx\/wp-content\/uploads\/2019\/01\/Flyer-convocatoria-2019.jpg\",\"keywords\":[\"CDMX\",\"cine de terror\",\"Convocatoria 2019\",\"Convocatoria Macabro 2019\",\"Macabro 2019\",\"Macabro XVIII\"],\"articleSection\":[\"Diario Macabro\"],\"inLanguage\":\"en-US\",\"potentialAction\":[{\"@type\":\"CommentAction\",\"name\":\"Comment\",\"target\":[\"https:\/\/macabro.mx\/convocatoria-de-participacion-macabro-xviii\/#respond\"]}]},{\"@type\":\"WebPage\",\"@id\":\"https:\/\/macabro.mx\/convocatoria-de-participacion-macabro-xviii\/\",\"url\":\"https:\/\/macabro.mx\/convocatoria-de-participacion-macabro-xviii\/\",\"name\":\"\u00a1Convocatoria de participaci\u00f3n Macabro XVIII! | Macabro\",\"isPartOf\":{\"@id\":\"https:\/\/macabro.mx\/#website\"},\"primaryImageOfPage\":{\"@id\":\"https:\/\/macabro.mx\/convocatoria-de-participacion-macabro-xviii\/#primaryimage\"},\"image\":{\"@id\":\"https:\/\/macabro.mx\/convocatoria-de-participacion-macabro-xviii\/#primaryimage\"},\"thumbnailUrl\":\"https:\/\/macabro.mx\/wp-content\/uploads\/2019\/01\/Flyer-convocatoria-2019.jpg\",\"datePublished\":\"2019-01-14T21:20:51+00:00\",\"breadcrumb\":{\"@id\":\"https:\/\/macabro.mx\/convocatoria-de-participacion-macabro-xviii\/#breadcrumb\"},\"inLanguage\":\"en-US\",\"potentialAction\":[{\"@type\":\"ReadAction\",\"target\":[\"https:\/\/macabro.mx\/convocatoria-de-participacion-macabro-xviii\/\"]}]},{\"@type\":\"ImageObject\",\"inLanguage\":\"en-US\",\"@id\":\"https:\/\/macabro.mx\/convocatoria-de-participacion-macabro-xviii\/#primaryimage\",\"url\":\"https:\/\/macabro.mx\/wp-content\/uploads\/2019\/01\/Flyer-convocatoria-2019.jpg\",\"contentUrl\":\"https:\/\/macabro.mx\/wp-content\/uploads\/2019\/01\/Flyer-convocatoria-2019.jpg\",\"width\":3300,\"height\":4030},{\"@type\":\"BreadcrumbList\",\"@id\":\"https:\/\/macabro.mx\/convocatoria-de-participacion-macabro-xviii\/#breadcrumb\",\"itemListElement\":[{\"@type\":\"ListItem\",\"position\":1,\"name\":\"Home\",\"item\":\"https:\/\/macabro.mx\/\"},{\"@type\":\"ListItem\",\"position\":2,\"name\":\"Diario Macabro\",\"item\":\"https:\/\/macabro.mx\/category\/diario-macabro\/\"},{\"@type\":\"ListItem\",\"position\":3,\"name\":\"\u00a1Convocatoria de participaci\u00f3n Macabro XVIII!\"}]},{\"@type\":\"WebSite\",\"@id\":\"https:\/\/macabro.mx\/#website\",\"url\":\"https:\/\/macabro.mx\/\",\"name\":\"Macabro\",\"description\":\"Festival Internacional de Cine de Horror\",\"publisher\":{\"@id\":\"https:\/\/macabro.mx\/#organization\"},\"potentialAction\":[{\"@type\":\"SearchAction\",\"target\":{\"@type\":\"EntryPoint\",\"urlTemplate\":\"https:\/\/macabro.mx\/?s={search_term_string}\"},\"query-input\":{\"@type\":\"PropertyValueSpecification\",\"valueRequired\":true,\"valueName\":\"search_term_string\"}}],\"inLanguage\":\"en-US\"},{\"@type\":\"Organization\",\"@id\":\"https:\/\/macabro.mx\/#organization\",\"name\":\"Macabro Film Festival 2025\",\"url\":\"https:\/\/macabro.mx\/\",\"logo\":{\"@type\":\"ImageObject\",\"inLanguage\":\"en-US\",\"@id\":\"https:\/\/macabro.mx\/#\/schema\/logo\/image\/\",\"url\":\"https:\/\/macabro.mx\/wp-content\/uploads\/2020\/11\/logo-macabro.png\",\"contentUrl\":\"https:\/\/macabro.mx\/wp-content\/uploads\/2020\/11\/logo-macabro.png\",\"width\":870,\"height\":336,\"caption\":\"Macabro Film Festival 2025\"},\"image\":{\"@id\":\"https:\/\/macabro.mx\/#\/schema\/logo\/image\/\"},\"sameAs\":[\"https:\/\/www.facebook.com\/MacabroFICH\",\"https:\/\/x.com\/MacabroFICH\",\"https:\/\/www.instagram.com\/macabrofich\/\",\"https:\/\/www.youtube.com\/user\/macabrofest\"]},{\"@type\":\"Person\",\"@id\":\"https:\/\/macabro.mx\/#\/schema\/person\/cb1d7e57b8371a3558481dab1425691d\",\"name\":\"Diario Macabro\",\"image\":{\"@type\":\"ImageObject\",\"inLanguage\":\"en-US\",\"@id\":\"https:\/\/secure.gravatar.com\/avatar\/c503ddb7b9ab82ba0cd034365e426a9406aee5285d5579fbb648e22029e78d98?s=96&d=mm&r=g\",\"url\":\"https:\/\/secure.gravatar.com\/avatar\/c503ddb7b9ab82ba0cd034365e426a9406aee5285d5579fbb648e22029e78d98?s=96&d=mm&r=g\",\"contentUrl\":\"https:\/\/secure.gravatar.com\/avatar\/c503ddb7b9ab82ba0cd034365e426a9406aee5285d5579fbb648e22029e78d98?s=96&d=mm&r=g\",\"caption\":\"Diario Macabro\"},\"url\":\"https:\/\/macabro.mx\/en\/author\/diario-macabro\/\"}]}<\/script>\n<!-- \/ Yoast SEO plugin. -->","yoast_head_json":{"title":"\u00a1Convocatoria de participaci\u00f3n Macabro XVIII! | Macabro","robots":{"index":"index","follow":"follow","max-snippet":"max-snippet:-1","max-image-preview":"max-image-preview:large","max-video-preview":"max-video-preview:-1"},"canonical":"https:\/\/macabro.mx\/en\/convocatoria-de-participacion-macabro-xviii\/","og_locale":"en_US","og_type":"article","og_title":"\u00a1Convocatoria de participaci\u00f3n Macabro XVIII! | Macabro","og_description":"Te invitamos a participar en la XVIII edici\u00f3n de Macabro: Festival Internacional de Cine de Horror de la Ciudad de M\u00e9xico, el cual tendr\u00e1 lugar en el mes de agosto de 2019. Te pedimos leer con atenci\u00f3n y en su totalidad esta convocatoria as\u00ed como el formato de inscripci\u00f3n, antes de enviar tus trabajos y\/o","og_url":"https:\/\/macabro.mx\/en\/convocatoria-de-participacion-macabro-xviii\/","og_site_name":"Macabro","article_publisher":"https:\/\/www.facebook.com\/MacabroFICH","article_published_time":"2019-01-14T21:20:51+00:00","og_image":[{"width":3300,"height":4030,"url":"https:\/\/macabro.mx\/wp-content\/uploads\/2019\/01\/Flyer-convocatoria-2019.jpg","type":"image\/jpeg"}],"author":"Diario Macabro","twitter_card":"summary_large_image","twitter_creator":"@MacabroFICH","twitter_site":"@MacabroFICH","twitter_misc":{"Written by":"Diario Macabro","Est. reading time":"5 minutes"},"schema":{"@context":"https:\/\/schema.org","@graph":[{"@type":"Article","@id":"https:\/\/macabro.mx\/convocatoria-de-participacion-macabro-xviii\/#article","isPartOf":{"@id":"https:\/\/macabro.mx\/convocatoria-de-participacion-macabro-xviii\/"},"author":{"name":"Diario Macabro","@id":"https:\/\/macabro.mx\/#\/schema\/person\/cb1d7e57b8371a3558481dab1425691d"},"headline":"\u00a1Convocatoria de participaci\u00f3n Macabro XVIII!","datePublished":"2019-01-14T21:20:51+00:00","mainEntityOfPage":{"@id":"https:\/\/macabro.mx\/convocatoria-de-participacion-macabro-xviii\/"},"wordCount":1043,"commentCount":0,"publisher":{"@id":"https:\/\/macabro.mx\/#organization"},"image":{"@id":"https:\/\/macabro.mx\/convocatoria-de-participacion-macabro-xviii\/#primaryimage"},"thumbnailUrl":"https:\/\/macabro.mx\/wp-content\/uploads\/2019\/01\/Flyer-convocatoria-2019.jpg","keywords":["CDMX","cine de terror","Convocatoria 2019","Convocatoria Macabro 2019","Macabro 2019","Macabro XVIII"],"articleSection":["Diario Macabro"],"inLanguage":"en-US","potentialAction":[{"@type":"CommentAction","name":"Comment","target":["https:\/\/macabro.mx\/convocatoria-de-participacion-macabro-xviii\/#respond"]}]},{"@type":"WebPage","@id":"https:\/\/macabro.mx\/convocatoria-de-participacion-macabro-xviii\/","url":"https:\/\/macabro.mx\/convocatoria-de-participacion-macabro-xviii\/","name":"\u00a1Convocatoria de participaci\u00f3n Macabro XVIII! | Macabro","isPartOf":{"@id":"https:\/\/macabro.mx\/#website"},"primaryImageOfPage":{"@id":"https:\/\/macabro.mx\/convocatoria-de-participacion-macabro-xviii\/#primaryimage"},"image":{"@id":"https:\/\/macabro.mx\/convocatoria-de-participacion-macabro-xviii\/#primaryimage"},"thumbnailUrl":"https:\/\/macabro.mx\/wp-content\/uploads\/2019\/01\/Flyer-convocatoria-2019.jpg","datePublished":"2019-01-14T21:20:51+00:00","breadcrumb":{"@id":"https:\/\/macabro.mx\/convocatoria-de-participacion-macabro-xviii\/#breadcrumb"},"inLanguage":"en-US","potentialAction":[{"@type":"ReadAction","target":["https:\/\/macabro.mx\/convocatoria-de-participacion-macabro-xviii\/"]}]},{"@type":"ImageObject","inLanguage":"en-US","@id":"https:\/\/macabro.mx\/convocatoria-de-participacion-macabro-xviii\/#primaryimage","url":"https:\/\/macabro.mx\/wp-content\/uploads\/2019\/01\/Flyer-convocatoria-2019.jpg","contentUrl":"https:\/\/macabro.mx\/wp-content\/uploads\/2019\/01\/Flyer-convocatoria-2019.jpg","width":3300,"height":4030},{"@type":"BreadcrumbList","@id":"https:\/\/macabro.mx\/convocatoria-de-participacion-macabro-xviii\/#breadcrumb","itemListElement":[{"@type":"ListItem","position":1,"name":"Home","item":"https:\/\/macabro.mx\/"},{"@type":"ListItem","position":2,"name":"Diario Macabro","item":"https:\/\/macabro.mx\/category\/diario-macabro\/"},{"@type":"ListItem","position":3,"name":"\u00a1Convocatoria de participaci\u00f3n Macabro XVIII!"}]},{"@type":"WebSite","@id":"https:\/\/macabro.mx\/#website","url":"https:\/\/macabro.mx\/","name":"Macabro","description":"Festival Internacional de Cine de Horror","publisher":{"@id":"https:\/\/macabro.mx\/#organization"},"potentialAction":[{"@type":"SearchAction","target":{"@type":"EntryPoint","urlTemplate":"https:\/\/macabro.mx\/?s={search_term_string}"},"query-input":{"@type":"PropertyValueSpecification","valueRequired":true,"valueName":"search_term_string"}}],"inLanguage":"en-US"},{"@type":"Organization","@id":"https:\/\/macabro.mx\/#organization","name":"Macabro Film Festival 2025","url":"https:\/\/macabro.mx\/","logo":{"@type":"ImageObject","inLanguage":"en-US","@id":"https:\/\/macabro.mx\/#\/schema\/logo\/image\/","url":"https:\/\/macabro.mx\/wp-content\/uploads\/2020\/11\/logo-macabro.png","contentUrl":"https:\/\/macabro.mx\/wp-content\/uploads\/2020\/11\/logo-macabro.png","width":870,"height":336,"caption":"Macabro Film Festival 2025"},"image":{"@id":"https:\/\/macabro.mx\/#\/schema\/logo\/image\/"},"sameAs":["https:\/\/www.facebook.com\/MacabroFICH","https:\/\/x.com\/MacabroFICH","https:\/\/www.instagram.com\/macabrofich\/","https:\/\/www.youtube.com\/user\/macabrofest"]},{"@type":"Person","@id":"https:\/\/macabro.mx\/#\/schema\/person\/cb1d7e57b8371a3558481dab1425691d","name":"Diario Macabro","image":{"@type":"ImageObject","inLanguage":"en-US","@id":"https:\/\/secure.gravatar.com\/avatar\/c503ddb7b9ab82ba0cd034365e426a9406aee5285d5579fbb648e22029e78d98?s=96&d=mm&r=g","url":"https:\/\/secure.gravatar.com\/avatar\/c503ddb7b9ab82ba0cd034365e426a9406aee5285d5579fbb648e22029e78d98?s=96&d=mm&r=g","contentUrl":"https:\/\/secure.gravatar.com\/avatar\/c503ddb7b9ab82ba0cd034365e426a9406aee5285d5579fbb648e22029e78d98?s=96&d=mm&r=g","caption":"Diario Macabro"},"url":"https:\/\/macabro.mx\/en\/author\/diario-macabro\/"}]}},"_links":{"self":[{"href":"https:\/\/macabro.mx\/en\/wp-json\/wp\/v2\/posts\/3026","targetHints":{"allow":["GET"]}}],"collection":[{"href":"https:\/\/macabro.mx\/en\/wp-json\/wp\/v2\/posts"}],"about":[{"href":"https:\/\/macabro.mx\/en\/wp-json\/wp\/v2\/types\/post"}],"author":[{"embeddable":true,"href":"https:\/\/macabro.mx\/en\/wp-json\/wp\/v2\/users\/2"}],"replies":[{"embeddable":true,"href":"https:\/\/macabro.mx\/en\/wp-json\/wp\/v2\/comments?post=3026"}],"version-history":[{"count":2,"href":"https:\/\/macabro.mx\/en\/wp-json\/wp\/v2\/posts\/3026\/revisions"}],"predecessor-version":[{"id":3031,"href":"https:\/\/macabro.mx\/en\/wp-json\/wp\/v2\/posts\/3026\/revisions\/3031"}],"wp:featuredmedia":[{"embeddable":true,"href":"https:\/\/macabro.mx\/en\/wp-json\/wp\/v2\/media\/3051"}],"wp:attachment":[{"href":"https:\/\/macabro.mx\/en\/wp-json\/wp\/v2\/media?parent=3026"}],"wp:term":[{"taxonomy":"category","embeddable":true,"href":"https:\/\/macabro.mx\/en\/wp-json\/wp\/v2\/categories?post=3026"},{"taxonomy":"post_tag","embeddable":true,"href":"https:\/\/macabro.mx\/en\/wp-json\/wp\/v2\/tags?post=3026"},{"taxonomy":"festival_year","embeddable":true,"href":"https:\/\/macabro.mx\/en\/wp-json\/wp\/v2\/festival_year?post=3026"}],"curies":[{"name":"wp","href":"https:\/\/api.w.org\/{rel}","templated":true}]}}