{"id":3096,"date":"2019-02-18T14:26:48","date_gmt":"2019-02-18T20:26:48","guid":{"rendered":"https:\/\/macabro.mx\/?p=3096"},"modified":"2019-02-18T14:27:18","modified_gmt":"2019-02-18T20:27:18","slug":"noticias-se-pospone-la-exposicion-en-casa-con-mis-monstruos-de-guillermo-del-toro-en-el-fic-guadalajara","status":"publish","type":"post","link":"https:\/\/macabro.mx\/en\/noticias-se-pospone-la-exposicion-en-casa-con-mis-monstruos-de-guillermo-del-toro-en-el-fic-guadalajara\/","title":{"rendered":"#Noticias: Se pospone la exposici\u00f3n &#8220;En casa con mis Monstruos&#8221; de Guillermo del Toro en el FIC Guadalajara"},"content":{"rendered":"<p>&nbsp;<\/p>\n<p><img loading=\"lazy\" decoding=\"async\" width=\"700\" height=\"437\" class=\"alignnone size-large wp-image-3097 aligncenter\" src=\"https:\/\/macabro.mx\/wp-content\/uploads\/2019\/02\/photo-joshua_white-jwpictures-com-5229-700x437.jpg\" alt=\"\" srcset=\"https:\/\/macabro.mx\/wp-content\/uploads\/2019\/02\/photo-joshua_white-jwpictures-com-5229-700x437.jpg 700w, https:\/\/macabro.mx\/wp-content\/uploads\/2019\/02\/photo-joshua_white-jwpictures-com-5229-250x156.jpg 250w, https:\/\/macabro.mx\/wp-content\/uploads\/2019\/02\/photo-joshua_white-jwpictures-com-5229-768x480.jpg 768w, https:\/\/macabro.mx\/wp-content\/uploads\/2019\/02\/photo-joshua_white-jwpictures-com-5229-120x75.jpg 120w, https:\/\/macabro.mx\/wp-content\/uploads\/2019\/02\/photo-joshua_white-jwpictures-com-5229.jpg 1140w\" sizes=\"auto, (max-width: 700px) 100vw, 700px\" \/><\/p>\n<p>Hoy amanecimos con una mala noticia para los seguidores del director Guillermo del Toro, la exposici\u00f3n \u201cEn casa con mis Monstruos\u201d programada para inaugurarse en el marco de la edici\u00f3n 34 del Festival de Cine de Guadalajara, uno de los m\u00e1s importantes en Latinoam\u00e9rica, se suspendi\u00f3 hasta nuevo aviso.<\/p>\n<p>La organizaci\u00f3n del festival inform\u00f3 a trav\u00e9s de un comunicado que puede leerse en su sitio de internet, que la exposici\u00f3n tuvo que posponerse: \u201cDespu\u00e9s del incendio que se dio en California, Estados Unidos, el env\u00edo de gran parte de la exposici\u00f3n a Guadalajara tuvo que detenerse hasta que se garantizara la integridad de las piezas; lo que gener\u00f3 un retraso en procesos y log\u00edstica que no permiten realizar la curadur\u00eda e instalaci\u00f3n con las caracter\u00edsticas y calidad con las que se considera debe presentarse al p\u00fablico interesado, por lo que se ha decidido posponer su presentaci\u00f3n.\u201d<\/p>\n<p>Esperamos que muy pronto pueda verse tanto en la ciudad de Guadalajara como en la Ciudad de M\u00e9xico, en donde la exposici\u00f3n est\u00e1 programada para finales de este a\u00f1o.<\/p>\n<p>Puedes ver el aviso completo en la p\u00e1gina oficial del FICG: <a href=\"https:\/\/www.ficg.mx\/34\/index.php\/es\/noticias\/1811-aviso-importante\">https:\/\/www.ficg.mx\/34\/index.php\/es\/noticias\/1811-aviso-importante<\/a><\/p>\n<p>&nbsp;<\/p>","protected":false},"excerpt":{"rendered":"&nbsp; Hoy amanecimos con una mala noticia para los seguidores del director Guillermo del Toro, la exposici\u00f3n \u201cEn casa con mis Monstruos\u201d programada para inaugurarse en el marco de la edici\u00f3n 34 del Festival de Cine de Guadalajara, uno de los m\u00e1s importantes en Latinoam\u00e9rica, se suspendi\u00f3 hasta nuevo aviso. La organizaci\u00f3n del festival inform\u00f3","protected":false},"author":2,"featured_media":3097,"comment_status":"open","ping_status":"open","sticky":false,"template":"","format":"standard","meta":{"_acf_changed":false,"footnotes":""},"categories":[2],"tags":[20,298,43,1071,193,1070,1062,48,23,54,366,367],"festival_year":[],"class_list":["post-3096","post","type-post","status-publish","format-standard","has-post-thumbnail","hentry","category-diario-macabro","tag-cine-de-terror","tag-cine-fantastico","tag-cine-mexicano","tag-en-casa-con-mis-montruos","tag-festivales-de-cine","tag-ficg34","tag-guillermo-del-toro","tag-horror-films","tag-macabro-fich","tag-macabro-film-festival","tag-monsters","tag-monstruos"],"acf":[],"yoast_head":"<!-- This site is optimized with the Yoast SEO plugin v27.2 - https:\/\/yoast.com\/product\/yoast-seo-wordpress\/ -->\n<title>#Noticias: Se pospone la exposici\u00f3n &quot;En casa con mis Monstruos&quot; de Guillermo del Toro en el FIC Guadalajara | Macabro<\/title>\n<meta name=\"robots\" content=\"index, follow, max-snippet:-1, max-image-preview:large, max-video-preview:-1\" \/>\n<link rel=\"canonical\" href=\"https:\/\/macabro.mx\/en\/noticias-se-pospone-la-exposicion-en-casa-con-mis-monstruos-de-guillermo-del-toro-en-el-fic-guadalajara\/\" \/>\n<meta property=\"og:locale\" content=\"en_US\" \/>\n<meta property=\"og:type\" content=\"article\" \/>\n<meta property=\"og:title\" content=\"#Noticias: Se pospone la exposici\u00f3n &quot;En casa con mis Monstruos&quot; de Guillermo del Toro en el FIC Guadalajara | Macabro\" \/>\n<meta property=\"og:description\" content=\"&nbsp; Hoy amanecimos con una mala noticia para los seguidores del director Guillermo del Toro, la exposici\u00f3n \u201cEn casa con mis Monstruos\u201d programada para inaugurarse en el marco de la edici\u00f3n 34 del Festival de Cine de Guadalajara, uno de los m\u00e1s importantes en Latinoam\u00e9rica, se suspendi\u00f3 hasta nuevo aviso. La organizaci\u00f3n del festival inform\u00f3\" \/>\n<meta property=\"og:url\" content=\"https:\/\/macabro.mx\/en\/noticias-se-pospone-la-exposicion-en-casa-con-mis-monstruos-de-guillermo-del-toro-en-el-fic-guadalajara\/\" \/>\n<meta property=\"og:site_name\" content=\"Macabro\" \/>\n<meta property=\"article:publisher\" content=\"https:\/\/www.facebook.com\/MacabroFICH\" \/>\n<meta property=\"article:published_time\" content=\"2019-02-18T20:26:48+00:00\" \/>\n<meta property=\"article:modified_time\" content=\"2019-02-18T20:27:18+00:00\" \/>\n<meta property=\"og:image\" content=\"https:\/\/macabro.mx\/wp-content\/uploads\/2019\/02\/photo-joshua_white-jwpictures-com-5229.jpg\" \/>\n\t<meta property=\"og:image:width\" content=\"1140\" \/>\n\t<meta property=\"og:image:height\" content=\"712\" \/>\n\t<meta property=\"og:image:type\" content=\"image\/jpeg\" \/>\n<meta name=\"author\" content=\"Diario Macabro\" \/>\n<meta name=\"twitter:card\" content=\"summary_large_image\" \/>\n<meta name=\"twitter:creator\" content=\"@MacabroFICH\" \/>\n<meta name=\"twitter:site\" content=\"@MacabroFICH\" \/>\n<meta name=\"twitter:label1\" content=\"Written by\" \/>\n\t<meta name=\"twitter:data1\" content=\"Diario Macabro\" \/>\n\t<meta name=\"twitter:label2\" content=\"Est. reading time\" \/>\n\t<meta name=\"twitter:data2\" content=\"1 minute\" \/>\n<script type=\"application\/ld+json\" class=\"yoast-schema-graph\">{\"@context\":\"https:\/\/schema.org\",\"@graph\":[{\"@type\":\"Article\",\"@id\":\"https:\/\/macabro.mx\/noticias-se-pospone-la-exposicion-en-casa-con-mis-monstruos-de-guillermo-del-toro-en-el-fic-guadalajara\/#article\",\"isPartOf\":{\"@id\":\"https:\/\/macabro.mx\/noticias-se-pospone-la-exposicion-en-casa-con-mis-monstruos-de-guillermo-del-toro-en-el-fic-guadalajara\/\"},\"author\":{\"name\":\"Diario Macabro\",\"@id\":\"https:\/\/macabro.mx\/#\/schema\/person\/cb1d7e57b8371a3558481dab1425691d\"},\"headline\":\"#Noticias: Se pospone la exposici\u00f3n &#8220;En casa con mis Monstruos&#8221; de Guillermo del Toro en el FIC Guadalajara\",\"datePublished\":\"2019-02-18T20:26:48+00:00\",\"dateModified\":\"2019-02-18T20:27:18+00:00\",\"mainEntityOfPage\":{\"@id\":\"https:\/\/macabro.mx\/noticias-se-pospone-la-exposicion-en-casa-con-mis-monstruos-de-guillermo-del-toro-en-el-fic-guadalajara\/\"},\"wordCount\":235,\"commentCount\":0,\"publisher\":{\"@id\":\"https:\/\/macabro.mx\/#organization\"},\"image\":{\"@id\":\"https:\/\/macabro.mx\/noticias-se-pospone-la-exposicion-en-casa-con-mis-monstruos-de-guillermo-del-toro-en-el-fic-guadalajara\/#primaryimage\"},\"thumbnailUrl\":\"https:\/\/macabro.mx\/wp-content\/uploads\/2019\/02\/photo-joshua_white-jwpictures-com-5229.jpg\",\"keywords\":[\"cine de terror\",\"Cine fantastico\",\"cine mexicano\",\"En casa con mis Montruos\",\"Festivales de cine\",\"FICG34\",\"Guillermo del Toro\",\"Horror Films\",\"Macabro FICH\",\"Macabro Film Festival\",\"Monsters\",\"Monstruos\"],\"articleSection\":[\"Diario Macabro\"],\"inLanguage\":\"en-US\",\"potentialAction\":[{\"@type\":\"CommentAction\",\"name\":\"Comment\",\"target\":[\"https:\/\/macabro.mx\/noticias-se-pospone-la-exposicion-en-casa-con-mis-monstruos-de-guillermo-del-toro-en-el-fic-guadalajara\/#respond\"]}]},{\"@type\":\"WebPage\",\"@id\":\"https:\/\/macabro.mx\/noticias-se-pospone-la-exposicion-en-casa-con-mis-monstruos-de-guillermo-del-toro-en-el-fic-guadalajara\/\",\"url\":\"https:\/\/macabro.mx\/noticias-se-pospone-la-exposicion-en-casa-con-mis-monstruos-de-guillermo-del-toro-en-el-fic-guadalajara\/\",\"name\":\"#Noticias: Se pospone la exposici\u00f3n \\\"En casa con mis Monstruos\\\" de Guillermo del Toro en el FIC Guadalajara | Macabro\",\"isPartOf\":{\"@id\":\"https:\/\/macabro.mx\/#website\"},\"primaryImageOfPage\":{\"@id\":\"https:\/\/macabro.mx\/noticias-se-pospone-la-exposicion-en-casa-con-mis-monstruos-de-guillermo-del-toro-en-el-fic-guadalajara\/#primaryimage\"},\"image\":{\"@id\":\"https:\/\/macabro.mx\/noticias-se-pospone-la-exposicion-en-casa-con-mis-monstruos-de-guillermo-del-toro-en-el-fic-guadalajara\/#primaryimage\"},\"thumbnailUrl\":\"https:\/\/macabro.mx\/wp-content\/uploads\/2019\/02\/photo-joshua_white-jwpictures-com-5229.jpg\",\"datePublished\":\"2019-02-18T20:26:48+00:00\",\"dateModified\":\"2019-02-18T20:27:18+00:00\",\"breadcrumb\":{\"@id\":\"https:\/\/macabro.mx\/noticias-se-pospone-la-exposicion-en-casa-con-mis-monstruos-de-guillermo-del-toro-en-el-fic-guadalajara\/#breadcrumb\"},\"inLanguage\":\"en-US\",\"potentialAction\":[{\"@type\":\"ReadAction\",\"target\":[\"https:\/\/macabro.mx\/noticias-se-pospone-la-exposicion-en-casa-con-mis-monstruos-de-guillermo-del-toro-en-el-fic-guadalajara\/\"]}]},{\"@type\":\"ImageObject\",\"inLanguage\":\"en-US\",\"@id\":\"https:\/\/macabro.mx\/noticias-se-pospone-la-exposicion-en-casa-con-mis-monstruos-de-guillermo-del-toro-en-el-fic-guadalajara\/#primaryimage\",\"url\":\"https:\/\/macabro.mx\/wp-content\/uploads\/2019\/02\/photo-joshua_white-jwpictures-com-5229.jpg\",\"contentUrl\":\"https:\/\/macabro.mx\/wp-content\/uploads\/2019\/02\/photo-joshua_white-jwpictures-com-5229.jpg\",\"width\":1140,\"height\":712},{\"@type\":\"BreadcrumbList\",\"@id\":\"https:\/\/macabro.mx\/noticias-se-pospone-la-exposicion-en-casa-con-mis-monstruos-de-guillermo-del-toro-en-el-fic-guadalajara\/#breadcrumb\",\"itemListElement\":[{\"@type\":\"ListItem\",\"position\":1,\"name\":\"Home\",\"item\":\"https:\/\/macabro.mx\/\"},{\"@type\":\"ListItem\",\"position\":2,\"name\":\"Diario Macabro\",\"item\":\"https:\/\/macabro.mx\/category\/diario-macabro\/\"},{\"@type\":\"ListItem\",\"position\":3,\"name\":\"#Noticias: Se pospone la exposici\u00f3n &#8220;En casa con mis Monstruos&#8221; de Guillermo del Toro en el FIC Guadalajara\"}]},{\"@type\":\"WebSite\",\"@id\":\"https:\/\/macabro.mx\/#website\",\"url\":\"https:\/\/macabro.mx\/\",\"name\":\"Macabro\",\"description\":\"Festival Internacional de Cine de Horror\",\"publisher\":{\"@id\":\"https:\/\/macabro.mx\/#organization\"},\"potentialAction\":[{\"@type\":\"SearchAction\",\"target\":{\"@type\":\"EntryPoint\",\"urlTemplate\":\"https:\/\/macabro.mx\/?s={search_term_string}\"},\"query-input\":{\"@type\":\"PropertyValueSpecification\",\"valueRequired\":true,\"valueName\":\"search_term_string\"}}],\"inLanguage\":\"en-US\"},{\"@type\":\"Organization\",\"@id\":\"https:\/\/macabro.mx\/#organization\",\"name\":\"Macabro Film Festival 2025\",\"url\":\"https:\/\/macabro.mx\/\",\"logo\":{\"@type\":\"ImageObject\",\"inLanguage\":\"en-US\",\"@id\":\"https:\/\/macabro.mx\/#\/schema\/logo\/image\/\",\"url\":\"https:\/\/macabro.mx\/wp-content\/uploads\/2020\/11\/logo-macabro.png\",\"contentUrl\":\"https:\/\/macabro.mx\/wp-content\/uploads\/2020\/11\/logo-macabro.png\",\"width\":870,\"height\":336,\"caption\":\"Macabro Film Festival 2025\"},\"image\":{\"@id\":\"https:\/\/macabro.mx\/#\/schema\/logo\/image\/\"},\"sameAs\":[\"https:\/\/www.facebook.com\/MacabroFICH\",\"https:\/\/x.com\/MacabroFICH\",\"https:\/\/www.instagram.com\/macabrofich\/\",\"https:\/\/www.youtube.com\/user\/macabrofest\"]},{\"@type\":\"Person\",\"@id\":\"https:\/\/macabro.mx\/#\/schema\/person\/cb1d7e57b8371a3558481dab1425691d\",\"name\":\"Diario Macabro\",\"image\":{\"@type\":\"ImageObject\",\"inLanguage\":\"en-US\",\"@id\":\"https:\/\/secure.gravatar.com\/avatar\/c503ddb7b9ab82ba0cd034365e426a9406aee5285d5579fbb648e22029e78d98?s=96&d=mm&r=g\",\"url\":\"https:\/\/secure.gravatar.com\/avatar\/c503ddb7b9ab82ba0cd034365e426a9406aee5285d5579fbb648e22029e78d98?s=96&d=mm&r=g\",\"contentUrl\":\"https:\/\/secure.gravatar.com\/avatar\/c503ddb7b9ab82ba0cd034365e426a9406aee5285d5579fbb648e22029e78d98?s=96&d=mm&r=g\",\"caption\":\"Diario Macabro\"},\"url\":\"https:\/\/macabro.mx\/en\/author\/diario-macabro\/\"}]}<\/script>\n<!-- \/ Yoast SEO plugin. -->","yoast_head_json":{"title":"#Noticias: Se pospone la exposici\u00f3n \"En casa con mis Monstruos\" de Guillermo del Toro en el FIC Guadalajara | Macabro","robots":{"index":"index","follow":"follow","max-snippet":"max-snippet:-1","max-image-preview":"max-image-preview:large","max-video-preview":"max-video-preview:-1"},"canonical":"https:\/\/macabro.mx\/en\/noticias-se-pospone-la-exposicion-en-casa-con-mis-monstruos-de-guillermo-del-toro-en-el-fic-guadalajara\/","og_locale":"en_US","og_type":"article","og_title":"#Noticias: Se pospone la exposici\u00f3n \"En casa con mis Monstruos\" de Guillermo del Toro en el FIC Guadalajara | Macabro","og_description":"&nbsp; Hoy amanecimos con una mala noticia para los seguidores del director Guillermo del Toro, la exposici\u00f3n \u201cEn casa con mis Monstruos\u201d programada para inaugurarse en el marco de la edici\u00f3n 34 del Festival de Cine de Guadalajara, uno de los m\u00e1s importantes en Latinoam\u00e9rica, se suspendi\u00f3 hasta nuevo aviso. La organizaci\u00f3n del festival inform\u00f3","og_url":"https:\/\/macabro.mx\/en\/noticias-se-pospone-la-exposicion-en-casa-con-mis-monstruos-de-guillermo-del-toro-en-el-fic-guadalajara\/","og_site_name":"Macabro","article_publisher":"https:\/\/www.facebook.com\/MacabroFICH","article_published_time":"2019-02-18T20:26:48+00:00","article_modified_time":"2019-02-18T20:27:18+00:00","og_image":[{"width":1140,"height":712,"url":"https:\/\/macabro.mx\/wp-content\/uploads\/2019\/02\/photo-joshua_white-jwpictures-com-5229.jpg","type":"image\/jpeg"}],"author":"Diario Macabro","twitter_card":"summary_large_image","twitter_creator":"@MacabroFICH","twitter_site":"@MacabroFICH","twitter_misc":{"Written by":"Diario Macabro","Est. reading time":"1 minute"},"schema":{"@context":"https:\/\/schema.org","@graph":[{"@type":"Article","@id":"https:\/\/macabro.mx\/noticias-se-pospone-la-exposicion-en-casa-con-mis-monstruos-de-guillermo-del-toro-en-el-fic-guadalajara\/#article","isPartOf":{"@id":"https:\/\/macabro.mx\/noticias-se-pospone-la-exposicion-en-casa-con-mis-monstruos-de-guillermo-del-toro-en-el-fic-guadalajara\/"},"author":{"name":"Diario Macabro","@id":"https:\/\/macabro.mx\/#\/schema\/person\/cb1d7e57b8371a3558481dab1425691d"},"headline":"#Noticias: Se pospone la exposici\u00f3n &#8220;En casa con mis Monstruos&#8221; de Guillermo del Toro en el FIC Guadalajara","datePublished":"2019-02-18T20:26:48+00:00","dateModified":"2019-02-18T20:27:18+00:00","mainEntityOfPage":{"@id":"https:\/\/macabro.mx\/noticias-se-pospone-la-exposicion-en-casa-con-mis-monstruos-de-guillermo-del-toro-en-el-fic-guadalajara\/"},"wordCount":235,"commentCount":0,"publisher":{"@id":"https:\/\/macabro.mx\/#organization"},"image":{"@id":"https:\/\/macabro.mx\/noticias-se-pospone-la-exposicion-en-casa-con-mis-monstruos-de-guillermo-del-toro-en-el-fic-guadalajara\/#primaryimage"},"thumbnailUrl":"https:\/\/macabro.mx\/wp-content\/uploads\/2019\/02\/photo-joshua_white-jwpictures-com-5229.jpg","keywords":["cine de terror","Cine fantastico","cine mexicano","En casa con mis Montruos","Festivales de cine","FICG34","Guillermo del Toro","Horror Films","Macabro FICH","Macabro Film Festival","Monsters","Monstruos"],"articleSection":["Diario Macabro"],"inLanguage":"en-US","potentialAction":[{"@type":"CommentAction","name":"Comment","target":["https:\/\/macabro.mx\/noticias-se-pospone-la-exposicion-en-casa-con-mis-monstruos-de-guillermo-del-toro-en-el-fic-guadalajara\/#respond"]}]},{"@type":"WebPage","@id":"https:\/\/macabro.mx\/noticias-se-pospone-la-exposicion-en-casa-con-mis-monstruos-de-guillermo-del-toro-en-el-fic-guadalajara\/","url":"https:\/\/macabro.mx\/noticias-se-pospone-la-exposicion-en-casa-con-mis-monstruos-de-guillermo-del-toro-en-el-fic-guadalajara\/","name":"#Noticias: Se pospone la exposici\u00f3n \"En casa con mis Monstruos\" de Guillermo del Toro en el FIC Guadalajara | Macabro","isPartOf":{"@id":"https:\/\/macabro.mx\/#website"},"primaryImageOfPage":{"@id":"https:\/\/macabro.mx\/noticias-se-pospone-la-exposicion-en-casa-con-mis-monstruos-de-guillermo-del-toro-en-el-fic-guadalajara\/#primaryimage"},"image":{"@id":"https:\/\/macabro.mx\/noticias-se-pospone-la-exposicion-en-casa-con-mis-monstruos-de-guillermo-del-toro-en-el-fic-guadalajara\/#primaryimage"},"thumbnailUrl":"https:\/\/macabro.mx\/wp-content\/uploads\/2019\/02\/photo-joshua_white-jwpictures-com-5229.jpg","datePublished":"2019-02-18T20:26:48+00:00","dateModified":"2019-02-18T20:27:18+00:00","breadcrumb":{"@id":"https:\/\/macabro.mx\/noticias-se-pospone-la-exposicion-en-casa-con-mis-monstruos-de-guillermo-del-toro-en-el-fic-guadalajara\/#breadcrumb"},"inLanguage":"en-US","potentialAction":[{"@type":"ReadAction","target":["https:\/\/macabro.mx\/noticias-se-pospone-la-exposicion-en-casa-con-mis-monstruos-de-guillermo-del-toro-en-el-fic-guadalajara\/"]}]},{"@type":"ImageObject","inLanguage":"en-US","@id":"https:\/\/macabro.mx\/noticias-se-pospone-la-exposicion-en-casa-con-mis-monstruos-de-guillermo-del-toro-en-el-fic-guadalajara\/#primaryimage","url":"https:\/\/macabro.mx\/wp-content\/uploads\/2019\/02\/photo-joshua_white-jwpictures-com-5229.jpg","contentUrl":"https:\/\/macabro.mx\/wp-content\/uploads\/2019\/02\/photo-joshua_white-jwpictures-com-5229.jpg","width":1140,"height":712},{"@type":"BreadcrumbList","@id":"https:\/\/macabro.mx\/noticias-se-pospone-la-exposicion-en-casa-con-mis-monstruos-de-guillermo-del-toro-en-el-fic-guadalajara\/#breadcrumb","itemListElement":[{"@type":"ListItem","position":1,"name":"Home","item":"https:\/\/macabro.mx\/"},{"@type":"ListItem","position":2,"name":"Diario Macabro","item":"https:\/\/macabro.mx\/category\/diario-macabro\/"},{"@type":"ListItem","position":3,"name":"#Noticias: Se pospone la exposici\u00f3n &#8220;En casa con mis Monstruos&#8221; de Guillermo del Toro en el FIC Guadalajara"}]},{"@type":"WebSite","@id":"https:\/\/macabro.mx\/#website","url":"https:\/\/macabro.mx\/","name":"Macabro","description":"Festival Internacional de Cine de Horror","publisher":{"@id":"https:\/\/macabro.mx\/#organization"},"potentialAction":[{"@type":"SearchAction","target":{"@type":"EntryPoint","urlTemplate":"https:\/\/macabro.mx\/?s={search_term_string}"},"query-input":{"@type":"PropertyValueSpecification","valueRequired":true,"valueName":"search_term_string"}}],"inLanguage":"en-US"},{"@type":"Organization","@id":"https:\/\/macabro.mx\/#organization","name":"Macabro Film Festival 2025","url":"https:\/\/macabro.mx\/","logo":{"@type":"ImageObject","inLanguage":"en-US","@id":"https:\/\/macabro.mx\/#\/schema\/logo\/image\/","url":"https:\/\/macabro.mx\/wp-content\/uploads\/2020\/11\/logo-macabro.png","contentUrl":"https:\/\/macabro.mx\/wp-content\/uploads\/2020\/11\/logo-macabro.png","width":870,"height":336,"caption":"Macabro Film Festival 2025"},"image":{"@id":"https:\/\/macabro.mx\/#\/schema\/logo\/image\/"},"sameAs":["https:\/\/www.facebook.com\/MacabroFICH","https:\/\/x.com\/MacabroFICH","https:\/\/www.instagram.com\/macabrofich\/","https:\/\/www.youtube.com\/user\/macabrofest"]},{"@type":"Person","@id":"https:\/\/macabro.mx\/#\/schema\/person\/cb1d7e57b8371a3558481dab1425691d","name":"Diario Macabro","image":{"@type":"ImageObject","inLanguage":"en-US","@id":"https:\/\/secure.gravatar.com\/avatar\/c503ddb7b9ab82ba0cd034365e426a9406aee5285d5579fbb648e22029e78d98?s=96&d=mm&r=g","url":"https:\/\/secure.gravatar.com\/avatar\/c503ddb7b9ab82ba0cd034365e426a9406aee5285d5579fbb648e22029e78d98?s=96&d=mm&r=g","contentUrl":"https:\/\/secure.gravatar.com\/avatar\/c503ddb7b9ab82ba0cd034365e426a9406aee5285d5579fbb648e22029e78d98?s=96&d=mm&r=g","caption":"Diario Macabro"},"url":"https:\/\/macabro.mx\/en\/author\/diario-macabro\/"}]}},"_links":{"self":[{"href":"https:\/\/macabro.mx\/en\/wp-json\/wp\/v2\/posts\/3096","targetHints":{"allow":["GET"]}}],"collection":[{"href":"https:\/\/macabro.mx\/en\/wp-json\/wp\/v2\/posts"}],"about":[{"href":"https:\/\/macabro.mx\/en\/wp-json\/wp\/v2\/types\/post"}],"author":[{"embeddable":true,"href":"https:\/\/macabro.mx\/en\/wp-json\/wp\/v2\/users\/2"}],"replies":[{"embeddable":true,"href":"https:\/\/macabro.mx\/en\/wp-json\/wp\/v2\/comments?post=3096"}],"version-history":[{"count":1,"href":"https:\/\/macabro.mx\/en\/wp-json\/wp\/v2\/posts\/3096\/revisions"}],"predecessor-version":[{"id":3098,"href":"https:\/\/macabro.mx\/en\/wp-json\/wp\/v2\/posts\/3096\/revisions\/3098"}],"wp:featuredmedia":[{"embeddable":true,"href":"https:\/\/macabro.mx\/en\/wp-json\/wp\/v2\/media\/3097"}],"wp:attachment":[{"href":"https:\/\/macabro.mx\/en\/wp-json\/wp\/v2\/media?parent=3096"}],"wp:term":[{"taxonomy":"category","embeddable":true,"href":"https:\/\/macabro.mx\/en\/wp-json\/wp\/v2\/categories?post=3096"},{"taxonomy":"post_tag","embeddable":true,"href":"https:\/\/macabro.mx\/en\/wp-json\/wp\/v2\/tags?post=3096"},{"taxonomy":"festival_year","embeddable":true,"href":"https:\/\/macabro.mx\/en\/wp-json\/wp\/v2\/festival_year?post=3096"}],"curies":[{"name":"wp","href":"https:\/\/api.w.org\/{rel}","templated":true}]}}