{"id":3151,"date":"2019-03-26T13:29:48","date_gmt":"2019-03-26T19:29:48","guid":{"rendered":"https:\/\/macabro.mx\/?p=3151"},"modified":"2019-03-26T19:04:31","modified_gmt":"2019-03-27T01:04:31","slug":"macabronocturno-presenta-freddy-eddy","status":"publish","type":"post","link":"https:\/\/macabro.mx\/en\/macabronocturno-presenta-freddy-eddy\/","title":{"rendered":"#MacabroNocturno presenta: Freddy Eddy"},"content":{"rendered":"<p>Para conmemorar el d\u00eda de la mujer, este Macabro Nocturno lo dedicamos a la opera prima de la directora alemana Tini T\u00fcllman, quien nos acompa\u00f1\u00f3 en la edici\u00f3n 2017 del festival, para presentar esta pel\u00edcula sobre doppelg\u00e4ngers y personalidades psic\u00f3patas.<\/p>\n<p><img loading=\"lazy\" decoding=\"async\" width=\"700\" height=\"394\" class=\"alignnone size-large wp-image-3152 aligncenter\" src=\"https:\/\/macabro.mx\/wp-content\/uploads\/2019\/03\/Freddy-Eddy-700x394.jpg\" alt=\"\" srcset=\"https:\/\/macabro.mx\/wp-content\/uploads\/2019\/03\/Freddy-Eddy-700x394.jpg 700w, https:\/\/macabro.mx\/wp-content\/uploads\/2019\/03\/Freddy-Eddy-250x141.jpg 250w, https:\/\/macabro.mx\/wp-content\/uploads\/2019\/03\/Freddy-Eddy-768x432.jpg 768w, https:\/\/macabro.mx\/wp-content\/uploads\/2019\/03\/Freddy-Eddy-120x68.jpg 120w, https:\/\/macabro.mx\/wp-content\/uploads\/2019\/03\/Freddy-Eddy.jpg 1280w\" sizes=\"auto, (max-width: 700px) 100vw, 700px\" \/><\/p>\n<p><strong>Freddy Eddy | Dir. Tini T\u00fcllmann | Alemania | 2016 | 94 min.<\/strong><\/p>\n<p>Freddy se encuentra en medio de una crisis existencial debido a que su esposa lo ha acusado de maltrato. Mientras su mundo colapsa, su amigo imaginario de la infancia, Eddy, reaparece. Al principio resultar\u00e1 su gran consuelo, hasta que Eddy comienza a tomar el control y hace las peores atrocidades a su alrededor.<\/p>\n<p>Hof International Film Festival 2016: Mejor Director Debutante; Lunen Kinofest 2016: Mejor Pel\u00edcula; Snowdance Independent Film Festival 2017: Mejor Largometraje; Filmfestival Max Oph\u00fcls Preis 2017, Genrenales 2017, Filmfestival Turkey Germany 2017, Fantaspoa 2017, Macabro Fich 2017.<\/p>\n<p><iframe loading=\"lazy\" width=\"900\" height=\"506\" src=\"https:\/\/www.youtube.com\/embed\/42gmNi96eWs?start=61&#038;feature=oembed\" frameborder=\"0\" allow=\"accelerometer; autoplay; encrypted-media; gyroscope; picture-in-picture\" allowfullscreen><\/iframe><\/p>\n<p><span style=\"color: #800000;\">Macabro Nocturno es un proyecto de #MacabroFICH en alianza con La Casa del Cine Mx que presenta en una funci\u00f3n mensual, desde febrero de 2015, parte del acervo f\u00edlmico del festival desde su fundaci\u00f3n en 2002.<\/span><\/p>\n<p><span style=\"color: #800000;\">Boletos en taquilla: $45.00 | S\u00e1bado 30 de marzo de 2019 | Funciones 19:00 y 20:00 horas | Casa del Cine: Rep\u00fablica de Uruguay 52, 2\u00ba piso, Centro Hist\u00f3rico M\u00e9xico D.F.| Tel. 55 12 42 43<\/span><\/p>","protected":false},"excerpt":{"rendered":"Para conmemorar el d\u00eda de la mujer, este Macabro Nocturno lo dedicamos a la opera prima de la directora alemana Tini T\u00fcllman, quien nos acompa\u00f1\u00f3 en la edici\u00f3n 2017 del festival, para presentar esta pel\u00edcula sobre doppelg\u00e4ngers y personalidades psic\u00f3patas. Freddy Eddy | Dir. Tini T\u00fcllmann | Alemania | 2016 | 94 min. Freddy se","protected":false},"author":2,"featured_media":3153,"comment_status":"open","ping_status":"open","sticky":false,"template":"","format":"standard","meta":{"_acf_changed":false,"footnotes":""},"categories":[2],"tags":[86,1013,65,432,1112,20,129,48,23,54],"festival_year":[],"class_list":["post-3151","post","type-post","status-publish","format-standard","has-post-thumbnail","hentry","category-diario-macabro","tag-macabronocturno","tag-casa-del-cine","tag-cdmx","tag-centro-historico-cdmx","tag-cine-aleman","tag-cine-de-terror","tag-horror-film-festivals","tag-horror-films","tag-macabro-fich","tag-macabro-film-festival"],"acf":[],"yoast_head":"<!-- This site is optimized with the Yoast SEO plugin v27.2 - https:\/\/yoast.com\/product\/yoast-seo-wordpress\/ -->\n<title>#MacabroNocturno presenta: Freddy Eddy | Macabro<\/title>\n<meta name=\"robots\" content=\"index, follow, max-snippet:-1, max-image-preview:large, max-video-preview:-1\" \/>\n<link rel=\"canonical\" href=\"https:\/\/macabro.mx\/en\/macabronocturno-presenta-freddy-eddy\/\" \/>\n<meta property=\"og:locale\" content=\"en_US\" \/>\n<meta property=\"og:type\" content=\"article\" \/>\n<meta property=\"og:title\" content=\"#MacabroNocturno presenta: Freddy Eddy | Macabro\" \/>\n<meta property=\"og:description\" content=\"Para conmemorar el d\u00eda de la mujer, este Macabro Nocturno lo dedicamos a la opera prima de la directora alemana Tini T\u00fcllman, quien nos acompa\u00f1\u00f3 en la edici\u00f3n 2017 del festival, para presentar esta pel\u00edcula sobre doppelg\u00e4ngers y personalidades psic\u00f3patas. Freddy Eddy | Dir. Tini T\u00fcllmann | Alemania | 2016 | 94 min. Freddy se\" \/>\n<meta property=\"og:url\" content=\"https:\/\/macabro.mx\/en\/macabronocturno-presenta-freddy-eddy\/\" \/>\n<meta property=\"og:site_name\" content=\"Macabro\" \/>\n<meta property=\"article:publisher\" content=\"https:\/\/www.facebook.com\/MacabroFICH\" \/>\n<meta property=\"article:published_time\" content=\"2019-03-26T19:29:48+00:00\" \/>\n<meta property=\"article:modified_time\" content=\"2019-03-27T01:04:31+00:00\" \/>\n<meta property=\"og:image\" content=\"https:\/\/macabro.mx\/wp-content\/uploads\/2019\/03\/Poster-Freddy-Eddy.jpg\" \/>\n\t<meta property=\"og:image:width\" content=\"240\" \/>\n\t<meta property=\"og:image:height\" content=\"359\" \/>\n\t<meta property=\"og:image:type\" content=\"image\/jpeg\" \/>\n<meta name=\"author\" content=\"Diario Macabro\" \/>\n<meta name=\"twitter:card\" content=\"summary_large_image\" \/>\n<meta name=\"twitter:creator\" content=\"@MacabroFICH\" \/>\n<meta name=\"twitter:site\" content=\"@MacabroFICH\" \/>\n<meta name=\"twitter:label1\" content=\"Written by\" \/>\n\t<meta name=\"twitter:data1\" content=\"Diario Macabro\" \/>\n\t<meta name=\"twitter:label2\" content=\"Est. reading time\" \/>\n\t<meta name=\"twitter:data2\" content=\"1 minute\" \/>\n<script type=\"application\/ld+json\" class=\"yoast-schema-graph\">{\"@context\":\"https:\/\/schema.org\",\"@graph\":[{\"@type\":\"Article\",\"@id\":\"https:\/\/macabro.mx\/macabronocturno-presenta-freddy-eddy\/#article\",\"isPartOf\":{\"@id\":\"https:\/\/macabro.mx\/macabronocturno-presenta-freddy-eddy\/\"},\"author\":{\"name\":\"Diario Macabro\",\"@id\":\"https:\/\/macabro.mx\/#\/schema\/person\/cb1d7e57b8371a3558481dab1425691d\"},\"headline\":\"#MacabroNocturno presenta: Freddy Eddy\",\"datePublished\":\"2019-03-26T19:29:48+00:00\",\"dateModified\":\"2019-03-27T01:04:31+00:00\",\"mainEntityOfPage\":{\"@id\":\"https:\/\/macabro.mx\/macabronocturno-presenta-freddy-eddy\/\"},\"wordCount\":215,\"commentCount\":0,\"publisher\":{\"@id\":\"https:\/\/macabro.mx\/#organization\"},\"image\":{\"@id\":\"https:\/\/macabro.mx\/macabronocturno-presenta-freddy-eddy\/#primaryimage\"},\"thumbnailUrl\":\"https:\/\/macabro.mx\/wp-content\/uploads\/2019\/03\/Poster-Freddy-Eddy.jpg\",\"keywords\":[\"#MacabroNocturno\",\"casa del cine\",\"CDMX\",\"Centro Hist\u00f3rico CDMX\",\"Cine aleman\",\"cine de terror\",\"Horror Film Festivals\",\"Horror Films\",\"Macabro FICH\",\"Macabro Film Festival\"],\"articleSection\":[\"Diario Macabro\"],\"inLanguage\":\"en-US\",\"potentialAction\":[{\"@type\":\"CommentAction\",\"name\":\"Comment\",\"target\":[\"https:\/\/macabro.mx\/macabronocturno-presenta-freddy-eddy\/#respond\"]}]},{\"@type\":\"WebPage\",\"@id\":\"https:\/\/macabro.mx\/macabronocturno-presenta-freddy-eddy\/\",\"url\":\"https:\/\/macabro.mx\/macabronocturno-presenta-freddy-eddy\/\",\"name\":\"#MacabroNocturno presenta: Freddy Eddy | Macabro\",\"isPartOf\":{\"@id\":\"https:\/\/macabro.mx\/#website\"},\"primaryImageOfPage\":{\"@id\":\"https:\/\/macabro.mx\/macabronocturno-presenta-freddy-eddy\/#primaryimage\"},\"image\":{\"@id\":\"https:\/\/macabro.mx\/macabronocturno-presenta-freddy-eddy\/#primaryimage\"},\"thumbnailUrl\":\"https:\/\/macabro.mx\/wp-content\/uploads\/2019\/03\/Poster-Freddy-Eddy.jpg\",\"datePublished\":\"2019-03-26T19:29:48+00:00\",\"dateModified\":\"2019-03-27T01:04:31+00:00\",\"breadcrumb\":{\"@id\":\"https:\/\/macabro.mx\/macabronocturno-presenta-freddy-eddy\/#breadcrumb\"},\"inLanguage\":\"en-US\",\"potentialAction\":[{\"@type\":\"ReadAction\",\"target\":[\"https:\/\/macabro.mx\/macabronocturno-presenta-freddy-eddy\/\"]}]},{\"@type\":\"ImageObject\",\"inLanguage\":\"en-US\",\"@id\":\"https:\/\/macabro.mx\/macabronocturno-presenta-freddy-eddy\/#primaryimage\",\"url\":\"https:\/\/macabro.mx\/wp-content\/uploads\/2019\/03\/Poster-Freddy-Eddy.jpg\",\"contentUrl\":\"https:\/\/macabro.mx\/wp-content\/uploads\/2019\/03\/Poster-Freddy-Eddy.jpg\",\"width\":240,\"height\":359},{\"@type\":\"BreadcrumbList\",\"@id\":\"https:\/\/macabro.mx\/macabronocturno-presenta-freddy-eddy\/#breadcrumb\",\"itemListElement\":[{\"@type\":\"ListItem\",\"position\":1,\"name\":\"Home\",\"item\":\"https:\/\/macabro.mx\/\"},{\"@type\":\"ListItem\",\"position\":2,\"name\":\"Diario Macabro\",\"item\":\"https:\/\/macabro.mx\/category\/diario-macabro\/\"},{\"@type\":\"ListItem\",\"position\":3,\"name\":\"#MacabroNocturno presenta: Freddy Eddy\"}]},{\"@type\":\"WebSite\",\"@id\":\"https:\/\/macabro.mx\/#website\",\"url\":\"https:\/\/macabro.mx\/\",\"name\":\"Macabro\",\"description\":\"Festival Internacional de Cine de Horror\",\"publisher\":{\"@id\":\"https:\/\/macabro.mx\/#organization\"},\"potentialAction\":[{\"@type\":\"SearchAction\",\"target\":{\"@type\":\"EntryPoint\",\"urlTemplate\":\"https:\/\/macabro.mx\/?s={search_term_string}\"},\"query-input\":{\"@type\":\"PropertyValueSpecification\",\"valueRequired\":true,\"valueName\":\"search_term_string\"}}],\"inLanguage\":\"en-US\"},{\"@type\":\"Organization\",\"@id\":\"https:\/\/macabro.mx\/#organization\",\"name\":\"Macabro Film Festival 2025\",\"url\":\"https:\/\/macabro.mx\/\",\"logo\":{\"@type\":\"ImageObject\",\"inLanguage\":\"en-US\",\"@id\":\"https:\/\/macabro.mx\/#\/schema\/logo\/image\/\",\"url\":\"https:\/\/macabro.mx\/wp-content\/uploads\/2020\/11\/logo-macabro.png\",\"contentUrl\":\"https:\/\/macabro.mx\/wp-content\/uploads\/2020\/11\/logo-macabro.png\",\"width\":870,\"height\":336,\"caption\":\"Macabro Film Festival 2025\"},\"image\":{\"@id\":\"https:\/\/macabro.mx\/#\/schema\/logo\/image\/\"},\"sameAs\":[\"https:\/\/www.facebook.com\/MacabroFICH\",\"https:\/\/x.com\/MacabroFICH\",\"https:\/\/www.instagram.com\/macabrofich\/\",\"https:\/\/www.youtube.com\/user\/macabrofest\"]},{\"@type\":\"Person\",\"@id\":\"https:\/\/macabro.mx\/#\/schema\/person\/cb1d7e57b8371a3558481dab1425691d\",\"name\":\"Diario Macabro\",\"image\":{\"@type\":\"ImageObject\",\"inLanguage\":\"en-US\",\"@id\":\"https:\/\/secure.gravatar.com\/avatar\/c503ddb7b9ab82ba0cd034365e426a9406aee5285d5579fbb648e22029e78d98?s=96&d=mm&r=g\",\"url\":\"https:\/\/secure.gravatar.com\/avatar\/c503ddb7b9ab82ba0cd034365e426a9406aee5285d5579fbb648e22029e78d98?s=96&d=mm&r=g\",\"contentUrl\":\"https:\/\/secure.gravatar.com\/avatar\/c503ddb7b9ab82ba0cd034365e426a9406aee5285d5579fbb648e22029e78d98?s=96&d=mm&r=g\",\"caption\":\"Diario Macabro\"},\"url\":\"https:\/\/macabro.mx\/en\/author\/diario-macabro\/\"}]}<\/script>\n<!-- \/ Yoast SEO plugin. -->","yoast_head_json":{"title":"#MacabroNocturno presenta: Freddy Eddy | Macabro","robots":{"index":"index","follow":"follow","max-snippet":"max-snippet:-1","max-image-preview":"max-image-preview:large","max-video-preview":"max-video-preview:-1"},"canonical":"https:\/\/macabro.mx\/en\/macabronocturno-presenta-freddy-eddy\/","og_locale":"en_US","og_type":"article","og_title":"#MacabroNocturno presenta: Freddy Eddy | Macabro","og_description":"Para conmemorar el d\u00eda de la mujer, este Macabro Nocturno lo dedicamos a la opera prima de la directora alemana Tini T\u00fcllman, quien nos acompa\u00f1\u00f3 en la edici\u00f3n 2017 del festival, para presentar esta pel\u00edcula sobre doppelg\u00e4ngers y personalidades psic\u00f3patas. Freddy Eddy | Dir. Tini T\u00fcllmann | Alemania | 2016 | 94 min. Freddy se","og_url":"https:\/\/macabro.mx\/en\/macabronocturno-presenta-freddy-eddy\/","og_site_name":"Macabro","article_publisher":"https:\/\/www.facebook.com\/MacabroFICH","article_published_time":"2019-03-26T19:29:48+00:00","article_modified_time":"2019-03-27T01:04:31+00:00","og_image":[{"width":240,"height":359,"url":"https:\/\/macabro.mx\/wp-content\/uploads\/2019\/03\/Poster-Freddy-Eddy.jpg","type":"image\/jpeg"}],"author":"Diario Macabro","twitter_card":"summary_large_image","twitter_creator":"@MacabroFICH","twitter_site":"@MacabroFICH","twitter_misc":{"Written by":"Diario Macabro","Est. reading time":"1 minute"},"schema":{"@context":"https:\/\/schema.org","@graph":[{"@type":"Article","@id":"https:\/\/macabro.mx\/macabronocturno-presenta-freddy-eddy\/#article","isPartOf":{"@id":"https:\/\/macabro.mx\/macabronocturno-presenta-freddy-eddy\/"},"author":{"name":"Diario Macabro","@id":"https:\/\/macabro.mx\/#\/schema\/person\/cb1d7e57b8371a3558481dab1425691d"},"headline":"#MacabroNocturno presenta: Freddy Eddy","datePublished":"2019-03-26T19:29:48+00:00","dateModified":"2019-03-27T01:04:31+00:00","mainEntityOfPage":{"@id":"https:\/\/macabro.mx\/macabronocturno-presenta-freddy-eddy\/"},"wordCount":215,"commentCount":0,"publisher":{"@id":"https:\/\/macabro.mx\/#organization"},"image":{"@id":"https:\/\/macabro.mx\/macabronocturno-presenta-freddy-eddy\/#primaryimage"},"thumbnailUrl":"https:\/\/macabro.mx\/wp-content\/uploads\/2019\/03\/Poster-Freddy-Eddy.jpg","keywords":["#MacabroNocturno","casa del cine","CDMX","Centro Hist\u00f3rico CDMX","Cine aleman","cine de terror","Horror Film Festivals","Horror Films","Macabro FICH","Macabro Film Festival"],"articleSection":["Diario Macabro"],"inLanguage":"en-US","potentialAction":[{"@type":"CommentAction","name":"Comment","target":["https:\/\/macabro.mx\/macabronocturno-presenta-freddy-eddy\/#respond"]}]},{"@type":"WebPage","@id":"https:\/\/macabro.mx\/macabronocturno-presenta-freddy-eddy\/","url":"https:\/\/macabro.mx\/macabronocturno-presenta-freddy-eddy\/","name":"#MacabroNocturno presenta: Freddy Eddy | Macabro","isPartOf":{"@id":"https:\/\/macabro.mx\/#website"},"primaryImageOfPage":{"@id":"https:\/\/macabro.mx\/macabronocturno-presenta-freddy-eddy\/#primaryimage"},"image":{"@id":"https:\/\/macabro.mx\/macabronocturno-presenta-freddy-eddy\/#primaryimage"},"thumbnailUrl":"https:\/\/macabro.mx\/wp-content\/uploads\/2019\/03\/Poster-Freddy-Eddy.jpg","datePublished":"2019-03-26T19:29:48+00:00","dateModified":"2019-03-27T01:04:31+00:00","breadcrumb":{"@id":"https:\/\/macabro.mx\/macabronocturno-presenta-freddy-eddy\/#breadcrumb"},"inLanguage":"en-US","potentialAction":[{"@type":"ReadAction","target":["https:\/\/macabro.mx\/macabronocturno-presenta-freddy-eddy\/"]}]},{"@type":"ImageObject","inLanguage":"en-US","@id":"https:\/\/macabro.mx\/macabronocturno-presenta-freddy-eddy\/#primaryimage","url":"https:\/\/macabro.mx\/wp-content\/uploads\/2019\/03\/Poster-Freddy-Eddy.jpg","contentUrl":"https:\/\/macabro.mx\/wp-content\/uploads\/2019\/03\/Poster-Freddy-Eddy.jpg","width":240,"height":359},{"@type":"BreadcrumbList","@id":"https:\/\/macabro.mx\/macabronocturno-presenta-freddy-eddy\/#breadcrumb","itemListElement":[{"@type":"ListItem","position":1,"name":"Home","item":"https:\/\/macabro.mx\/"},{"@type":"ListItem","position":2,"name":"Diario Macabro","item":"https:\/\/macabro.mx\/category\/diario-macabro\/"},{"@type":"ListItem","position":3,"name":"#MacabroNocturno presenta: Freddy Eddy"}]},{"@type":"WebSite","@id":"https:\/\/macabro.mx\/#website","url":"https:\/\/macabro.mx\/","name":"Macabro","description":"Festival Internacional de Cine de Horror","publisher":{"@id":"https:\/\/macabro.mx\/#organization"},"potentialAction":[{"@type":"SearchAction","target":{"@type":"EntryPoint","urlTemplate":"https:\/\/macabro.mx\/?s={search_term_string}"},"query-input":{"@type":"PropertyValueSpecification","valueRequired":true,"valueName":"search_term_string"}}],"inLanguage":"en-US"},{"@type":"Organization","@id":"https:\/\/macabro.mx\/#organization","name":"Macabro Film Festival 2025","url":"https:\/\/macabro.mx\/","logo":{"@type":"ImageObject","inLanguage":"en-US","@id":"https:\/\/macabro.mx\/#\/schema\/logo\/image\/","url":"https:\/\/macabro.mx\/wp-content\/uploads\/2020\/11\/logo-macabro.png","contentUrl":"https:\/\/macabro.mx\/wp-content\/uploads\/2020\/11\/logo-macabro.png","width":870,"height":336,"caption":"Macabro Film Festival 2025"},"image":{"@id":"https:\/\/macabro.mx\/#\/schema\/logo\/image\/"},"sameAs":["https:\/\/www.facebook.com\/MacabroFICH","https:\/\/x.com\/MacabroFICH","https:\/\/www.instagram.com\/macabrofich\/","https:\/\/www.youtube.com\/user\/macabrofest"]},{"@type":"Person","@id":"https:\/\/macabro.mx\/#\/schema\/person\/cb1d7e57b8371a3558481dab1425691d","name":"Diario Macabro","image":{"@type":"ImageObject","inLanguage":"en-US","@id":"https:\/\/secure.gravatar.com\/avatar\/c503ddb7b9ab82ba0cd034365e426a9406aee5285d5579fbb648e22029e78d98?s=96&d=mm&r=g","url":"https:\/\/secure.gravatar.com\/avatar\/c503ddb7b9ab82ba0cd034365e426a9406aee5285d5579fbb648e22029e78d98?s=96&d=mm&r=g","contentUrl":"https:\/\/secure.gravatar.com\/avatar\/c503ddb7b9ab82ba0cd034365e426a9406aee5285d5579fbb648e22029e78d98?s=96&d=mm&r=g","caption":"Diario Macabro"},"url":"https:\/\/macabro.mx\/en\/author\/diario-macabro\/"}]}},"_links":{"self":[{"href":"https:\/\/macabro.mx\/en\/wp-json\/wp\/v2\/posts\/3151","targetHints":{"allow":["GET"]}}],"collection":[{"href":"https:\/\/macabro.mx\/en\/wp-json\/wp\/v2\/posts"}],"about":[{"href":"https:\/\/macabro.mx\/en\/wp-json\/wp\/v2\/types\/post"}],"author":[{"embeddable":true,"href":"https:\/\/macabro.mx\/en\/wp-json\/wp\/v2\/users\/2"}],"replies":[{"embeddable":true,"href":"https:\/\/macabro.mx\/en\/wp-json\/wp\/v2\/comments?post=3151"}],"version-history":[{"count":3,"href":"https:\/\/macabro.mx\/en\/wp-json\/wp\/v2\/posts\/3151\/revisions"}],"predecessor-version":[{"id":3156,"href":"https:\/\/macabro.mx\/en\/wp-json\/wp\/v2\/posts\/3151\/revisions\/3156"}],"wp:featuredmedia":[{"embeddable":true,"href":"https:\/\/macabro.mx\/en\/wp-json\/wp\/v2\/media\/3153"}],"wp:attachment":[{"href":"https:\/\/macabro.mx\/en\/wp-json\/wp\/v2\/media?parent=3151"}],"wp:term":[{"taxonomy":"category","embeddable":true,"href":"https:\/\/macabro.mx\/en\/wp-json\/wp\/v2\/categories?post=3151"},{"taxonomy":"post_tag","embeddable":true,"href":"https:\/\/macabro.mx\/en\/wp-json\/wp\/v2\/tags?post=3151"},{"taxonomy":"festival_year","embeddable":true,"href":"https:\/\/macabro.mx\/en\/wp-json\/wp\/v2\/festival_year?post=3151"}],"curies":[{"name":"wp","href":"https:\/\/api.w.org\/{rel}","templated":true}]}}