{"id":3245,"date":"2019-05-16T14:51:18","date_gmt":"2019-05-16T19:51:18","guid":{"rendered":"https:\/\/macabro.mx\/?p=3245"},"modified":"2019-05-16T14:51:18","modified_gmt":"2019-05-16T19:51:18","slug":"noticias-john-carpenter-es-reconocido-en-el-festival-de-cannes","status":"publish","type":"post","link":"https:\/\/macabro.mx\/en\/noticias-john-carpenter-es-reconocido-en-el-festival-de-cannes\/","title":{"rendered":"#Noticias: John Carpenter es reconocido en el Festival de Cannes"},"content":{"rendered":"<p>En un hecho extraordinario, aunque ya anunciado, el festival de Cannes homenaje\u00f3 al maestro del terror John Carpenter la noche del mi\u00e9rcoles, con un reconocimiento por su contribuci\u00f3n a la cinematograf\u00eda.<\/p>\n<p><img loading=\"lazy\" decoding=\"async\" width=\"624\" height=\"398\" class=\"alignnone size-full wp-image-3246 aligncenter\" src=\"https:\/\/macabro.mx\/wp-content\/uploads\/2019\/05\/AABpm3k.jpg\" alt=\"\" srcset=\"https:\/\/macabro.mx\/wp-content\/uploads\/2019\/05\/AABpm3k.jpg 624w, https:\/\/macabro.mx\/wp-content\/uploads\/2019\/05\/AABpm3k-250x159.jpg 250w, https:\/\/macabro.mx\/wp-content\/uploads\/2019\/05\/AABpm3k-120x77.jpg 120w\" sizes=\"auto, (max-width: 624px) 100vw, 624px\" \/><\/p>\n<p>Carpenter -tambi\u00e9n conocido por cl\u00e1sicos como \u201cHalloween\u201d y \u201cEscape de Nueva York\u201d -,\u00a0 fue galardonado con el Carrosse D\u2019Or otorgado por la asociaci\u00f3n de directores franceses en la ceremonia inaugural de Quincena de los realizadores, evento que forma parte de Cannes en la Riviera francesa.<\/p>\n<p>La gala se llev\u00f3 a cabo con un ambiente de m\u00fasica electr\u00f3nica, coincidiendo con que el cineasta es tambi\u00e9n un compositor renombrado, quien ha creado la mayor\u00eda de las bandas sonoras de sus pel\u00edculas.<\/p>\n<p>Carpenter, un estadounidense que vive en California, dijo en su discurso que qued\u00f3 fascinado al ver como los personajes emergen de los rayos de luz provenientes de un proyector, desde su primera visita a un cine a la edad de 3 cuando vio \u201cLa reina africana\u201d con Katherine Hepburn y Humphrey Bogart.<\/p>\n<p>\u201cEs ese viaje de la audiencia a trav\u00e9s del mundo de la luz y de las sombras que lo rodean, lo que que me hace sentirme orgulloso de formar parte de \u00e9l\u201d, coment\u00f3.<\/p>\n<p>La selecci\u00f3n oficial del festival abri\u00f3 con la pel\u00edcula de zombis, \u201cThe Dead Don\u2019t Die\u201d el martes por la noche. El director Jim Jarmusch cit\u00f3 a Carpenter como referencia e inspiraci\u00f3n en el cine de horror.<\/p>\n<p>Con informaci\u00f3n de Reuters.<\/p>\n<p>Foto: Festival de Cannes<\/p>","protected":false},"excerpt":{"rendered":"En un hecho extraordinario, aunque ya anunciado, el festival de Cannes homenaje\u00f3 al maestro del terror John Carpenter la noche del mi\u00e9rcoles, con un reconocimiento por su contribuci\u00f3n a la cinematograf\u00eda. Carpenter -tambi\u00e9n conocido por cl\u00e1sicos como \u201cHalloween\u201d y \u201cEscape de Nueva York\u201d -,\u00a0 fue galardonado con el Carrosse D\u2019Or otorgado por la asociaci\u00f3n de","protected":false},"author":2,"featured_media":3247,"comment_status":"open","ping_status":"open","sticky":false,"template":"","format":"standard","meta":{"_acf_changed":false,"footnotes":""},"categories":[2],"tags":[1172,1170,1171,1174,7,48,1169,233,54,1173],"festival_year":[],"class_list":["post-3245","post","type-post","status-publish","format-standard","has-post-thumbnail","hentry","category-diario-macabro","tag-camara-de-oro","tag-cannes-2019","tag-festival-de-cannes","tag-galardones-de-cannes","tag-horror","tag-horror-films","tag-jim-jarmusch","tag-john-carpenter","tag-macabro-film-festival","tag-quincena-de-los-realizadores"],"acf":[],"yoast_head":"<!-- This site is optimized with the Yoast SEO plugin v27.2 - https:\/\/yoast.com\/product\/yoast-seo-wordpress\/ -->\n<title>#Noticias: John Carpenter es reconocido en el Festival de Cannes | Macabro<\/title>\n<meta name=\"robots\" content=\"index, follow, max-snippet:-1, max-image-preview:large, max-video-preview:-1\" \/>\n<link rel=\"canonical\" href=\"https:\/\/macabro.mx\/en\/noticias-john-carpenter-es-reconocido-en-el-festival-de-cannes\/\" \/>\n<meta property=\"og:locale\" content=\"en_US\" \/>\n<meta property=\"og:type\" content=\"article\" \/>\n<meta property=\"og:title\" content=\"#Noticias: John Carpenter es reconocido en el Festival de Cannes | Macabro\" \/>\n<meta property=\"og:description\" content=\"En un hecho extraordinario, aunque ya anunciado, el festival de Cannes homenaje\u00f3 al maestro del terror John Carpenter la noche del mi\u00e9rcoles, con un reconocimiento por su contribuci\u00f3n a la cinematograf\u00eda. Carpenter -tambi\u00e9n conocido por cl\u00e1sicos como \u201cHalloween\u201d y \u201cEscape de Nueva York\u201d -,\u00a0 fue galardonado con el Carrosse D\u2019Or otorgado por la asociaci\u00f3n de\" \/>\n<meta property=\"og:url\" content=\"https:\/\/macabro.mx\/en\/noticias-john-carpenter-es-reconocido-en-el-festival-de-cannes\/\" \/>\n<meta property=\"og:site_name\" content=\"Macabro\" \/>\n<meta property=\"article:publisher\" content=\"https:\/\/www.facebook.com\/MacabroFICH\" \/>\n<meta property=\"article:published_time\" content=\"2019-05-16T19:51:18+00:00\" \/>\n<meta property=\"og:image\" content=\"https:\/\/macabro.mx\/wp-content\/uploads\/2019\/05\/640_johncarpenter_2019_05_16_23_20_21.jpg\" \/>\n\t<meta property=\"og:image:width\" content=\"640\" \/>\n\t<meta property=\"og:image:height\" content=\"480\" \/>\n\t<meta property=\"og:image:type\" content=\"image\/jpeg\" \/>\n<meta name=\"author\" content=\"Diario Macabro\" \/>\n<meta name=\"twitter:card\" content=\"summary_large_image\" \/>\n<meta name=\"twitter:creator\" content=\"@MacabroFICH\" \/>\n<meta name=\"twitter:site\" content=\"@MacabroFICH\" \/>\n<meta name=\"twitter:label1\" content=\"Written by\" \/>\n\t<meta name=\"twitter:data1\" content=\"Diario Macabro\" \/>\n\t<meta name=\"twitter:label2\" content=\"Est. reading time\" \/>\n\t<meta name=\"twitter:data2\" content=\"1 minute\" \/>\n<script type=\"application\/ld+json\" class=\"yoast-schema-graph\">{\"@context\":\"https:\/\/schema.org\",\"@graph\":[{\"@type\":\"Article\",\"@id\":\"https:\/\/macabro.mx\/noticias-john-carpenter-es-reconocido-en-el-festival-de-cannes\/#article\",\"isPartOf\":{\"@id\":\"https:\/\/macabro.mx\/noticias-john-carpenter-es-reconocido-en-el-festival-de-cannes\/\"},\"author\":{\"name\":\"Diario Macabro\",\"@id\":\"https:\/\/macabro.mx\/#\/schema\/person\/cb1d7e57b8371a3558481dab1425691d\"},\"headline\":\"#Noticias: John Carpenter es reconocido en el Festival de Cannes\",\"datePublished\":\"2019-05-16T19:51:18+00:00\",\"mainEntityOfPage\":{\"@id\":\"https:\/\/macabro.mx\/noticias-john-carpenter-es-reconocido-en-el-festival-de-cannes\/\"},\"wordCount\":266,\"commentCount\":0,\"publisher\":{\"@id\":\"https:\/\/macabro.mx\/#organization\"},\"image\":{\"@id\":\"https:\/\/macabro.mx\/noticias-john-carpenter-es-reconocido-en-el-festival-de-cannes\/#primaryimage\"},\"thumbnailUrl\":\"https:\/\/macabro.mx\/wp-content\/uploads\/2019\/05\/640_johncarpenter_2019_05_16_23_20_21.jpg\",\"keywords\":[\"Camara de oro\",\"Cannes 2019\",\"Festival de Cannes\",\"Galardones de Cannes\",\"horror\",\"Horror Films\",\"Jim Jarmusch\",\"John Carpenter\",\"Macabro Film Festival\",\"Quincena de los realizadores\"],\"articleSection\":[\"Diario Macabro\"],\"inLanguage\":\"en-US\",\"potentialAction\":[{\"@type\":\"CommentAction\",\"name\":\"Comment\",\"target\":[\"https:\/\/macabro.mx\/noticias-john-carpenter-es-reconocido-en-el-festival-de-cannes\/#respond\"]}]},{\"@type\":\"WebPage\",\"@id\":\"https:\/\/macabro.mx\/noticias-john-carpenter-es-reconocido-en-el-festival-de-cannes\/\",\"url\":\"https:\/\/macabro.mx\/noticias-john-carpenter-es-reconocido-en-el-festival-de-cannes\/\",\"name\":\"#Noticias: John Carpenter es reconocido en el Festival de Cannes | Macabro\",\"isPartOf\":{\"@id\":\"https:\/\/macabro.mx\/#website\"},\"primaryImageOfPage\":{\"@id\":\"https:\/\/macabro.mx\/noticias-john-carpenter-es-reconocido-en-el-festival-de-cannes\/#primaryimage\"},\"image\":{\"@id\":\"https:\/\/macabro.mx\/noticias-john-carpenter-es-reconocido-en-el-festival-de-cannes\/#primaryimage\"},\"thumbnailUrl\":\"https:\/\/macabro.mx\/wp-content\/uploads\/2019\/05\/640_johncarpenter_2019_05_16_23_20_21.jpg\",\"datePublished\":\"2019-05-16T19:51:18+00:00\",\"breadcrumb\":{\"@id\":\"https:\/\/macabro.mx\/noticias-john-carpenter-es-reconocido-en-el-festival-de-cannes\/#breadcrumb\"},\"inLanguage\":\"en-US\",\"potentialAction\":[{\"@type\":\"ReadAction\",\"target\":[\"https:\/\/macabro.mx\/noticias-john-carpenter-es-reconocido-en-el-festival-de-cannes\/\"]}]},{\"@type\":\"ImageObject\",\"inLanguage\":\"en-US\",\"@id\":\"https:\/\/macabro.mx\/noticias-john-carpenter-es-reconocido-en-el-festival-de-cannes\/#primaryimage\",\"url\":\"https:\/\/macabro.mx\/wp-content\/uploads\/2019\/05\/640_johncarpenter_2019_05_16_23_20_21.jpg\",\"contentUrl\":\"https:\/\/macabro.mx\/wp-content\/uploads\/2019\/05\/640_johncarpenter_2019_05_16_23_20_21.jpg\",\"width\":640,\"height\":480},{\"@type\":\"BreadcrumbList\",\"@id\":\"https:\/\/macabro.mx\/noticias-john-carpenter-es-reconocido-en-el-festival-de-cannes\/#breadcrumb\",\"itemListElement\":[{\"@type\":\"ListItem\",\"position\":1,\"name\":\"Home\",\"item\":\"https:\/\/macabro.mx\/\"},{\"@type\":\"ListItem\",\"position\":2,\"name\":\"Diario Macabro\",\"item\":\"https:\/\/macabro.mx\/category\/diario-macabro\/\"},{\"@type\":\"ListItem\",\"position\":3,\"name\":\"#Noticias: John Carpenter es reconocido en el Festival de Cannes\"}]},{\"@type\":\"WebSite\",\"@id\":\"https:\/\/macabro.mx\/#website\",\"url\":\"https:\/\/macabro.mx\/\",\"name\":\"Macabro\",\"description\":\"Festival Internacional de Cine de Horror\",\"publisher\":{\"@id\":\"https:\/\/macabro.mx\/#organization\"},\"potentialAction\":[{\"@type\":\"SearchAction\",\"target\":{\"@type\":\"EntryPoint\",\"urlTemplate\":\"https:\/\/macabro.mx\/?s={search_term_string}\"},\"query-input\":{\"@type\":\"PropertyValueSpecification\",\"valueRequired\":true,\"valueName\":\"search_term_string\"}}],\"inLanguage\":\"en-US\"},{\"@type\":\"Organization\",\"@id\":\"https:\/\/macabro.mx\/#organization\",\"name\":\"Macabro Film Festival 2025\",\"url\":\"https:\/\/macabro.mx\/\",\"logo\":{\"@type\":\"ImageObject\",\"inLanguage\":\"en-US\",\"@id\":\"https:\/\/macabro.mx\/#\/schema\/logo\/image\/\",\"url\":\"https:\/\/macabro.mx\/wp-content\/uploads\/2020\/11\/logo-macabro.png\",\"contentUrl\":\"https:\/\/macabro.mx\/wp-content\/uploads\/2020\/11\/logo-macabro.png\",\"width\":870,\"height\":336,\"caption\":\"Macabro Film Festival 2025\"},\"image\":{\"@id\":\"https:\/\/macabro.mx\/#\/schema\/logo\/image\/\"},\"sameAs\":[\"https:\/\/www.facebook.com\/MacabroFICH\",\"https:\/\/x.com\/MacabroFICH\",\"https:\/\/www.instagram.com\/macabrofich\/\",\"https:\/\/www.youtube.com\/user\/macabrofest\"]},{\"@type\":\"Person\",\"@id\":\"https:\/\/macabro.mx\/#\/schema\/person\/cb1d7e57b8371a3558481dab1425691d\",\"name\":\"Diario Macabro\",\"image\":{\"@type\":\"ImageObject\",\"inLanguage\":\"en-US\",\"@id\":\"https:\/\/secure.gravatar.com\/avatar\/c503ddb7b9ab82ba0cd034365e426a9406aee5285d5579fbb648e22029e78d98?s=96&d=mm&r=g\",\"url\":\"https:\/\/secure.gravatar.com\/avatar\/c503ddb7b9ab82ba0cd034365e426a9406aee5285d5579fbb648e22029e78d98?s=96&d=mm&r=g\",\"contentUrl\":\"https:\/\/secure.gravatar.com\/avatar\/c503ddb7b9ab82ba0cd034365e426a9406aee5285d5579fbb648e22029e78d98?s=96&d=mm&r=g\",\"caption\":\"Diario Macabro\"},\"url\":\"https:\/\/macabro.mx\/en\/author\/diario-macabro\/\"}]}<\/script>\n<!-- \/ Yoast SEO plugin. -->","yoast_head_json":{"title":"#Noticias: John Carpenter es reconocido en el Festival de Cannes | Macabro","robots":{"index":"index","follow":"follow","max-snippet":"max-snippet:-1","max-image-preview":"max-image-preview:large","max-video-preview":"max-video-preview:-1"},"canonical":"https:\/\/macabro.mx\/en\/noticias-john-carpenter-es-reconocido-en-el-festival-de-cannes\/","og_locale":"en_US","og_type":"article","og_title":"#Noticias: John Carpenter es reconocido en el Festival de Cannes | Macabro","og_description":"En un hecho extraordinario, aunque ya anunciado, el festival de Cannes homenaje\u00f3 al maestro del terror John Carpenter la noche del mi\u00e9rcoles, con un reconocimiento por su contribuci\u00f3n a la cinematograf\u00eda. Carpenter -tambi\u00e9n conocido por cl\u00e1sicos como \u201cHalloween\u201d y \u201cEscape de Nueva York\u201d -,\u00a0 fue galardonado con el Carrosse D\u2019Or otorgado por la asociaci\u00f3n de","og_url":"https:\/\/macabro.mx\/en\/noticias-john-carpenter-es-reconocido-en-el-festival-de-cannes\/","og_site_name":"Macabro","article_publisher":"https:\/\/www.facebook.com\/MacabroFICH","article_published_time":"2019-05-16T19:51:18+00:00","og_image":[{"width":640,"height":480,"url":"https:\/\/macabro.mx\/wp-content\/uploads\/2019\/05\/640_johncarpenter_2019_05_16_23_20_21.jpg","type":"image\/jpeg"}],"author":"Diario Macabro","twitter_card":"summary_large_image","twitter_creator":"@MacabroFICH","twitter_site":"@MacabroFICH","twitter_misc":{"Written by":"Diario Macabro","Est. reading time":"1 minute"},"schema":{"@context":"https:\/\/schema.org","@graph":[{"@type":"Article","@id":"https:\/\/macabro.mx\/noticias-john-carpenter-es-reconocido-en-el-festival-de-cannes\/#article","isPartOf":{"@id":"https:\/\/macabro.mx\/noticias-john-carpenter-es-reconocido-en-el-festival-de-cannes\/"},"author":{"name":"Diario Macabro","@id":"https:\/\/macabro.mx\/#\/schema\/person\/cb1d7e57b8371a3558481dab1425691d"},"headline":"#Noticias: John Carpenter es reconocido en el Festival de Cannes","datePublished":"2019-05-16T19:51:18+00:00","mainEntityOfPage":{"@id":"https:\/\/macabro.mx\/noticias-john-carpenter-es-reconocido-en-el-festival-de-cannes\/"},"wordCount":266,"commentCount":0,"publisher":{"@id":"https:\/\/macabro.mx\/#organization"},"image":{"@id":"https:\/\/macabro.mx\/noticias-john-carpenter-es-reconocido-en-el-festival-de-cannes\/#primaryimage"},"thumbnailUrl":"https:\/\/macabro.mx\/wp-content\/uploads\/2019\/05\/640_johncarpenter_2019_05_16_23_20_21.jpg","keywords":["Camara de oro","Cannes 2019","Festival de Cannes","Galardones de Cannes","horror","Horror Films","Jim Jarmusch","John Carpenter","Macabro Film Festival","Quincena de los realizadores"],"articleSection":["Diario Macabro"],"inLanguage":"en-US","potentialAction":[{"@type":"CommentAction","name":"Comment","target":["https:\/\/macabro.mx\/noticias-john-carpenter-es-reconocido-en-el-festival-de-cannes\/#respond"]}]},{"@type":"WebPage","@id":"https:\/\/macabro.mx\/noticias-john-carpenter-es-reconocido-en-el-festival-de-cannes\/","url":"https:\/\/macabro.mx\/noticias-john-carpenter-es-reconocido-en-el-festival-de-cannes\/","name":"#Noticias: John Carpenter es reconocido en el Festival de Cannes | Macabro","isPartOf":{"@id":"https:\/\/macabro.mx\/#website"},"primaryImageOfPage":{"@id":"https:\/\/macabro.mx\/noticias-john-carpenter-es-reconocido-en-el-festival-de-cannes\/#primaryimage"},"image":{"@id":"https:\/\/macabro.mx\/noticias-john-carpenter-es-reconocido-en-el-festival-de-cannes\/#primaryimage"},"thumbnailUrl":"https:\/\/macabro.mx\/wp-content\/uploads\/2019\/05\/640_johncarpenter_2019_05_16_23_20_21.jpg","datePublished":"2019-05-16T19:51:18+00:00","breadcrumb":{"@id":"https:\/\/macabro.mx\/noticias-john-carpenter-es-reconocido-en-el-festival-de-cannes\/#breadcrumb"},"inLanguage":"en-US","potentialAction":[{"@type":"ReadAction","target":["https:\/\/macabro.mx\/noticias-john-carpenter-es-reconocido-en-el-festival-de-cannes\/"]}]},{"@type":"ImageObject","inLanguage":"en-US","@id":"https:\/\/macabro.mx\/noticias-john-carpenter-es-reconocido-en-el-festival-de-cannes\/#primaryimage","url":"https:\/\/macabro.mx\/wp-content\/uploads\/2019\/05\/640_johncarpenter_2019_05_16_23_20_21.jpg","contentUrl":"https:\/\/macabro.mx\/wp-content\/uploads\/2019\/05\/640_johncarpenter_2019_05_16_23_20_21.jpg","width":640,"height":480},{"@type":"BreadcrumbList","@id":"https:\/\/macabro.mx\/noticias-john-carpenter-es-reconocido-en-el-festival-de-cannes\/#breadcrumb","itemListElement":[{"@type":"ListItem","position":1,"name":"Home","item":"https:\/\/macabro.mx\/"},{"@type":"ListItem","position":2,"name":"Diario Macabro","item":"https:\/\/macabro.mx\/category\/diario-macabro\/"},{"@type":"ListItem","position":3,"name":"#Noticias: John Carpenter es reconocido en el Festival de Cannes"}]},{"@type":"WebSite","@id":"https:\/\/macabro.mx\/#website","url":"https:\/\/macabro.mx\/","name":"Macabro","description":"Festival Internacional de Cine de Horror","publisher":{"@id":"https:\/\/macabro.mx\/#organization"},"potentialAction":[{"@type":"SearchAction","target":{"@type":"EntryPoint","urlTemplate":"https:\/\/macabro.mx\/?s={search_term_string}"},"query-input":{"@type":"PropertyValueSpecification","valueRequired":true,"valueName":"search_term_string"}}],"inLanguage":"en-US"},{"@type":"Organization","@id":"https:\/\/macabro.mx\/#organization","name":"Macabro Film Festival 2025","url":"https:\/\/macabro.mx\/","logo":{"@type":"ImageObject","inLanguage":"en-US","@id":"https:\/\/macabro.mx\/#\/schema\/logo\/image\/","url":"https:\/\/macabro.mx\/wp-content\/uploads\/2020\/11\/logo-macabro.png","contentUrl":"https:\/\/macabro.mx\/wp-content\/uploads\/2020\/11\/logo-macabro.png","width":870,"height":336,"caption":"Macabro Film Festival 2025"},"image":{"@id":"https:\/\/macabro.mx\/#\/schema\/logo\/image\/"},"sameAs":["https:\/\/www.facebook.com\/MacabroFICH","https:\/\/x.com\/MacabroFICH","https:\/\/www.instagram.com\/macabrofich\/","https:\/\/www.youtube.com\/user\/macabrofest"]},{"@type":"Person","@id":"https:\/\/macabro.mx\/#\/schema\/person\/cb1d7e57b8371a3558481dab1425691d","name":"Diario Macabro","image":{"@type":"ImageObject","inLanguage":"en-US","@id":"https:\/\/secure.gravatar.com\/avatar\/c503ddb7b9ab82ba0cd034365e426a9406aee5285d5579fbb648e22029e78d98?s=96&d=mm&r=g","url":"https:\/\/secure.gravatar.com\/avatar\/c503ddb7b9ab82ba0cd034365e426a9406aee5285d5579fbb648e22029e78d98?s=96&d=mm&r=g","contentUrl":"https:\/\/secure.gravatar.com\/avatar\/c503ddb7b9ab82ba0cd034365e426a9406aee5285d5579fbb648e22029e78d98?s=96&d=mm&r=g","caption":"Diario Macabro"},"url":"https:\/\/macabro.mx\/en\/author\/diario-macabro\/"}]}},"_links":{"self":[{"href":"https:\/\/macabro.mx\/en\/wp-json\/wp\/v2\/posts\/3245","targetHints":{"allow":["GET"]}}],"collection":[{"href":"https:\/\/macabro.mx\/en\/wp-json\/wp\/v2\/posts"}],"about":[{"href":"https:\/\/macabro.mx\/en\/wp-json\/wp\/v2\/types\/post"}],"author":[{"embeddable":true,"href":"https:\/\/macabro.mx\/en\/wp-json\/wp\/v2\/users\/2"}],"replies":[{"embeddable":true,"href":"https:\/\/macabro.mx\/en\/wp-json\/wp\/v2\/comments?post=3245"}],"version-history":[{"count":1,"href":"https:\/\/macabro.mx\/en\/wp-json\/wp\/v2\/posts\/3245\/revisions"}],"predecessor-version":[{"id":3248,"href":"https:\/\/macabro.mx\/en\/wp-json\/wp\/v2\/posts\/3245\/revisions\/3248"}],"wp:featuredmedia":[{"embeddable":true,"href":"https:\/\/macabro.mx\/en\/wp-json\/wp\/v2\/media\/3247"}],"wp:attachment":[{"href":"https:\/\/macabro.mx\/en\/wp-json\/wp\/v2\/media?parent=3245"}],"wp:term":[{"taxonomy":"category","embeddable":true,"href":"https:\/\/macabro.mx\/en\/wp-json\/wp\/v2\/categories?post=3245"},{"taxonomy":"post_tag","embeddable":true,"href":"https:\/\/macabro.mx\/en\/wp-json\/wp\/v2\/tags?post=3245"},{"taxonomy":"festival_year","embeddable":true,"href":"https:\/\/macabro.mx\/en\/wp-json\/wp\/v2\/festival_year?post=3245"}],"curies":[{"name":"wp","href":"https:\/\/api.w.org\/{rel}","templated":true}]}}