{"id":3250,"date":"2019-05-21T18:40:48","date_gmt":"2019-05-21T23:40:48","guid":{"rendered":"https:\/\/macabro.mx\/?p=3250"},"modified":"2019-05-21T18:44:02","modified_gmt":"2019-05-21T23:44:02","slug":"macabronocturno-se-pone-scifi-con-la-exhibicion-de-la-corporacion","status":"publish","type":"post","link":"https:\/\/macabro.mx\/en\/macabronocturno-se-pone-scifi-con-la-exhibicion-de-la-corporacion\/","title":{"rendered":"#MacabroNocturno se pone scifi con la exhibici\u00f3n de La Corporaci\u00f3n"},"content":{"rendered":"<p>Este mes nuestro Macabro Nocturno es de scifi con esta pel\u00edcula del director argentino Fabi\u00e1n Forte, donde la aparente felicidad no es m\u00e1s que el producto de una ilusi\u00f3n producida por contrato con La Corporaci\u00f3n.<\/p>\n<p><img loading=\"lazy\" decoding=\"async\" class=\"wp-image-3255 aligncenter\" src=\"https:\/\/macabro.mx\/wp-content\/uploads\/2019\/05\/corporacion_poster-4-700x981.jpg\" alt=\"\" width=\"260\" height=\"364\" srcset=\"https:\/\/macabro.mx\/wp-content\/uploads\/2019\/05\/corporacion_poster-4-700x981.jpg 700w, https:\/\/macabro.mx\/wp-content\/uploads\/2019\/05\/corporacion_poster-4-250x350.jpg 250w, https:\/\/macabro.mx\/wp-content\/uploads\/2019\/05\/corporacion_poster-4-768x1076.jpg 768w, https:\/\/macabro.mx\/wp-content\/uploads\/2019\/05\/corporacion_poster-4-120x168.jpg 120w, https:\/\/macabro.mx\/wp-content\/uploads\/2019\/05\/corporacion_poster-4.jpg 1462w\" sizes=\"auto, (max-width: 260px) 100vw, 260px\" \/><\/p>\n<p><strong><em>La Corporaci\u00f3n<\/em><\/strong><\/p>\n<p>Guion y direcci\u00f3n: Fabi\u00e1n Forte &#8211;\u00a02012 &#8211; Argentina &#8211; 90 min<\/p>\n<p>Sinopsis.- Felipe es un empresario estricto, meticuloso y c\u00ednico que vive una relaci\u00f3n id\u00edlica con su pareja, Luz. Nada parece escaparse de una existencia encapsulada, acomodada y solvente, sin sobresalto alguno. Pero, toda la disciplina con que est\u00e1 dise\u00f1ada su vida empieza a resquebrajarse a partir de una crisis en la que Felipe pierde el control de su intimidad, regulada por una oscura corporaci\u00f3n con quienes firm\u00f3 los contratos que sostienen los hilos de su vida familiar.<\/p>\n<p><iframe loading=\"lazy\" width=\"900\" height=\"506\" src=\"https:\/\/www.youtube.com\/embed\/5eFNvFeWK78?feature=oembed\" frameborder=\"0\" allow=\"accelerometer; autoplay; encrypted-media; gyroscope; picture-in-picture\" allowfullscreen><\/iframe><\/p>\n<p>Macabro Nocturno es un proyecto de #MacabroFICH en alianza con La Casa del Cine Mx que presenta en una funci\u00f3n mensual, desde febrero de 2015, parte del acervo f\u00edlmico del festival desde su fundaci\u00f3n en 2002.<\/p>\n<p>Boletos en taquilla: $45.00 | S\u00e1bado 25 de mayo de 2019 | Funciones 20:00 y 20:30 horas | Casa del Cine: Rep\u00fablica de Uruguay 52, 2\u00ba piso, Centro Hist\u00f3rico M\u00e9xico D.F.| Tel. 55 12 42 43<\/p>","protected":false},"excerpt":{"rendered":"Este mes nuestro Macabro Nocturno es de scifi con esta pel\u00edcula del director argentino Fabi\u00e1n Forte, donde la aparente felicidad no es m\u00e1s que el producto de una ilusi\u00f3n producida por contrato con La Corporaci\u00f3n. La Corporaci\u00f3n Guion y direcci\u00f3n: Fabi\u00e1n Forte &#8211;\u00a02012 &#8211; Argentina &#8211; 90 min Sinopsis.- Felipe es un empresario estricto, meticuloso","protected":false},"author":2,"featured_media":3255,"comment_status":"open","ping_status":"open","sticky":false,"template":"","format":"standard","meta":{"_acf_changed":false,"footnotes":""},"categories":[2],"tags":[432,430,688,402,1175,23,54,31,605,345],"festival_year":[],"class_list":["post-3250","post","type-post","status-publish","format-standard","has-post-thumbnail","hentry","category-diario-macabro","tag-centro-historico-cdmx","tag-cine-argentino","tag-fabian-forte","tag-la-casa-del-cine-mx","tag-la-corporacion","tag-macabro-fich","tag-macabro-film-festival","tag-macabro-nocturno","tag-macabro-xvii","tag-sci-fi"],"acf":[],"yoast_head":"<!-- This site is optimized with the Yoast SEO plugin v27.2 - https:\/\/yoast.com\/product\/yoast-seo-wordpress\/ -->\n<title>#MacabroNocturno se pone scifi con la exhibici\u00f3n de La Corporaci\u00f3n | Macabro<\/title>\n<meta name=\"robots\" content=\"index, follow, max-snippet:-1, max-image-preview:large, max-video-preview:-1\" \/>\n<link rel=\"canonical\" href=\"https:\/\/macabro.mx\/en\/macabronocturno-se-pone-scifi-con-la-exhibicion-de-la-corporacion\/\" \/>\n<meta property=\"og:locale\" content=\"en_US\" \/>\n<meta property=\"og:type\" content=\"article\" \/>\n<meta property=\"og:title\" content=\"#MacabroNocturno se pone scifi con la exhibici\u00f3n de La Corporaci\u00f3n | Macabro\" \/>\n<meta property=\"og:description\" content=\"Este mes nuestro Macabro Nocturno es de scifi con esta pel\u00edcula del director argentino Fabi\u00e1n Forte, donde la aparente felicidad no es m\u00e1s que el producto de una ilusi\u00f3n producida por contrato con La Corporaci\u00f3n. La Corporaci\u00f3n Guion y direcci\u00f3n: Fabi\u00e1n Forte &#8211;\u00a02012 &#8211; Argentina &#8211; 90 min Sinopsis.- Felipe es un empresario estricto, meticuloso\" \/>\n<meta property=\"og:url\" content=\"https:\/\/macabro.mx\/en\/macabronocturno-se-pone-scifi-con-la-exhibicion-de-la-corporacion\/\" \/>\n<meta property=\"og:site_name\" content=\"Macabro\" \/>\n<meta property=\"article:publisher\" content=\"https:\/\/www.facebook.com\/MacabroFICH\" \/>\n<meta property=\"article:published_time\" content=\"2019-05-21T23:40:48+00:00\" \/>\n<meta property=\"article:modified_time\" content=\"2019-05-21T23:44:02+00:00\" \/>\n<meta property=\"og:image\" content=\"https:\/\/macabro.mx\/wp-content\/uploads\/2019\/05\/corporacion_poster-4.jpg\" \/>\n\t<meta property=\"og:image:width\" content=\"1462\" \/>\n\t<meta property=\"og:image:height\" content=\"2048\" \/>\n\t<meta property=\"og:image:type\" content=\"image\/jpeg\" \/>\n<meta name=\"author\" content=\"Diario Macabro\" \/>\n<meta name=\"twitter:card\" content=\"summary_large_image\" \/>\n<meta name=\"twitter:creator\" content=\"@MacabroFICH\" \/>\n<meta name=\"twitter:site\" content=\"@MacabroFICH\" \/>\n<meta name=\"twitter:label1\" content=\"Written by\" \/>\n\t<meta name=\"twitter:data1\" content=\"Diario Macabro\" \/>\n\t<meta name=\"twitter:label2\" content=\"Est. reading time\" \/>\n\t<meta name=\"twitter:data2\" content=\"1 minute\" \/>\n<script type=\"application\/ld+json\" class=\"yoast-schema-graph\">{\"@context\":\"https:\/\/schema.org\",\"@graph\":[{\"@type\":\"Article\",\"@id\":\"https:\/\/macabro.mx\/macabronocturno-se-pone-scifi-con-la-exhibicion-de-la-corporacion\/#article\",\"isPartOf\":{\"@id\":\"https:\/\/macabro.mx\/macabronocturno-se-pone-scifi-con-la-exhibicion-de-la-corporacion\/\"},\"author\":{\"name\":\"Diario Macabro\",\"@id\":\"https:\/\/macabro.mx\/#\/schema\/person\/cb1d7e57b8371a3558481dab1425691d\"},\"headline\":\"#MacabroNocturno se pone scifi con la exhibici\u00f3n de La Corporaci\u00f3n\",\"datePublished\":\"2019-05-21T23:40:48+00:00\",\"dateModified\":\"2019-05-21T23:44:02+00:00\",\"mainEntityOfPage\":{\"@id\":\"https:\/\/macabro.mx\/macabronocturno-se-pone-scifi-con-la-exhibicion-de-la-corporacion\/\"},\"wordCount\":221,\"commentCount\":0,\"publisher\":{\"@id\":\"https:\/\/macabro.mx\/#organization\"},\"image\":{\"@id\":\"https:\/\/macabro.mx\/macabronocturno-se-pone-scifi-con-la-exhibicion-de-la-corporacion\/#primaryimage\"},\"thumbnailUrl\":\"https:\/\/macabro.mx\/wp-content\/uploads\/2019\/05\/corporacion_poster-4.jpg\",\"keywords\":[\"Centro Hist\u00f3rico CDMX\",\"Cine argentino\",\"Fabian Forte\",\"La casa del cine mx\",\"La corporacion\",\"Macabro FICH\",\"Macabro Film Festival\",\"Macabro Nocturno\",\"Macabro XVII\",\"sci fi\"],\"articleSection\":[\"Diario Macabro\"],\"inLanguage\":\"en-US\",\"potentialAction\":[{\"@type\":\"CommentAction\",\"name\":\"Comment\",\"target\":[\"https:\/\/macabro.mx\/macabronocturno-se-pone-scifi-con-la-exhibicion-de-la-corporacion\/#respond\"]}]},{\"@type\":\"WebPage\",\"@id\":\"https:\/\/macabro.mx\/macabronocturno-se-pone-scifi-con-la-exhibicion-de-la-corporacion\/\",\"url\":\"https:\/\/macabro.mx\/macabronocturno-se-pone-scifi-con-la-exhibicion-de-la-corporacion\/\",\"name\":\"#MacabroNocturno se pone scifi con la exhibici\u00f3n de La Corporaci\u00f3n | Macabro\",\"isPartOf\":{\"@id\":\"https:\/\/macabro.mx\/#website\"},\"primaryImageOfPage\":{\"@id\":\"https:\/\/macabro.mx\/macabronocturno-se-pone-scifi-con-la-exhibicion-de-la-corporacion\/#primaryimage\"},\"image\":{\"@id\":\"https:\/\/macabro.mx\/macabronocturno-se-pone-scifi-con-la-exhibicion-de-la-corporacion\/#primaryimage\"},\"thumbnailUrl\":\"https:\/\/macabro.mx\/wp-content\/uploads\/2019\/05\/corporacion_poster-4.jpg\",\"datePublished\":\"2019-05-21T23:40:48+00:00\",\"dateModified\":\"2019-05-21T23:44:02+00:00\",\"breadcrumb\":{\"@id\":\"https:\/\/macabro.mx\/macabronocturno-se-pone-scifi-con-la-exhibicion-de-la-corporacion\/#breadcrumb\"},\"inLanguage\":\"en-US\",\"potentialAction\":[{\"@type\":\"ReadAction\",\"target\":[\"https:\/\/macabro.mx\/macabronocturno-se-pone-scifi-con-la-exhibicion-de-la-corporacion\/\"]}]},{\"@type\":\"ImageObject\",\"inLanguage\":\"en-US\",\"@id\":\"https:\/\/macabro.mx\/macabronocturno-se-pone-scifi-con-la-exhibicion-de-la-corporacion\/#primaryimage\",\"url\":\"https:\/\/macabro.mx\/wp-content\/uploads\/2019\/05\/corporacion_poster-4.jpg\",\"contentUrl\":\"https:\/\/macabro.mx\/wp-content\/uploads\/2019\/05\/corporacion_poster-4.jpg\",\"width\":1462,\"height\":2048},{\"@type\":\"BreadcrumbList\",\"@id\":\"https:\/\/macabro.mx\/macabronocturno-se-pone-scifi-con-la-exhibicion-de-la-corporacion\/#breadcrumb\",\"itemListElement\":[{\"@type\":\"ListItem\",\"position\":1,\"name\":\"Home\",\"item\":\"https:\/\/macabro.mx\/\"},{\"@type\":\"ListItem\",\"position\":2,\"name\":\"Diario Macabro\",\"item\":\"https:\/\/macabro.mx\/category\/diario-macabro\/\"},{\"@type\":\"ListItem\",\"position\":3,\"name\":\"#MacabroNocturno se pone scifi con la exhibici\u00f3n de La Corporaci\u00f3n\"}]},{\"@type\":\"WebSite\",\"@id\":\"https:\/\/macabro.mx\/#website\",\"url\":\"https:\/\/macabro.mx\/\",\"name\":\"Macabro\",\"description\":\"Festival Internacional de Cine de Horror\",\"publisher\":{\"@id\":\"https:\/\/macabro.mx\/#organization\"},\"potentialAction\":[{\"@type\":\"SearchAction\",\"target\":{\"@type\":\"EntryPoint\",\"urlTemplate\":\"https:\/\/macabro.mx\/?s={search_term_string}\"},\"query-input\":{\"@type\":\"PropertyValueSpecification\",\"valueRequired\":true,\"valueName\":\"search_term_string\"}}],\"inLanguage\":\"en-US\"},{\"@type\":\"Organization\",\"@id\":\"https:\/\/macabro.mx\/#organization\",\"name\":\"Macabro Film Festival 2025\",\"url\":\"https:\/\/macabro.mx\/\",\"logo\":{\"@type\":\"ImageObject\",\"inLanguage\":\"en-US\",\"@id\":\"https:\/\/macabro.mx\/#\/schema\/logo\/image\/\",\"url\":\"https:\/\/macabro.mx\/wp-content\/uploads\/2020\/11\/logo-macabro.png\",\"contentUrl\":\"https:\/\/macabro.mx\/wp-content\/uploads\/2020\/11\/logo-macabro.png\",\"width\":870,\"height\":336,\"caption\":\"Macabro Film Festival 2025\"},\"image\":{\"@id\":\"https:\/\/macabro.mx\/#\/schema\/logo\/image\/\"},\"sameAs\":[\"https:\/\/www.facebook.com\/MacabroFICH\",\"https:\/\/x.com\/MacabroFICH\",\"https:\/\/www.instagram.com\/macabrofich\/\",\"https:\/\/www.youtube.com\/user\/macabrofest\"]},{\"@type\":\"Person\",\"@id\":\"https:\/\/macabro.mx\/#\/schema\/person\/cb1d7e57b8371a3558481dab1425691d\",\"name\":\"Diario Macabro\",\"image\":{\"@type\":\"ImageObject\",\"inLanguage\":\"en-US\",\"@id\":\"https:\/\/secure.gravatar.com\/avatar\/c503ddb7b9ab82ba0cd034365e426a9406aee5285d5579fbb648e22029e78d98?s=96&d=mm&r=g\",\"url\":\"https:\/\/secure.gravatar.com\/avatar\/c503ddb7b9ab82ba0cd034365e426a9406aee5285d5579fbb648e22029e78d98?s=96&d=mm&r=g\",\"contentUrl\":\"https:\/\/secure.gravatar.com\/avatar\/c503ddb7b9ab82ba0cd034365e426a9406aee5285d5579fbb648e22029e78d98?s=96&d=mm&r=g\",\"caption\":\"Diario Macabro\"},\"url\":\"https:\/\/macabro.mx\/en\/author\/diario-macabro\/\"}]}<\/script>\n<!-- \/ Yoast SEO plugin. -->","yoast_head_json":{"title":"#MacabroNocturno se pone scifi con la exhibici\u00f3n de La Corporaci\u00f3n | Macabro","robots":{"index":"index","follow":"follow","max-snippet":"max-snippet:-1","max-image-preview":"max-image-preview:large","max-video-preview":"max-video-preview:-1"},"canonical":"https:\/\/macabro.mx\/en\/macabronocturno-se-pone-scifi-con-la-exhibicion-de-la-corporacion\/","og_locale":"en_US","og_type":"article","og_title":"#MacabroNocturno se pone scifi con la exhibici\u00f3n de La Corporaci\u00f3n | Macabro","og_description":"Este mes nuestro Macabro Nocturno es de scifi con esta pel\u00edcula del director argentino Fabi\u00e1n Forte, donde la aparente felicidad no es m\u00e1s que el producto de una ilusi\u00f3n producida por contrato con La Corporaci\u00f3n. La Corporaci\u00f3n Guion y direcci\u00f3n: Fabi\u00e1n Forte &#8211;\u00a02012 &#8211; Argentina &#8211; 90 min Sinopsis.- Felipe es un empresario estricto, meticuloso","og_url":"https:\/\/macabro.mx\/en\/macabronocturno-se-pone-scifi-con-la-exhibicion-de-la-corporacion\/","og_site_name":"Macabro","article_publisher":"https:\/\/www.facebook.com\/MacabroFICH","article_published_time":"2019-05-21T23:40:48+00:00","article_modified_time":"2019-05-21T23:44:02+00:00","og_image":[{"width":1462,"height":2048,"url":"https:\/\/macabro.mx\/wp-content\/uploads\/2019\/05\/corporacion_poster-4.jpg","type":"image\/jpeg"}],"author":"Diario Macabro","twitter_card":"summary_large_image","twitter_creator":"@MacabroFICH","twitter_site":"@MacabroFICH","twitter_misc":{"Written by":"Diario Macabro","Est. reading time":"1 minute"},"schema":{"@context":"https:\/\/schema.org","@graph":[{"@type":"Article","@id":"https:\/\/macabro.mx\/macabronocturno-se-pone-scifi-con-la-exhibicion-de-la-corporacion\/#article","isPartOf":{"@id":"https:\/\/macabro.mx\/macabronocturno-se-pone-scifi-con-la-exhibicion-de-la-corporacion\/"},"author":{"name":"Diario Macabro","@id":"https:\/\/macabro.mx\/#\/schema\/person\/cb1d7e57b8371a3558481dab1425691d"},"headline":"#MacabroNocturno se pone scifi con la exhibici\u00f3n de La Corporaci\u00f3n","datePublished":"2019-05-21T23:40:48+00:00","dateModified":"2019-05-21T23:44:02+00:00","mainEntityOfPage":{"@id":"https:\/\/macabro.mx\/macabronocturno-se-pone-scifi-con-la-exhibicion-de-la-corporacion\/"},"wordCount":221,"commentCount":0,"publisher":{"@id":"https:\/\/macabro.mx\/#organization"},"image":{"@id":"https:\/\/macabro.mx\/macabronocturno-se-pone-scifi-con-la-exhibicion-de-la-corporacion\/#primaryimage"},"thumbnailUrl":"https:\/\/macabro.mx\/wp-content\/uploads\/2019\/05\/corporacion_poster-4.jpg","keywords":["Centro Hist\u00f3rico CDMX","Cine argentino","Fabian Forte","La casa del cine mx","La corporacion","Macabro FICH","Macabro Film Festival","Macabro Nocturno","Macabro XVII","sci fi"],"articleSection":["Diario Macabro"],"inLanguage":"en-US","potentialAction":[{"@type":"CommentAction","name":"Comment","target":["https:\/\/macabro.mx\/macabronocturno-se-pone-scifi-con-la-exhibicion-de-la-corporacion\/#respond"]}]},{"@type":"WebPage","@id":"https:\/\/macabro.mx\/macabronocturno-se-pone-scifi-con-la-exhibicion-de-la-corporacion\/","url":"https:\/\/macabro.mx\/macabronocturno-se-pone-scifi-con-la-exhibicion-de-la-corporacion\/","name":"#MacabroNocturno se pone scifi con la exhibici\u00f3n de La Corporaci\u00f3n | Macabro","isPartOf":{"@id":"https:\/\/macabro.mx\/#website"},"primaryImageOfPage":{"@id":"https:\/\/macabro.mx\/macabronocturno-se-pone-scifi-con-la-exhibicion-de-la-corporacion\/#primaryimage"},"image":{"@id":"https:\/\/macabro.mx\/macabronocturno-se-pone-scifi-con-la-exhibicion-de-la-corporacion\/#primaryimage"},"thumbnailUrl":"https:\/\/macabro.mx\/wp-content\/uploads\/2019\/05\/corporacion_poster-4.jpg","datePublished":"2019-05-21T23:40:48+00:00","dateModified":"2019-05-21T23:44:02+00:00","breadcrumb":{"@id":"https:\/\/macabro.mx\/macabronocturno-se-pone-scifi-con-la-exhibicion-de-la-corporacion\/#breadcrumb"},"inLanguage":"en-US","potentialAction":[{"@type":"ReadAction","target":["https:\/\/macabro.mx\/macabronocturno-se-pone-scifi-con-la-exhibicion-de-la-corporacion\/"]}]},{"@type":"ImageObject","inLanguage":"en-US","@id":"https:\/\/macabro.mx\/macabronocturno-se-pone-scifi-con-la-exhibicion-de-la-corporacion\/#primaryimage","url":"https:\/\/macabro.mx\/wp-content\/uploads\/2019\/05\/corporacion_poster-4.jpg","contentUrl":"https:\/\/macabro.mx\/wp-content\/uploads\/2019\/05\/corporacion_poster-4.jpg","width":1462,"height":2048},{"@type":"BreadcrumbList","@id":"https:\/\/macabro.mx\/macabronocturno-se-pone-scifi-con-la-exhibicion-de-la-corporacion\/#breadcrumb","itemListElement":[{"@type":"ListItem","position":1,"name":"Home","item":"https:\/\/macabro.mx\/"},{"@type":"ListItem","position":2,"name":"Diario Macabro","item":"https:\/\/macabro.mx\/category\/diario-macabro\/"},{"@type":"ListItem","position":3,"name":"#MacabroNocturno se pone scifi con la exhibici\u00f3n de La Corporaci\u00f3n"}]},{"@type":"WebSite","@id":"https:\/\/macabro.mx\/#website","url":"https:\/\/macabro.mx\/","name":"Macabro","description":"Festival Internacional de Cine de Horror","publisher":{"@id":"https:\/\/macabro.mx\/#organization"},"potentialAction":[{"@type":"SearchAction","target":{"@type":"EntryPoint","urlTemplate":"https:\/\/macabro.mx\/?s={search_term_string}"},"query-input":{"@type":"PropertyValueSpecification","valueRequired":true,"valueName":"search_term_string"}}],"inLanguage":"en-US"},{"@type":"Organization","@id":"https:\/\/macabro.mx\/#organization","name":"Macabro Film Festival 2025","url":"https:\/\/macabro.mx\/","logo":{"@type":"ImageObject","inLanguage":"en-US","@id":"https:\/\/macabro.mx\/#\/schema\/logo\/image\/","url":"https:\/\/macabro.mx\/wp-content\/uploads\/2020\/11\/logo-macabro.png","contentUrl":"https:\/\/macabro.mx\/wp-content\/uploads\/2020\/11\/logo-macabro.png","width":870,"height":336,"caption":"Macabro Film Festival 2025"},"image":{"@id":"https:\/\/macabro.mx\/#\/schema\/logo\/image\/"},"sameAs":["https:\/\/www.facebook.com\/MacabroFICH","https:\/\/x.com\/MacabroFICH","https:\/\/www.instagram.com\/macabrofich\/","https:\/\/www.youtube.com\/user\/macabrofest"]},{"@type":"Person","@id":"https:\/\/macabro.mx\/#\/schema\/person\/cb1d7e57b8371a3558481dab1425691d","name":"Diario Macabro","image":{"@type":"ImageObject","inLanguage":"en-US","@id":"https:\/\/secure.gravatar.com\/avatar\/c503ddb7b9ab82ba0cd034365e426a9406aee5285d5579fbb648e22029e78d98?s=96&d=mm&r=g","url":"https:\/\/secure.gravatar.com\/avatar\/c503ddb7b9ab82ba0cd034365e426a9406aee5285d5579fbb648e22029e78d98?s=96&d=mm&r=g","contentUrl":"https:\/\/secure.gravatar.com\/avatar\/c503ddb7b9ab82ba0cd034365e426a9406aee5285d5579fbb648e22029e78d98?s=96&d=mm&r=g","caption":"Diario Macabro"},"url":"https:\/\/macabro.mx\/en\/author\/diario-macabro\/"}]}},"_links":{"self":[{"href":"https:\/\/macabro.mx\/en\/wp-json\/wp\/v2\/posts\/3250","targetHints":{"allow":["GET"]}}],"collection":[{"href":"https:\/\/macabro.mx\/en\/wp-json\/wp\/v2\/posts"}],"about":[{"href":"https:\/\/macabro.mx\/en\/wp-json\/wp\/v2\/types\/post"}],"author":[{"embeddable":true,"href":"https:\/\/macabro.mx\/en\/wp-json\/wp\/v2\/users\/2"}],"replies":[{"embeddable":true,"href":"https:\/\/macabro.mx\/en\/wp-json\/wp\/v2\/comments?post=3250"}],"version-history":[{"count":3,"href":"https:\/\/macabro.mx\/en\/wp-json\/wp\/v2\/posts\/3250\/revisions"}],"predecessor-version":[{"id":3258,"href":"https:\/\/macabro.mx\/en\/wp-json\/wp\/v2\/posts\/3250\/revisions\/3258"}],"wp:featuredmedia":[{"embeddable":true,"href":"https:\/\/macabro.mx\/en\/wp-json\/wp\/v2\/media\/3255"}],"wp:attachment":[{"href":"https:\/\/macabro.mx\/en\/wp-json\/wp\/v2\/media?parent=3250"}],"wp:term":[{"taxonomy":"category","embeddable":true,"href":"https:\/\/macabro.mx\/en\/wp-json\/wp\/v2\/categories?post=3250"},{"taxonomy":"post_tag","embeddable":true,"href":"https:\/\/macabro.mx\/en\/wp-json\/wp\/v2\/tags?post=3250"},{"taxonomy":"festival_year","embeddable":true,"href":"https:\/\/macabro.mx\/en\/wp-json\/wp\/v2\/festival_year?post=3250"}],"curies":[{"name":"wp","href":"https:\/\/api.w.org\/{rel}","templated":true}]}}