{"id":3400,"date":"2019-08-07T15:53:52","date_gmt":"2019-08-07T20:53:52","guid":{"rendered":"https:\/\/macabro.mx\/?p=3400"},"modified":"2019-08-07T15:53:52","modified_gmt":"2019-08-07T20:53:52","slug":"macabroxviii-funciones-pre-festival-sala-julian-carrillo-de-radio-unam","status":"publish","type":"post","link":"https:\/\/macabro.mx\/en\/macabroxviii-funciones-pre-festival-sala-julian-carrillo-de-radio-unam\/","title":{"rendered":"#MacabroXVIII: Funciones pre-festival Sala Juli\u00e1n Carrillo de Radio UNAM"},"content":{"rendered":"<p>Como ya no podemos esperar m\u00e1s al 21 de agosto, calentamos motores con la funci\u00f3n en la sala Juli\u00e1n Carrillo de RADIO UNAM con un bloque de cortos terror\u00edficos de animaci\u00f3n que formaron parte de la programaci\u00f3n de Macabro XVII. Aqu\u00ed los horarios y programaci\u00f3n:<\/p>\n<p>16:00 Animacabro Vol. 1<\/p>\n<p>18:00 Animacabro Vol. 2<\/p>\n<p><img loading=\"lazy\" decoding=\"async\" width=\"700\" height=\"378\" class=\"alignnone size-large wp-image-3401 aligncenter\" src=\"https:\/\/macabro.mx\/wp-content\/uploads\/2019\/08\/Nocturne1-700x378.jpg\" alt=\"\" srcset=\"https:\/\/macabro.mx\/wp-content\/uploads\/2019\/08\/Nocturne1-700x378.jpg 700w, https:\/\/macabro.mx\/wp-content\/uploads\/2019\/08\/Nocturne1-250x135.jpg 250w, https:\/\/macabro.mx\/wp-content\/uploads\/2019\/08\/Nocturne1-768x415.jpg 768w, https:\/\/macabro.mx\/wp-content\/uploads\/2019\/08\/Nocturne1-120x65.jpg 120w, https:\/\/macabro.mx\/wp-content\/uploads\/2019\/08\/Nocturne1.jpg 1998w\" sizes=\"auto, (max-width: 700px) 100vw, 700px\" \/><\/p>\n<p><strong>AniMacabro Vol. I. Duraci\u00f3n 77 min.<\/strong><\/p>\n<p>Humor negro, diversos estilos e historias fant\u00e1sticas conforman nuestro primer programa de animaciones. Todo es risa y diversi\u00f3n\u2026 Hasta que llega el primer muerto, claro est\u00e1.<\/p>\n<p>Strawberry Eaters. Dir. Mattias Malk. Estonia, 2018. 14 min.<\/p>\n<p>Short But Sweet. Dir. Junaid Chundrigar. Holanda, 2017. 2 min.<\/p>\n<p>Solito. Dir. Eduardo Reis. Brasil, 2017. 5 min.<\/p>\n<p>Leave With Me. Dir. Mel Wong. EUA, 2017. 3 min.<\/p>\n<p>A Night Without. Dir. Itamar Isaak. Israel, 2017. 5 min.<\/p>\n<p>Ooze. Dir. Kilian Vilim. Suiza, 2017. 5 min.<\/p>\n<p>Emily\u2019s Nightmare. Dir. Arturo Jimenez Fierro. M\u00e9xico, 2017. 5 min.<\/p>\n<p>Nocturne. Dir. Anne Breymann. Alemania, 2017. 5 min.<\/p>\n<p>Chill and Shivering. Dir. Kwowk Wai Chung. Hong Kong, 2017. 10 min.<\/p>\n<p>Twilight Witch. Dir. Zuzana Skopalov\u00e1. Rep\u00fablica Checa, 2017. 7 min.<\/p>\n<p>Nothing to Declare. Dir. Will Adams. Inglaterra, 2017. 7 min.<\/p>\n<p>Ghostory. Dir. Alzbeta Gobelova. Rep\u00fablica Checa, 2017. 9 min.<\/p>\n<p><img loading=\"lazy\" decoding=\"async\" width=\"700\" height=\"378\" class=\"alignnone size-large wp-image-3402 aligncenter\" src=\"https:\/\/macabro.mx\/wp-content\/uploads\/2019\/08\/Nocturne2-700x378.jpg\" alt=\"\" srcset=\"https:\/\/macabro.mx\/wp-content\/uploads\/2019\/08\/Nocturne2-700x378.jpg 700w, https:\/\/macabro.mx\/wp-content\/uploads\/2019\/08\/Nocturne2-250x135.jpg 250w, https:\/\/macabro.mx\/wp-content\/uploads\/2019\/08\/Nocturne2-768x415.jpg 768w, https:\/\/macabro.mx\/wp-content\/uploads\/2019\/08\/Nocturne2-120x65.jpg 120w, https:\/\/macabro.mx\/wp-content\/uploads\/2019\/08\/Nocturne2.jpg 1998w\" sizes=\"auto, (max-width: 700px) 100vw, 700px\" \/><\/p>\n<p><strong>AniMacabro vol. II: El lado oscuro de la tinta. Duraci\u00f3n. 70 min.<\/strong><\/p>\n<p>De las oscuras entra\u00f1as de estos creadores, nacen escenas tan bizarras, llenas de surrealismo, que solo un ente animado lograr\u00eda encarar.<\/p>\n<p>Implied. Dir. Qi Yao. China, 2017. 9 min.<\/p>\n<p>The Box. Dir. Dusan Kastelic. Eslovenia, 2017. 12 min.<\/p>\n<p>\u00daltima Estaci\u00f3n. Dir. H\u00e9ctor D\u00e1vila Cabrera. M\u00e9xico, 2017. 6 min.<\/p>\n<p>Dad\u2019s Fragile Doll. Dir. Ali Zare Ghanatnowi. Ir\u00e1n, 2016. 15 min.<\/p>\n<p>Baumu. Dir. Shao-Chun Chung. Taiw\u00e1n, 2017. 9 min.<\/p>\n<p>This Old Fongus of Mine. Dir. Jakub Wojciechowski. Polonia, 2017. 4 min.<\/p>\n<p>Black Dog. Dir. Joshua Tuthill. Estados Unidos, 2017. 15 min.<\/p>\n<p><img loading=\"lazy\" decoding=\"async\" width=\"700\" height=\"394\" class=\"alignnone size-large wp-image-3404 aligncenter\" src=\"https:\/\/macabro.mx\/wp-content\/uploads\/2019\/08\/ThisOldFongus2-1-700x394.jpg\" alt=\"\" srcset=\"https:\/\/macabro.mx\/wp-content\/uploads\/2019\/08\/ThisOldFongus2-1-700x394.jpg 700w, https:\/\/macabro.mx\/wp-content\/uploads\/2019\/08\/ThisOldFongus2-1-250x141.jpg 250w, https:\/\/macabro.mx\/wp-content\/uploads\/2019\/08\/ThisOldFongus2-1-768x432.jpg 768w, https:\/\/macabro.mx\/wp-content\/uploads\/2019\/08\/ThisOldFongus2-1-120x68.jpg 120w, https:\/\/macabro.mx\/wp-content\/uploads\/2019\/08\/ThisOldFongus2-1.jpg 1920w\" sizes=\"auto, (max-width: 700px) 100vw, 700px\" \/><\/p>","protected":false},"excerpt":{"rendered":"Como ya no podemos esperar m\u00e1s al 21 de agosto, calentamos motores con la funci\u00f3n en la sala Juli\u00e1n Carrillo de RADIO UNAM con un bloque de cortos terror\u00edficos de animaci\u00f3n que formaron parte de la programaci\u00f3n de Macabro XVII. Aqu\u00ed los horarios y programaci\u00f3n: 16:00 Animacabro Vol. 1 18:00 Animacabro Vol. 2 AniMacabro Vol.","protected":false},"author":2,"featured_media":3402,"comment_status":"open","ping_status":"open","sticky":false,"template":"","format":"standard","meta":{"_acf_changed":false,"footnotes":""},"categories":[2],"tags":[221,7,54,1221],"festival_year":[],"class_list":["post-3400","post","type-post","status-publish","format-standard","has-post-thumbnail","hentry","category-diario-macabro","tag-animacion","tag-horror","tag-macabro-film-festival","tag-radio-unam"],"acf":[],"yoast_head":"<!-- This site is optimized with the Yoast SEO plugin v27.2 - https:\/\/yoast.com\/product\/yoast-seo-wordpress\/ -->\n<title>#MacabroXVIII: Funciones pre-festival Sala Juli\u00e1n Carrillo de Radio UNAM | Macabro<\/title>\n<meta name=\"robots\" content=\"index, follow, max-snippet:-1, max-image-preview:large, max-video-preview:-1\" \/>\n<link rel=\"canonical\" href=\"https:\/\/macabro.mx\/en\/macabroxviii-funciones-pre-festival-sala-julian-carrillo-de-radio-unam\/\" \/>\n<meta property=\"og:locale\" content=\"en_US\" \/>\n<meta property=\"og:type\" content=\"article\" \/>\n<meta property=\"og:title\" content=\"#MacabroXVIII: Funciones pre-festival Sala Juli\u00e1n Carrillo de Radio UNAM | Macabro\" \/>\n<meta property=\"og:description\" content=\"Como ya no podemos esperar m\u00e1s al 21 de agosto, calentamos motores con la funci\u00f3n en la sala Juli\u00e1n Carrillo de RADIO UNAM con un bloque de cortos terror\u00edficos de animaci\u00f3n que formaron parte de la programaci\u00f3n de Macabro XVII. Aqu\u00ed los horarios y programaci\u00f3n: 16:00 Animacabro Vol. 1 18:00 Animacabro Vol. 2 AniMacabro Vol.\" \/>\n<meta property=\"og:url\" content=\"https:\/\/macabro.mx\/en\/macabroxviii-funciones-pre-festival-sala-julian-carrillo-de-radio-unam\/\" \/>\n<meta property=\"og:site_name\" content=\"Macabro\" \/>\n<meta property=\"article:publisher\" content=\"https:\/\/www.facebook.com\/MacabroFICH\" \/>\n<meta property=\"article:published_time\" content=\"2019-08-07T20:53:52+00:00\" \/>\n<meta property=\"og:image\" content=\"https:\/\/macabro.mx\/wp-content\/uploads\/2019\/08\/Nocturne2.jpg\" \/>\n\t<meta property=\"og:image:width\" content=\"1998\" \/>\n\t<meta property=\"og:image:height\" content=\"1080\" \/>\n\t<meta property=\"og:image:type\" content=\"image\/jpeg\" \/>\n<meta name=\"author\" content=\"Diario Macabro\" \/>\n<meta name=\"twitter:card\" content=\"summary_large_image\" \/>\n<meta name=\"twitter:creator\" content=\"@MacabroFICH\" \/>\n<meta name=\"twitter:site\" content=\"@MacabroFICH\" \/>\n<meta name=\"twitter:label1\" content=\"Written by\" \/>\n\t<meta name=\"twitter:data1\" content=\"Diario Macabro\" \/>\n\t<meta name=\"twitter:label2\" content=\"Est. reading time\" \/>\n\t<meta name=\"twitter:data2\" content=\"1 minute\" \/>\n<script type=\"application\/ld+json\" class=\"yoast-schema-graph\">{\"@context\":\"https:\/\/schema.org\",\"@graph\":[{\"@type\":\"Article\",\"@id\":\"https:\/\/macabro.mx\/macabroxviii-funciones-pre-festival-sala-julian-carrillo-de-radio-unam\/#article\",\"isPartOf\":{\"@id\":\"https:\/\/macabro.mx\/macabroxviii-funciones-pre-festival-sala-julian-carrillo-de-radio-unam\/\"},\"author\":{\"name\":\"Diario Macabro\",\"@id\":\"https:\/\/macabro.mx\/#\/schema\/person\/cb1d7e57b8371a3558481dab1425691d\"},\"headline\":\"#MacabroXVIII: Funciones pre-festival Sala Juli\u00e1n Carrillo de Radio UNAM\",\"datePublished\":\"2019-08-07T20:53:52+00:00\",\"mainEntityOfPage\":{\"@id\":\"https:\/\/macabro.mx\/macabroxviii-funciones-pre-festival-sala-julian-carrillo-de-radio-unam\/\"},\"wordCount\":289,\"commentCount\":0,\"publisher\":{\"@id\":\"https:\/\/macabro.mx\/#organization\"},\"image\":{\"@id\":\"https:\/\/macabro.mx\/macabroxviii-funciones-pre-festival-sala-julian-carrillo-de-radio-unam\/#primaryimage\"},\"thumbnailUrl\":\"https:\/\/macabro.mx\/wp-content\/uploads\/2019\/08\/Nocturne2.jpg\",\"keywords\":[\"Animaci\u00f3n\",\"horror\",\"Macabro Film Festival\",\"Radio UNAM\"],\"articleSection\":[\"Diario Macabro\"],\"inLanguage\":\"en-US\",\"potentialAction\":[{\"@type\":\"CommentAction\",\"name\":\"Comment\",\"target\":[\"https:\/\/macabro.mx\/macabroxviii-funciones-pre-festival-sala-julian-carrillo-de-radio-unam\/#respond\"]}]},{\"@type\":\"WebPage\",\"@id\":\"https:\/\/macabro.mx\/macabroxviii-funciones-pre-festival-sala-julian-carrillo-de-radio-unam\/\",\"url\":\"https:\/\/macabro.mx\/macabroxviii-funciones-pre-festival-sala-julian-carrillo-de-radio-unam\/\",\"name\":\"#MacabroXVIII: Funciones pre-festival Sala Juli\u00e1n Carrillo de Radio UNAM | Macabro\",\"isPartOf\":{\"@id\":\"https:\/\/macabro.mx\/#website\"},\"primaryImageOfPage\":{\"@id\":\"https:\/\/macabro.mx\/macabroxviii-funciones-pre-festival-sala-julian-carrillo-de-radio-unam\/#primaryimage\"},\"image\":{\"@id\":\"https:\/\/macabro.mx\/macabroxviii-funciones-pre-festival-sala-julian-carrillo-de-radio-unam\/#primaryimage\"},\"thumbnailUrl\":\"https:\/\/macabro.mx\/wp-content\/uploads\/2019\/08\/Nocturne2.jpg\",\"datePublished\":\"2019-08-07T20:53:52+00:00\",\"breadcrumb\":{\"@id\":\"https:\/\/macabro.mx\/macabroxviii-funciones-pre-festival-sala-julian-carrillo-de-radio-unam\/#breadcrumb\"},\"inLanguage\":\"en-US\",\"potentialAction\":[{\"@type\":\"ReadAction\",\"target\":[\"https:\/\/macabro.mx\/macabroxviii-funciones-pre-festival-sala-julian-carrillo-de-radio-unam\/\"]}]},{\"@type\":\"ImageObject\",\"inLanguage\":\"en-US\",\"@id\":\"https:\/\/macabro.mx\/macabroxviii-funciones-pre-festival-sala-julian-carrillo-de-radio-unam\/#primaryimage\",\"url\":\"https:\/\/macabro.mx\/wp-content\/uploads\/2019\/08\/Nocturne2.jpg\",\"contentUrl\":\"https:\/\/macabro.mx\/wp-content\/uploads\/2019\/08\/Nocturne2.jpg\",\"width\":1998,\"height\":1080},{\"@type\":\"BreadcrumbList\",\"@id\":\"https:\/\/macabro.mx\/macabroxviii-funciones-pre-festival-sala-julian-carrillo-de-radio-unam\/#breadcrumb\",\"itemListElement\":[{\"@type\":\"ListItem\",\"position\":1,\"name\":\"Home\",\"item\":\"https:\/\/macabro.mx\/\"},{\"@type\":\"ListItem\",\"position\":2,\"name\":\"Diario Macabro\",\"item\":\"https:\/\/macabro.mx\/category\/diario-macabro\/\"},{\"@type\":\"ListItem\",\"position\":3,\"name\":\"#MacabroXVIII: Funciones pre-festival Sala Juli\u00e1n Carrillo de Radio UNAM\"}]},{\"@type\":\"WebSite\",\"@id\":\"https:\/\/macabro.mx\/#website\",\"url\":\"https:\/\/macabro.mx\/\",\"name\":\"Macabro\",\"description\":\"Festival Internacional de Cine de Horror\",\"publisher\":{\"@id\":\"https:\/\/macabro.mx\/#organization\"},\"potentialAction\":[{\"@type\":\"SearchAction\",\"target\":{\"@type\":\"EntryPoint\",\"urlTemplate\":\"https:\/\/macabro.mx\/?s={search_term_string}\"},\"query-input\":{\"@type\":\"PropertyValueSpecification\",\"valueRequired\":true,\"valueName\":\"search_term_string\"}}],\"inLanguage\":\"en-US\"},{\"@type\":\"Organization\",\"@id\":\"https:\/\/macabro.mx\/#organization\",\"name\":\"Macabro Film Festival 2025\",\"url\":\"https:\/\/macabro.mx\/\",\"logo\":{\"@type\":\"ImageObject\",\"inLanguage\":\"en-US\",\"@id\":\"https:\/\/macabro.mx\/#\/schema\/logo\/image\/\",\"url\":\"https:\/\/macabro.mx\/wp-content\/uploads\/2020\/11\/logo-macabro.png\",\"contentUrl\":\"https:\/\/macabro.mx\/wp-content\/uploads\/2020\/11\/logo-macabro.png\",\"width\":870,\"height\":336,\"caption\":\"Macabro Film Festival 2025\"},\"image\":{\"@id\":\"https:\/\/macabro.mx\/#\/schema\/logo\/image\/\"},\"sameAs\":[\"https:\/\/www.facebook.com\/MacabroFICH\",\"https:\/\/x.com\/MacabroFICH\",\"https:\/\/www.instagram.com\/macabrofich\/\",\"https:\/\/www.youtube.com\/user\/macabrofest\"]},{\"@type\":\"Person\",\"@id\":\"https:\/\/macabro.mx\/#\/schema\/person\/cb1d7e57b8371a3558481dab1425691d\",\"name\":\"Diario Macabro\",\"image\":{\"@type\":\"ImageObject\",\"inLanguage\":\"en-US\",\"@id\":\"https:\/\/secure.gravatar.com\/avatar\/c503ddb7b9ab82ba0cd034365e426a9406aee5285d5579fbb648e22029e78d98?s=96&d=mm&r=g\",\"url\":\"https:\/\/secure.gravatar.com\/avatar\/c503ddb7b9ab82ba0cd034365e426a9406aee5285d5579fbb648e22029e78d98?s=96&d=mm&r=g\",\"contentUrl\":\"https:\/\/secure.gravatar.com\/avatar\/c503ddb7b9ab82ba0cd034365e426a9406aee5285d5579fbb648e22029e78d98?s=96&d=mm&r=g\",\"caption\":\"Diario Macabro\"},\"url\":\"https:\/\/macabro.mx\/en\/author\/diario-macabro\/\"}]}<\/script>\n<!-- \/ Yoast SEO plugin. -->","yoast_head_json":{"title":"#MacabroXVIII: Funciones pre-festival Sala Juli\u00e1n Carrillo de Radio UNAM | Macabro","robots":{"index":"index","follow":"follow","max-snippet":"max-snippet:-1","max-image-preview":"max-image-preview:large","max-video-preview":"max-video-preview:-1"},"canonical":"https:\/\/macabro.mx\/en\/macabroxviii-funciones-pre-festival-sala-julian-carrillo-de-radio-unam\/","og_locale":"en_US","og_type":"article","og_title":"#MacabroXVIII: Funciones pre-festival Sala Juli\u00e1n Carrillo de Radio UNAM | Macabro","og_description":"Como ya no podemos esperar m\u00e1s al 21 de agosto, calentamos motores con la funci\u00f3n en la sala Juli\u00e1n Carrillo de RADIO UNAM con un bloque de cortos terror\u00edficos de animaci\u00f3n que formaron parte de la programaci\u00f3n de Macabro XVII. Aqu\u00ed los horarios y programaci\u00f3n: 16:00 Animacabro Vol. 1 18:00 Animacabro Vol. 2 AniMacabro Vol.","og_url":"https:\/\/macabro.mx\/en\/macabroxviii-funciones-pre-festival-sala-julian-carrillo-de-radio-unam\/","og_site_name":"Macabro","article_publisher":"https:\/\/www.facebook.com\/MacabroFICH","article_published_time":"2019-08-07T20:53:52+00:00","og_image":[{"width":1998,"height":1080,"url":"https:\/\/macabro.mx\/wp-content\/uploads\/2019\/08\/Nocturne2.jpg","type":"image\/jpeg"}],"author":"Diario Macabro","twitter_card":"summary_large_image","twitter_creator":"@MacabroFICH","twitter_site":"@MacabroFICH","twitter_misc":{"Written by":"Diario Macabro","Est. reading time":"1 minute"},"schema":{"@context":"https:\/\/schema.org","@graph":[{"@type":"Article","@id":"https:\/\/macabro.mx\/macabroxviii-funciones-pre-festival-sala-julian-carrillo-de-radio-unam\/#article","isPartOf":{"@id":"https:\/\/macabro.mx\/macabroxviii-funciones-pre-festival-sala-julian-carrillo-de-radio-unam\/"},"author":{"name":"Diario Macabro","@id":"https:\/\/macabro.mx\/#\/schema\/person\/cb1d7e57b8371a3558481dab1425691d"},"headline":"#MacabroXVIII: Funciones pre-festival Sala Juli\u00e1n Carrillo de Radio UNAM","datePublished":"2019-08-07T20:53:52+00:00","mainEntityOfPage":{"@id":"https:\/\/macabro.mx\/macabroxviii-funciones-pre-festival-sala-julian-carrillo-de-radio-unam\/"},"wordCount":289,"commentCount":0,"publisher":{"@id":"https:\/\/macabro.mx\/#organization"},"image":{"@id":"https:\/\/macabro.mx\/macabroxviii-funciones-pre-festival-sala-julian-carrillo-de-radio-unam\/#primaryimage"},"thumbnailUrl":"https:\/\/macabro.mx\/wp-content\/uploads\/2019\/08\/Nocturne2.jpg","keywords":["Animaci\u00f3n","horror","Macabro Film Festival","Radio UNAM"],"articleSection":["Diario Macabro"],"inLanguage":"en-US","potentialAction":[{"@type":"CommentAction","name":"Comment","target":["https:\/\/macabro.mx\/macabroxviii-funciones-pre-festival-sala-julian-carrillo-de-radio-unam\/#respond"]}]},{"@type":"WebPage","@id":"https:\/\/macabro.mx\/macabroxviii-funciones-pre-festival-sala-julian-carrillo-de-radio-unam\/","url":"https:\/\/macabro.mx\/macabroxviii-funciones-pre-festival-sala-julian-carrillo-de-radio-unam\/","name":"#MacabroXVIII: Funciones pre-festival Sala Juli\u00e1n Carrillo de Radio UNAM | Macabro","isPartOf":{"@id":"https:\/\/macabro.mx\/#website"},"primaryImageOfPage":{"@id":"https:\/\/macabro.mx\/macabroxviii-funciones-pre-festival-sala-julian-carrillo-de-radio-unam\/#primaryimage"},"image":{"@id":"https:\/\/macabro.mx\/macabroxviii-funciones-pre-festival-sala-julian-carrillo-de-radio-unam\/#primaryimage"},"thumbnailUrl":"https:\/\/macabro.mx\/wp-content\/uploads\/2019\/08\/Nocturne2.jpg","datePublished":"2019-08-07T20:53:52+00:00","breadcrumb":{"@id":"https:\/\/macabro.mx\/macabroxviii-funciones-pre-festival-sala-julian-carrillo-de-radio-unam\/#breadcrumb"},"inLanguage":"en-US","potentialAction":[{"@type":"ReadAction","target":["https:\/\/macabro.mx\/macabroxviii-funciones-pre-festival-sala-julian-carrillo-de-radio-unam\/"]}]},{"@type":"ImageObject","inLanguage":"en-US","@id":"https:\/\/macabro.mx\/macabroxviii-funciones-pre-festival-sala-julian-carrillo-de-radio-unam\/#primaryimage","url":"https:\/\/macabro.mx\/wp-content\/uploads\/2019\/08\/Nocturne2.jpg","contentUrl":"https:\/\/macabro.mx\/wp-content\/uploads\/2019\/08\/Nocturne2.jpg","width":1998,"height":1080},{"@type":"BreadcrumbList","@id":"https:\/\/macabro.mx\/macabroxviii-funciones-pre-festival-sala-julian-carrillo-de-radio-unam\/#breadcrumb","itemListElement":[{"@type":"ListItem","position":1,"name":"Home","item":"https:\/\/macabro.mx\/"},{"@type":"ListItem","position":2,"name":"Diario Macabro","item":"https:\/\/macabro.mx\/category\/diario-macabro\/"},{"@type":"ListItem","position":3,"name":"#MacabroXVIII: Funciones pre-festival Sala Juli\u00e1n Carrillo de Radio UNAM"}]},{"@type":"WebSite","@id":"https:\/\/macabro.mx\/#website","url":"https:\/\/macabro.mx\/","name":"Macabro","description":"Festival Internacional de Cine de Horror","publisher":{"@id":"https:\/\/macabro.mx\/#organization"},"potentialAction":[{"@type":"SearchAction","target":{"@type":"EntryPoint","urlTemplate":"https:\/\/macabro.mx\/?s={search_term_string}"},"query-input":{"@type":"PropertyValueSpecification","valueRequired":true,"valueName":"search_term_string"}}],"inLanguage":"en-US"},{"@type":"Organization","@id":"https:\/\/macabro.mx\/#organization","name":"Macabro Film Festival 2025","url":"https:\/\/macabro.mx\/","logo":{"@type":"ImageObject","inLanguage":"en-US","@id":"https:\/\/macabro.mx\/#\/schema\/logo\/image\/","url":"https:\/\/macabro.mx\/wp-content\/uploads\/2020\/11\/logo-macabro.png","contentUrl":"https:\/\/macabro.mx\/wp-content\/uploads\/2020\/11\/logo-macabro.png","width":870,"height":336,"caption":"Macabro Film Festival 2025"},"image":{"@id":"https:\/\/macabro.mx\/#\/schema\/logo\/image\/"},"sameAs":["https:\/\/www.facebook.com\/MacabroFICH","https:\/\/x.com\/MacabroFICH","https:\/\/www.instagram.com\/macabrofich\/","https:\/\/www.youtube.com\/user\/macabrofest"]},{"@type":"Person","@id":"https:\/\/macabro.mx\/#\/schema\/person\/cb1d7e57b8371a3558481dab1425691d","name":"Diario Macabro","image":{"@type":"ImageObject","inLanguage":"en-US","@id":"https:\/\/secure.gravatar.com\/avatar\/c503ddb7b9ab82ba0cd034365e426a9406aee5285d5579fbb648e22029e78d98?s=96&d=mm&r=g","url":"https:\/\/secure.gravatar.com\/avatar\/c503ddb7b9ab82ba0cd034365e426a9406aee5285d5579fbb648e22029e78d98?s=96&d=mm&r=g","contentUrl":"https:\/\/secure.gravatar.com\/avatar\/c503ddb7b9ab82ba0cd034365e426a9406aee5285d5579fbb648e22029e78d98?s=96&d=mm&r=g","caption":"Diario Macabro"},"url":"https:\/\/macabro.mx\/en\/author\/diario-macabro\/"}]}},"_links":{"self":[{"href":"https:\/\/macabro.mx\/en\/wp-json\/wp\/v2\/posts\/3400","targetHints":{"allow":["GET"]}}],"collection":[{"href":"https:\/\/macabro.mx\/en\/wp-json\/wp\/v2\/posts"}],"about":[{"href":"https:\/\/macabro.mx\/en\/wp-json\/wp\/v2\/types\/post"}],"author":[{"embeddable":true,"href":"https:\/\/macabro.mx\/en\/wp-json\/wp\/v2\/users\/2"}],"replies":[{"embeddable":true,"href":"https:\/\/macabro.mx\/en\/wp-json\/wp\/v2\/comments?post=3400"}],"version-history":[{"count":1,"href":"https:\/\/macabro.mx\/en\/wp-json\/wp\/v2\/posts\/3400\/revisions"}],"predecessor-version":[{"id":3405,"href":"https:\/\/macabro.mx\/en\/wp-json\/wp\/v2\/posts\/3400\/revisions\/3405"}],"wp:featuredmedia":[{"embeddable":true,"href":"https:\/\/macabro.mx\/en\/wp-json\/wp\/v2\/media\/3402"}],"wp:attachment":[{"href":"https:\/\/macabro.mx\/en\/wp-json\/wp\/v2\/media?parent=3400"}],"wp:term":[{"taxonomy":"category","embeddable":true,"href":"https:\/\/macabro.mx\/en\/wp-json\/wp\/v2\/categories?post=3400"},{"taxonomy":"post_tag","embeddable":true,"href":"https:\/\/macabro.mx\/en\/wp-json\/wp\/v2\/tags?post=3400"},{"taxonomy":"festival_year","embeddable":true,"href":"https:\/\/macabro.mx\/en\/wp-json\/wp\/v2\/festival_year?post=3400"}],"curies":[{"name":"wp","href":"https:\/\/api.w.org\/{rel}","templated":true}]}}