{"id":4580,"date":"2021-10-29T10:00:27","date_gmt":"2021-10-29T15:00:27","guid":{"rendered":"https:\/\/macabro.mx\/?p=4580"},"modified":"2021-10-28T15:12:07","modified_gmt":"2021-10-28T20:12:07","slug":"los-lunes-de-noviembre-son-de-terror-en-guanajuato","status":"publish","type":"post","link":"https:\/\/macabro.mx\/en\/los-lunes-de-noviembre-son-de-terror-en-guanajuato\/","title":{"rendered":"\u00a1Los lunes de noviembre son de terror en Guanajuato!"},"content":{"rendered":"<p><img loading=\"lazy\" decoding=\"async\" width=\"700\" height=\"231\" class=\"alignnone size-large wp-image-4519 aligncenter\" src=\"https:\/\/macabro.mx\/wp-content\/uploads\/2021\/08\/banner-mex_macabro-700x231.jpg\" alt=\"\" srcset=\"https:\/\/macabro.mx\/wp-content\/uploads\/2021\/08\/banner-mex_macabro-700x231.jpg 700w, https:\/\/macabro.mx\/wp-content\/uploads\/2021\/08\/banner-mex_macabro-250x82.jpg 250w, https:\/\/macabro.mx\/wp-content\/uploads\/2021\/08\/banner-mex_macabro-768x253.jpg 768w, https:\/\/macabro.mx\/wp-content\/uploads\/2021\/08\/banner-mex_macabro-120x40.jpg 120w, https:\/\/macabro.mx\/wp-content\/uploads\/2021\/08\/banner-mex_macabro-200x66.jpg 200w, https:\/\/macabro.mx\/wp-content\/uploads\/2021\/08\/banner-mex_macabro.jpg 1366w\" sizes=\"auto, (max-width: 700px) 100vw, 700px\" \/><\/p>\n<p>M\u00e9xico Macabro: 20 a\u00f1os de cine de terror en M\u00e9xico llega al Museo Iconogr\u00e1fico del Quijote los d\u00edas 1, 8 y 15 de noviembre, gracias a la colaboraci\u00f3n con Aurora: Festival Internacional de Cine de Horror de Guanajuato.<\/p>\n<p>M\u00e9xico Macabro: 20 a\u00f1os de cine de terror en M\u00e9xico es una retrospectiva que comprende t\u00edtulos que han formado parte de la programaci\u00f3n de Macabro: Festival Internacional de Cine de Horror de la Ciudad de M\u00e9xico entre 2008 y 2020.<\/p>\n<p>El ciclo inici\u00f3 de forma digital el 20 de agosto de 2021 como parte de la programaci\u00f3n de la vig\u00e9sima edici\u00f3n de Macabro: Festival Internacional de Cine de Horror de la Ciudad de M\u00e9xico en Plataforma Cine y despu\u00e9s de su paso por Puebla, Morelos y Chihuahua, llega a Guanajuato Capital.<\/p>\n<p>Las pel\u00edculas que forman parte de la programaci\u00f3n son:<\/p>\n<p>Lunes 1<\/p>\n<p><strong>FERAL<\/strong><\/p>\n<p>Direcci\u00f3n y guion: Andr\u00e9s Kaiser | A\u00f1o: 2018 |Pa\u00eds: M\u00e9xico | Duraci\u00f3n: 98 min |G\u00e9nero: Horror, drama | Reparto: H\u00e9ctor Illanes, Jos\u00e9 \u00c1ngel Garc\u00eda, Julio Sandoval.<\/p>\n<p>Lunes 8<\/p>\n<p><strong>HISTERIA<\/strong><\/p>\n<p>Director: Carlos Mel\u00e9ndez | Guion: Carlos Mel\u00e9ndez y Gabriel Reyes | A\u00f1o: 2016 | Pa\u00eds: M\u00e9xico | Duraci\u00f3n: 81 min | G\u00e9nero: Drama, thriller psicol\u00f3gico | Reparto: H\u00e9ctor Kotsifakis, Sharon Zundel, No\u00e9 Hern\u00e1ndez.<\/p>\n<p>Lunes 15<\/p>\n<p><strong>ATROZ<\/strong><\/p>\n<p>Director: Lex Ortega | Guion: Lex Ortega y Sergio Tello | A\u00f1o: 2015 |Pa\u00eds: M\u00e9xico |Duraci\u00f3n: 87 min. | G\u00e9nero: Horror, found footage | Reparto: Carlos Padilla, David Aboussafy, Lex Ortega.<\/p>\n<p>Horario de las funciones: 20:00<\/p>\n<p>Este ciclo se constituye no solo como una de las actividades de celebraci\u00f3n m\u00e1s representativas del festival de cine de g\u00e9nero m\u00e1s grande y de mayor tradici\u00f3n en M\u00e9xico, sino como un testimonio de lo que ha significado el renacimiento en el siglo XXI de la producci\u00f3n \u4e00independiente en su mayor\u00eda\u4e00, de un g\u00e9nero que tuvo grandes resultados en los primeros a\u00f1os del cine en nuestro pa\u00eds.<\/p>\n<p>Programaci\u00f3n completa: <a href=\"https:\/\/macabro.mx\/en\/mexicomacabro\/catalogo\/\">https:\/\/macabro.mx\/mexicomacabro\/catalogo\/<\/a><\/p>\n<p>Revisa las charlas con los directores en: <a href=\"http:\/\/www.youtube.com\/MacabroFest\">www.youtube.com\/MacabroFest<\/a><\/p>\n<p>ESTADOS Y SEDES<\/p>\n<p>Del 6 al 9 de octubre en Cinemateca Luis Bu\u00f1uel (Puebla)<\/p>\n<p>Del 18 al 24 de octubre &#8211; Tour por Morelos con Carreta Cine M\u00f3vil<\/p>\n<p>Del 29 al 31 de octubre en Rancho San Antonio Studios (Chihuahua)<\/p>\n<p>1, 8 y 15 de noviembre en Museo Iconogr\u00e1fico del Quijote (Guanajuato)<\/p>\n<p>Del 15 al 21 de noviembre en Verne Cinema (Aguascalientes)<\/p>\n<p>TODAS LAS EXHIBICIONES SER\u00c1N GRATUITAS<\/p>","protected":false},"excerpt":{"rendered":"M\u00e9xico Macabro: 20 a\u00f1os de cine de terror en M\u00e9xico llega al Museo Iconogr\u00e1fico del Quijote los d\u00edas 1, 8 y 15 de noviembre, gracias a la colaboraci\u00f3n con Aurora: Festival Internacional de Cine de Horror de Guanajuato. M\u00e9xico Macabro: 20 a\u00f1os de cine de terror en M\u00e9xico es una retrospectiva que comprende t\u00edtulos que","protected":false},"author":2,"featured_media":4581,"comment_status":"open","ping_status":"open","sticky":false,"template":"","format":"standard","meta":{"_acf_changed":false,"footnotes":""},"categories":[2],"tags":[128,416,1431,43,193,1430,129,1397,23,54],"festival_year":[],"class_list":["post-4580","post","type-post","status-publish","format-standard","has-post-thumbnail","hentry","category-diario-macabro","tag-cine-de-horror","tag-cine-de-terror-mexicano","tag-cine-en-guanajuato","tag-cine-mexicano","tag-festivales-de-cine","tag-guanjuato","tag-horror-film-festivals","tag-macabro-20-anos","tag-macabro-fich","tag-macabro-film-festival"],"acf":[],"yoast_head":"<!-- This site is optimized with the Yoast SEO plugin v27.2 - https:\/\/yoast.com\/product\/yoast-seo-wordpress\/ -->\n<title>\u00a1Los lunes de noviembre son de terror en Guanajuato! | Macabro<\/title>\n<meta name=\"robots\" content=\"index, follow, max-snippet:-1, max-image-preview:large, max-video-preview:-1\" \/>\n<link rel=\"canonical\" href=\"https:\/\/macabro.mx\/en\/los-lunes-de-noviembre-son-de-terror-en-guanajuato\/\" \/>\n<meta property=\"og:locale\" content=\"en_US\" \/>\n<meta property=\"og:type\" content=\"article\" \/>\n<meta property=\"og:title\" content=\"\u00a1Los lunes de noviembre son de terror en Guanajuato! | Macabro\" \/>\n<meta property=\"og:description\" content=\"M\u00e9xico Macabro: 20 a\u00f1os de cine de terror en M\u00e9xico llega al Museo Iconogr\u00e1fico del Quijote los d\u00edas 1, 8 y 15 de noviembre, gracias a la colaboraci\u00f3n con Aurora: Festival Internacional de Cine de Horror de Guanajuato. M\u00e9xico Macabro: 20 a\u00f1os de cine de terror en M\u00e9xico es una retrospectiva que comprende t\u00edtulos que\" \/>\n<meta property=\"og:url\" content=\"https:\/\/macabro.mx\/en\/los-lunes-de-noviembre-son-de-terror-en-guanajuato\/\" \/>\n<meta property=\"og:site_name\" content=\"Macabro\" \/>\n<meta property=\"article:publisher\" content=\"https:\/\/www.facebook.com\/MacabroFICH\" \/>\n<meta property=\"article:published_time\" content=\"2021-10-29T15:00:27+00:00\" \/>\n<meta property=\"og:image\" content=\"https:\/\/macabro.mx\/wp-content\/uploads\/2021\/10\/AGENDAS_MEX_MAC_GTO.png\" \/>\n\t<meta property=\"og:image:width\" content=\"960\" \/>\n\t<meta property=\"og:image:height\" content=\"960\" \/>\n\t<meta property=\"og:image:type\" content=\"image\/png\" \/>\n<meta name=\"author\" content=\"Diario Macabro\" \/>\n<meta name=\"twitter:card\" content=\"summary_large_image\" \/>\n<meta name=\"twitter:creator\" content=\"@MacabroFICH\" \/>\n<meta name=\"twitter:site\" content=\"@MacabroFICH\" \/>\n<meta name=\"twitter:label1\" content=\"Written by\" \/>\n\t<meta name=\"twitter:data1\" content=\"Diario Macabro\" \/>\n\t<meta name=\"twitter:label2\" content=\"Est. reading time\" \/>\n\t<meta name=\"twitter:data2\" content=\"2 minutes\" \/>\n<script type=\"application\/ld+json\" class=\"yoast-schema-graph\">{\"@context\":\"https:\/\/schema.org\",\"@graph\":[{\"@type\":\"Article\",\"@id\":\"https:\/\/macabro.mx\/los-lunes-de-noviembre-son-de-terror-en-guanajuato\/#article\",\"isPartOf\":{\"@id\":\"https:\/\/macabro.mx\/los-lunes-de-noviembre-son-de-terror-en-guanajuato\/\"},\"author\":{\"name\":\"Diario Macabro\",\"@id\":\"https:\/\/macabro.mx\/#\/schema\/person\/cb1d7e57b8371a3558481dab1425691d\"},\"headline\":\"\u00a1Los lunes de noviembre son de terror en Guanajuato!\",\"datePublished\":\"2021-10-29T15:00:27+00:00\",\"mainEntityOfPage\":{\"@id\":\"https:\/\/macabro.mx\/los-lunes-de-noviembre-son-de-terror-en-guanajuato\/\"},\"wordCount\":419,\"commentCount\":0,\"publisher\":{\"@id\":\"https:\/\/macabro.mx\/#organization\"},\"image\":{\"@id\":\"https:\/\/macabro.mx\/los-lunes-de-noviembre-son-de-terror-en-guanajuato\/#primaryimage\"},\"thumbnailUrl\":\"https:\/\/macabro.mx\/wp-content\/uploads\/2021\/10\/AGENDAS_MEX_MAC_GTO.png\",\"keywords\":[\"Cine de horror\",\"cine de terror mexicano\",\"Cine en Guanajuato\",\"cine mexicano\",\"Festivales de cine\",\"Guanjuato\",\"Horror Film Festivals\",\"Macabro 20 a\u00f1os\",\"Macabro FICH\",\"Macabro Film Festival\"],\"articleSection\":[\"Diario Macabro\"],\"inLanguage\":\"en-US\",\"potentialAction\":[{\"@type\":\"CommentAction\",\"name\":\"Comment\",\"target\":[\"https:\/\/macabro.mx\/los-lunes-de-noviembre-son-de-terror-en-guanajuato\/#respond\"]}]},{\"@type\":\"WebPage\",\"@id\":\"https:\/\/macabro.mx\/los-lunes-de-noviembre-son-de-terror-en-guanajuato\/\",\"url\":\"https:\/\/macabro.mx\/los-lunes-de-noviembre-son-de-terror-en-guanajuato\/\",\"name\":\"\u00a1Los lunes de noviembre son de terror en Guanajuato! | Macabro\",\"isPartOf\":{\"@id\":\"https:\/\/macabro.mx\/#website\"},\"primaryImageOfPage\":{\"@id\":\"https:\/\/macabro.mx\/los-lunes-de-noviembre-son-de-terror-en-guanajuato\/#primaryimage\"},\"image\":{\"@id\":\"https:\/\/macabro.mx\/los-lunes-de-noviembre-son-de-terror-en-guanajuato\/#primaryimage\"},\"thumbnailUrl\":\"https:\/\/macabro.mx\/wp-content\/uploads\/2021\/10\/AGENDAS_MEX_MAC_GTO.png\",\"datePublished\":\"2021-10-29T15:00:27+00:00\",\"breadcrumb\":{\"@id\":\"https:\/\/macabro.mx\/los-lunes-de-noviembre-son-de-terror-en-guanajuato\/#breadcrumb\"},\"inLanguage\":\"en-US\",\"potentialAction\":[{\"@type\":\"ReadAction\",\"target\":[\"https:\/\/macabro.mx\/los-lunes-de-noviembre-son-de-terror-en-guanajuato\/\"]}]},{\"@type\":\"ImageObject\",\"inLanguage\":\"en-US\",\"@id\":\"https:\/\/macabro.mx\/los-lunes-de-noviembre-son-de-terror-en-guanajuato\/#primaryimage\",\"url\":\"https:\/\/macabro.mx\/wp-content\/uploads\/2021\/10\/AGENDAS_MEX_MAC_GTO.png\",\"contentUrl\":\"https:\/\/macabro.mx\/wp-content\/uploads\/2021\/10\/AGENDAS_MEX_MAC_GTO.png\",\"width\":960,\"height\":960},{\"@type\":\"BreadcrumbList\",\"@id\":\"https:\/\/macabro.mx\/los-lunes-de-noviembre-son-de-terror-en-guanajuato\/#breadcrumb\",\"itemListElement\":[{\"@type\":\"ListItem\",\"position\":1,\"name\":\"Home\",\"item\":\"https:\/\/macabro.mx\/\"},{\"@type\":\"ListItem\",\"position\":2,\"name\":\"Diario Macabro\",\"item\":\"https:\/\/macabro.mx\/category\/diario-macabro\/\"},{\"@type\":\"ListItem\",\"position\":3,\"name\":\"\u00a1Los lunes de noviembre son de terror en Guanajuato!\"}]},{\"@type\":\"WebSite\",\"@id\":\"https:\/\/macabro.mx\/#website\",\"url\":\"https:\/\/macabro.mx\/\",\"name\":\"Macabro\",\"description\":\"Festival Internacional de Cine de Horror\",\"publisher\":{\"@id\":\"https:\/\/macabro.mx\/#organization\"},\"potentialAction\":[{\"@type\":\"SearchAction\",\"target\":{\"@type\":\"EntryPoint\",\"urlTemplate\":\"https:\/\/macabro.mx\/?s={search_term_string}\"},\"query-input\":{\"@type\":\"PropertyValueSpecification\",\"valueRequired\":true,\"valueName\":\"search_term_string\"}}],\"inLanguage\":\"en-US\"},{\"@type\":\"Organization\",\"@id\":\"https:\/\/macabro.mx\/#organization\",\"name\":\"Macabro Film Festival 2025\",\"url\":\"https:\/\/macabro.mx\/\",\"logo\":{\"@type\":\"ImageObject\",\"inLanguage\":\"en-US\",\"@id\":\"https:\/\/macabro.mx\/#\/schema\/logo\/image\/\",\"url\":\"https:\/\/macabro.mx\/wp-content\/uploads\/2020\/11\/logo-macabro.png\",\"contentUrl\":\"https:\/\/macabro.mx\/wp-content\/uploads\/2020\/11\/logo-macabro.png\",\"width\":870,\"height\":336,\"caption\":\"Macabro Film Festival 2025\"},\"image\":{\"@id\":\"https:\/\/macabro.mx\/#\/schema\/logo\/image\/\"},\"sameAs\":[\"https:\/\/www.facebook.com\/MacabroFICH\",\"https:\/\/x.com\/MacabroFICH\",\"https:\/\/www.instagram.com\/macabrofich\/\",\"https:\/\/www.youtube.com\/user\/macabrofest\"]},{\"@type\":\"Person\",\"@id\":\"https:\/\/macabro.mx\/#\/schema\/person\/cb1d7e57b8371a3558481dab1425691d\",\"name\":\"Diario Macabro\",\"image\":{\"@type\":\"ImageObject\",\"inLanguage\":\"en-US\",\"@id\":\"https:\/\/secure.gravatar.com\/avatar\/c503ddb7b9ab82ba0cd034365e426a9406aee5285d5579fbb648e22029e78d98?s=96&d=mm&r=g\",\"url\":\"https:\/\/secure.gravatar.com\/avatar\/c503ddb7b9ab82ba0cd034365e426a9406aee5285d5579fbb648e22029e78d98?s=96&d=mm&r=g\",\"contentUrl\":\"https:\/\/secure.gravatar.com\/avatar\/c503ddb7b9ab82ba0cd034365e426a9406aee5285d5579fbb648e22029e78d98?s=96&d=mm&r=g\",\"caption\":\"Diario Macabro\"},\"url\":\"https:\/\/macabro.mx\/en\/author\/diario-macabro\/\"}]}<\/script>\n<!-- \/ Yoast SEO plugin. -->","yoast_head_json":{"title":"\u00a1Los lunes de noviembre son de terror en Guanajuato! | Macabro","robots":{"index":"index","follow":"follow","max-snippet":"max-snippet:-1","max-image-preview":"max-image-preview:large","max-video-preview":"max-video-preview:-1"},"canonical":"https:\/\/macabro.mx\/en\/los-lunes-de-noviembre-son-de-terror-en-guanajuato\/","og_locale":"en_US","og_type":"article","og_title":"\u00a1Los lunes de noviembre son de terror en Guanajuato! | Macabro","og_description":"M\u00e9xico Macabro: 20 a\u00f1os de cine de terror en M\u00e9xico llega al Museo Iconogr\u00e1fico del Quijote los d\u00edas 1, 8 y 15 de noviembre, gracias a la colaboraci\u00f3n con Aurora: Festival Internacional de Cine de Horror de Guanajuato. M\u00e9xico Macabro: 20 a\u00f1os de cine de terror en M\u00e9xico es una retrospectiva que comprende t\u00edtulos que","og_url":"https:\/\/macabro.mx\/en\/los-lunes-de-noviembre-son-de-terror-en-guanajuato\/","og_site_name":"Macabro","article_publisher":"https:\/\/www.facebook.com\/MacabroFICH","article_published_time":"2021-10-29T15:00:27+00:00","og_image":[{"width":960,"height":960,"url":"https:\/\/macabro.mx\/wp-content\/uploads\/2021\/10\/AGENDAS_MEX_MAC_GTO.png","type":"image\/png"}],"author":"Diario Macabro","twitter_card":"summary_large_image","twitter_creator":"@MacabroFICH","twitter_site":"@MacabroFICH","twitter_misc":{"Written by":"Diario Macabro","Est. reading time":"2 minutes"},"schema":{"@context":"https:\/\/schema.org","@graph":[{"@type":"Article","@id":"https:\/\/macabro.mx\/los-lunes-de-noviembre-son-de-terror-en-guanajuato\/#article","isPartOf":{"@id":"https:\/\/macabro.mx\/los-lunes-de-noviembre-son-de-terror-en-guanajuato\/"},"author":{"name":"Diario Macabro","@id":"https:\/\/macabro.mx\/#\/schema\/person\/cb1d7e57b8371a3558481dab1425691d"},"headline":"\u00a1Los lunes de noviembre son de terror en Guanajuato!","datePublished":"2021-10-29T15:00:27+00:00","mainEntityOfPage":{"@id":"https:\/\/macabro.mx\/los-lunes-de-noviembre-son-de-terror-en-guanajuato\/"},"wordCount":419,"commentCount":0,"publisher":{"@id":"https:\/\/macabro.mx\/#organization"},"image":{"@id":"https:\/\/macabro.mx\/los-lunes-de-noviembre-son-de-terror-en-guanajuato\/#primaryimage"},"thumbnailUrl":"https:\/\/macabro.mx\/wp-content\/uploads\/2021\/10\/AGENDAS_MEX_MAC_GTO.png","keywords":["Cine de horror","cine de terror mexicano","Cine en Guanajuato","cine mexicano","Festivales de cine","Guanjuato","Horror Film Festivals","Macabro 20 a\u00f1os","Macabro FICH","Macabro Film Festival"],"articleSection":["Diario Macabro"],"inLanguage":"en-US","potentialAction":[{"@type":"CommentAction","name":"Comment","target":["https:\/\/macabro.mx\/los-lunes-de-noviembre-son-de-terror-en-guanajuato\/#respond"]}]},{"@type":"WebPage","@id":"https:\/\/macabro.mx\/los-lunes-de-noviembre-son-de-terror-en-guanajuato\/","url":"https:\/\/macabro.mx\/los-lunes-de-noviembre-son-de-terror-en-guanajuato\/","name":"\u00a1Los lunes de noviembre son de terror en Guanajuato! | Macabro","isPartOf":{"@id":"https:\/\/macabro.mx\/#website"},"primaryImageOfPage":{"@id":"https:\/\/macabro.mx\/los-lunes-de-noviembre-son-de-terror-en-guanajuato\/#primaryimage"},"image":{"@id":"https:\/\/macabro.mx\/los-lunes-de-noviembre-son-de-terror-en-guanajuato\/#primaryimage"},"thumbnailUrl":"https:\/\/macabro.mx\/wp-content\/uploads\/2021\/10\/AGENDAS_MEX_MAC_GTO.png","datePublished":"2021-10-29T15:00:27+00:00","breadcrumb":{"@id":"https:\/\/macabro.mx\/los-lunes-de-noviembre-son-de-terror-en-guanajuato\/#breadcrumb"},"inLanguage":"en-US","potentialAction":[{"@type":"ReadAction","target":["https:\/\/macabro.mx\/los-lunes-de-noviembre-son-de-terror-en-guanajuato\/"]}]},{"@type":"ImageObject","inLanguage":"en-US","@id":"https:\/\/macabro.mx\/los-lunes-de-noviembre-son-de-terror-en-guanajuato\/#primaryimage","url":"https:\/\/macabro.mx\/wp-content\/uploads\/2021\/10\/AGENDAS_MEX_MAC_GTO.png","contentUrl":"https:\/\/macabro.mx\/wp-content\/uploads\/2021\/10\/AGENDAS_MEX_MAC_GTO.png","width":960,"height":960},{"@type":"BreadcrumbList","@id":"https:\/\/macabro.mx\/los-lunes-de-noviembre-son-de-terror-en-guanajuato\/#breadcrumb","itemListElement":[{"@type":"ListItem","position":1,"name":"Home","item":"https:\/\/macabro.mx\/"},{"@type":"ListItem","position":2,"name":"Diario Macabro","item":"https:\/\/macabro.mx\/category\/diario-macabro\/"},{"@type":"ListItem","position":3,"name":"\u00a1Los lunes de noviembre son de terror en Guanajuato!"}]},{"@type":"WebSite","@id":"https:\/\/macabro.mx\/#website","url":"https:\/\/macabro.mx\/","name":"Macabro","description":"Festival Internacional de Cine de Horror","publisher":{"@id":"https:\/\/macabro.mx\/#organization"},"potentialAction":[{"@type":"SearchAction","target":{"@type":"EntryPoint","urlTemplate":"https:\/\/macabro.mx\/?s={search_term_string}"},"query-input":{"@type":"PropertyValueSpecification","valueRequired":true,"valueName":"search_term_string"}}],"inLanguage":"en-US"},{"@type":"Organization","@id":"https:\/\/macabro.mx\/#organization","name":"Macabro Film Festival 2025","url":"https:\/\/macabro.mx\/","logo":{"@type":"ImageObject","inLanguage":"en-US","@id":"https:\/\/macabro.mx\/#\/schema\/logo\/image\/","url":"https:\/\/macabro.mx\/wp-content\/uploads\/2020\/11\/logo-macabro.png","contentUrl":"https:\/\/macabro.mx\/wp-content\/uploads\/2020\/11\/logo-macabro.png","width":870,"height":336,"caption":"Macabro Film Festival 2025"},"image":{"@id":"https:\/\/macabro.mx\/#\/schema\/logo\/image\/"},"sameAs":["https:\/\/www.facebook.com\/MacabroFICH","https:\/\/x.com\/MacabroFICH","https:\/\/www.instagram.com\/macabrofich\/","https:\/\/www.youtube.com\/user\/macabrofest"]},{"@type":"Person","@id":"https:\/\/macabro.mx\/#\/schema\/person\/cb1d7e57b8371a3558481dab1425691d","name":"Diario Macabro","image":{"@type":"ImageObject","inLanguage":"en-US","@id":"https:\/\/secure.gravatar.com\/avatar\/c503ddb7b9ab82ba0cd034365e426a9406aee5285d5579fbb648e22029e78d98?s=96&d=mm&r=g","url":"https:\/\/secure.gravatar.com\/avatar\/c503ddb7b9ab82ba0cd034365e426a9406aee5285d5579fbb648e22029e78d98?s=96&d=mm&r=g","contentUrl":"https:\/\/secure.gravatar.com\/avatar\/c503ddb7b9ab82ba0cd034365e426a9406aee5285d5579fbb648e22029e78d98?s=96&d=mm&r=g","caption":"Diario Macabro"},"url":"https:\/\/macabro.mx\/en\/author\/diario-macabro\/"}]}},"_links":{"self":[{"href":"https:\/\/macabro.mx\/en\/wp-json\/wp\/v2\/posts\/4580","targetHints":{"allow":["GET"]}}],"collection":[{"href":"https:\/\/macabro.mx\/en\/wp-json\/wp\/v2\/posts"}],"about":[{"href":"https:\/\/macabro.mx\/en\/wp-json\/wp\/v2\/types\/post"}],"author":[{"embeddable":true,"href":"https:\/\/macabro.mx\/en\/wp-json\/wp\/v2\/users\/2"}],"replies":[{"embeddable":true,"href":"https:\/\/macabro.mx\/en\/wp-json\/wp\/v2\/comments?post=4580"}],"version-history":[{"count":1,"href":"https:\/\/macabro.mx\/en\/wp-json\/wp\/v2\/posts\/4580\/revisions"}],"predecessor-version":[{"id":4582,"href":"https:\/\/macabro.mx\/en\/wp-json\/wp\/v2\/posts\/4580\/revisions\/4582"}],"wp:featuredmedia":[{"embeddable":true,"href":"https:\/\/macabro.mx\/en\/wp-json\/wp\/v2\/media\/4581"}],"wp:attachment":[{"href":"https:\/\/macabro.mx\/en\/wp-json\/wp\/v2\/media?parent=4580"}],"wp:term":[{"taxonomy":"category","embeddable":true,"href":"https:\/\/macabro.mx\/en\/wp-json\/wp\/v2\/categories?post=4580"},{"taxonomy":"post_tag","embeddable":true,"href":"https:\/\/macabro.mx\/en\/wp-json\/wp\/v2\/tags?post=4580"},{"taxonomy":"festival_year","embeddable":true,"href":"https:\/\/macabro.mx\/en\/wp-json\/wp\/v2\/festival_year?post=4580"}],"curies":[{"name":"wp","href":"https:\/\/api.w.org\/{rel}","templated":true}]}}