{"id":6719,"date":"2024-12-18T18:45:49","date_gmt":"2024-12-19T00:45:49","guid":{"rendered":"https:\/\/macabro.mx\/?p=6719"},"modified":"2024-12-19T15:19:53","modified_gmt":"2024-12-19T21:19:53","slug":"informe-2024-12-meses-de-macabro","status":"publish","type":"post","link":"https:\/\/macabro.mx\/en\/informe-2024-12-meses-de-macabro\/","title":{"rendered":"Informe 2024: 12 meses de Macabro"},"content":{"rendered":"<p><img loading=\"lazy\" decoding=\"async\" width=\"700\" height=\"394\" class=\"alignnone size-large wp-image-6720 aligncenter\" src=\"https:\/\/macabro.mx\/wp-content\/uploads\/2024\/12\/IMG_spot-1920x1080-1-700x394.png\" alt=\"\" srcset=\"https:\/\/macabro.mx\/wp-content\/uploads\/2024\/12\/IMG_spot-1920x1080-1-700x394.png 700w, https:\/\/macabro.mx\/wp-content\/uploads\/2024\/12\/IMG_spot-1920x1080-1-250x141.png 250w, https:\/\/macabro.mx\/wp-content\/uploads\/2024\/12\/IMG_spot-1920x1080-1-768x432.png 768w, https:\/\/macabro.mx\/wp-content\/uploads\/2024\/12\/IMG_spot-1920x1080-1-1536x864.png 1536w, https:\/\/macabro.mx\/wp-content\/uploads\/2024\/12\/IMG_spot-1920x1080-1-120x68.png 120w, https:\/\/macabro.mx\/wp-content\/uploads\/2024\/12\/IMG_spot-1920x1080-1-200x113.png 200w, https:\/\/macabro.mx\/wp-content\/uploads\/2024\/12\/IMG_spot-1920x1080-1.png 1920w\" sizes=\"auto, (max-width: 700px) 100vw, 700px\" \/><\/p>\n<p><strong>Macabro celebr\u00f3 su vig\u00e9simo tercera edici\u00f3n, del 22 de agosto al 1 de septiembre de 2024,<\/strong> como el primer y m\u00e1s grande festival de cine de g\u00e9nero en M\u00e9xico, as\u00ed como uno de los m\u00e1s importantes de su tipo en Latinoam\u00e9rica.<\/p>\n<p>Macabro Fest 2024 se llev\u00f3 a cabo durante once d\u00edas en una celebraci\u00f3n incluyente del cine de horror que involucra al p\u00fablico especializado y cin\u00e9filo, medios de comunicaci\u00f3n, la comunidad cinematogr\u00e1fica, sesiones de preguntas y respuestas con invitados, clases magistrales, funciones para p\u00fablicos vulnerables, talleres, m\u00fasica, retrospectivas, homenajes, fiestas, m\u00fasica y promoci\u00f3n tur\u00edstica.<\/p>\n<p>La programaci\u00f3n de este a\u00f1o estuvo dedicada a la <strong>animaci\u00f3n en el cine de terror<\/strong>, con la presencia del director espa\u00f1ol, Pedro Rivero, quien fue sujeto de una retrospectiva. El <em>Mexico Macabro<\/em> hizo foco en la producci\u00f3n del director mexicano, Lex Ortega. La muestra estuvo compuesta una vez m\u00e1s por la competencia de cine contempor\u00e1neo de horror nacional e internacional; la presencia de m\u00e1s de 50 invitados; retrospectivas y conversatorios en torno al tema central. Se lanz\u00f3 la convocatoria Creepy Van Films \u2013 Macabro y se realiz\u00f3 la presentaci\u00f3n del 4to Foro de coproducci\u00f3n de cine fant\u00e1stico, la evoluci\u00f3n de M\u00e9xico Macabro de secci\u00f3n a sello de identidad de todas las pel\u00edculas mexicanas que se exhiban en el festival, entre otras actividades. Con ello Macabro confirm\u00f3 su lugar como uno de los festivales m\u00e1s importantes y relevantes en su tipo no solo en M\u00e9xico sino en el mundo.<\/p>\n<p style=\"text-align: center;\"><img loading=\"lazy\" decoding=\"async\" class=\"alignnone wp-image-6721\" src=\"https:\/\/macabro.mx\/wp-content\/uploads\/2024\/12\/IMG-20240823-WA0015-700x1041.jpg\" alt=\"\" width=\"372\" height=\"553\" srcset=\"https:\/\/macabro.mx\/wp-content\/uploads\/2024\/12\/IMG-20240823-WA0015-700x1041.jpg 700w, https:\/\/macabro.mx\/wp-content\/uploads\/2024\/12\/IMG-20240823-WA0015-250x372.jpg 250w, https:\/\/macabro.mx\/wp-content\/uploads\/2024\/12\/IMG-20240823-WA0015-768x1142.jpg 768w, https:\/\/macabro.mx\/wp-content\/uploads\/2024\/12\/IMG-20240823-WA0015-1033x1536.jpg 1033w, https:\/\/macabro.mx\/wp-content\/uploads\/2024\/12\/IMG-20240823-WA0015-120x178.jpg 120w, https:\/\/macabro.mx\/wp-content\/uploads\/2024\/12\/IMG-20240823-WA0015-87x130.jpg 87w, https:\/\/macabro.mx\/wp-content\/uploads\/2024\/12\/IMG-20240823-WA0015.jpg 1076w\" sizes=\"auto, (max-width: 372px) 100vw, 372px\" \/> <img loading=\"lazy\" decoding=\"async\" class=\"alignnone wp-image-6722\" src=\"https:\/\/macabro.mx\/wp-content\/uploads\/2024\/12\/IMG-20240823-WA0016-700x1244.jpg\" alt=\"\" width=\"311\" height=\"553\" srcset=\"https:\/\/macabro.mx\/wp-content\/uploads\/2024\/12\/IMG-20240823-WA0016-700x1244.jpg 700w, https:\/\/macabro.mx\/wp-content\/uploads\/2024\/12\/IMG-20240823-WA0016-250x444.jpg 250w, https:\/\/macabro.mx\/wp-content\/uploads\/2024\/12\/IMG-20240823-WA0016-768x1365.jpg 768w, https:\/\/macabro.mx\/wp-content\/uploads\/2024\/12\/IMG-20240823-WA0016-864x1536.jpg 864w, https:\/\/macabro.mx\/wp-content\/uploads\/2024\/12\/IMG-20240823-WA0016-120x213.jpg 120w, https:\/\/macabro.mx\/wp-content\/uploads\/2024\/12\/IMG-20240823-WA0016-73x130.jpg 73w, https:\/\/macabro.mx\/wp-content\/uploads\/2024\/12\/IMG-20240823-WA0016.jpg 900w\" sizes=\"auto, (max-width: 311px) 100vw, 311px\" \/><\/p>\n<p>Revisa aqu\u00ed la programaci\u00f3n completa de Macabro XXIII: <a href=\"https:\/\/macabro.mx\/en\/2024\/catalogo\/\">https:\/\/macabro.mx\/2024\/catalogo\/<\/a><\/p>\n<p>Ac\u00e1 puedes ver la lista de ganadores: <a href=\"https:\/\/macabro.mx\/en\/6603-2\/\">https:\/\/macabro.mx\/6603-2\/<\/a><\/p>\n<p>Y nuestro making of: <a href=\"https:\/\/youtu.be\/dabNgxGMnvY?si=oqY8ccNfw3MsoHsy\">https:\/\/youtu.be\/dabNgxGMnvY?si=oqY8ccNfw3MsoHsy<\/a><\/p>\n<p>&nbsp;<\/p>\n<p><img loading=\"lazy\" decoding=\"async\" width=\"700\" height=\"394\" class=\"alignnone size-large wp-image-6724 aligncenter\" src=\"https:\/\/macabro.mx\/wp-content\/uploads\/2024\/12\/IMG-20240823-WA0036-700x394.jpg\" alt=\"\" srcset=\"https:\/\/macabro.mx\/wp-content\/uploads\/2024\/12\/IMG-20240823-WA0036-700x394.jpg 700w, https:\/\/macabro.mx\/wp-content\/uploads\/2024\/12\/IMG-20240823-WA0036-250x141.jpg 250w, https:\/\/macabro.mx\/wp-content\/uploads\/2024\/12\/IMG-20240823-WA0036-768x432.jpg 768w, https:\/\/macabro.mx\/wp-content\/uploads\/2024\/12\/IMG-20240823-WA0036-1536x864.jpg 1536w, https:\/\/macabro.mx\/wp-content\/uploads\/2024\/12\/IMG-20240823-WA0036-120x68.jpg 120w, https:\/\/macabro.mx\/wp-content\/uploads\/2024\/12\/IMG-20240823-WA0036-200x113.jpg 200w, https:\/\/macabro.mx\/wp-content\/uploads\/2024\/12\/IMG-20240823-WA0036.jpg 1600w\" sizes=\"auto, (max-width: 700px) 100vw, 700px\" \/><\/p>\n<p class=\"p1\"><b>INVITADOS Y RETROSPECTIVAS<\/b><\/p>\n<p><b>Pedro Rivero<\/b><\/p>\n<p>Como parte de la programaci\u00f3n de la vig\u00e9simo tercera edici\u00f3n, Macabro hizo un homenaje al director, guionista y productor especializado en animaci\u00f3n; autor de c\u00f3mic y teatro, Pedro Rivero.<\/p>\n<p>Originario de Bilbao, el cineasta visit\u00f3 Macabro en la Ciudad de M\u00e9xico y la ciudad de Puebla del 27 de agosto al 7 de septiembre para presentar una retrospectiva de su obra cinematogr\u00e1fica en torno a la animaci\u00f3n y el cine fant\u00e1stico: EL HOYO (THE PLATFORM) (2019), PSICONAUTAS, LOS NI\u00d1OS OLVIDADOS (2015), LA CRISIS CARN\u00cdVORA (2007), BIRDBOY (2010); \u00a0as\u00ed como para realizar dos clases magistrales sobre su obra y el g\u00e9nero, la primera en el Centro Cultural Espa\u00f1a en la Ciudad de M\u00e9xico y la segunda en la ciudad de Puebla.<\/p>\n<p><img loading=\"lazy\" decoding=\"async\" width=\"700\" height=\"443\" class=\"alignnone size-large wp-image-6731 aligncenter\" src=\"https:\/\/macabro.mx\/wp-content\/uploads\/2024\/12\/Charla-Pedro-Rivero-1-de-1-3-700x443.jpg\" alt=\"\" srcset=\"https:\/\/macabro.mx\/wp-content\/uploads\/2024\/12\/Charla-Pedro-Rivero-1-de-1-3-700x443.jpg 700w, https:\/\/macabro.mx\/wp-content\/uploads\/2024\/12\/Charla-Pedro-Rivero-1-de-1-3-250x158.jpg 250w, https:\/\/macabro.mx\/wp-content\/uploads\/2024\/12\/Charla-Pedro-Rivero-1-de-1-3-768x486.jpg 768w, https:\/\/macabro.mx\/wp-content\/uploads\/2024\/12\/Charla-Pedro-Rivero-1-de-1-3-1536x972.jpg 1536w, https:\/\/macabro.mx\/wp-content\/uploads\/2024\/12\/Charla-Pedro-Rivero-1-de-1-3-2048x1296.jpg 2048w, https:\/\/macabro.mx\/wp-content\/uploads\/2024\/12\/Charla-Pedro-Rivero-1-de-1-3-120x76.jpg 120w, https:\/\/macabro.mx\/wp-content\/uploads\/2024\/12\/Charla-Pedro-Rivero-1-de-1-3-200x127.jpg 200w\" sizes=\"auto, (max-width: 700px) 100vw, 700px\" \/><\/p>\n<p><b>Lex Ortega<\/b><\/p>\n<p><span style=\"font-weight: 400;\">Lex Ortega es probablemente uno de los directores de cine de terror pertenecientes a la generaci\u00f3n que ha logrado poner al cine fant\u00e1stico y de terror latinoamericano como uno de los movimientos audiovisuales m\u00e1s relevantes en este siglo, con historias, pel\u00edculas y nombres que se reconocen en todo el mundo y que han dado una nueva lectura al g\u00e9nero, incorporando los problemas sociales, las leyendas locales y la influencia mundial.<\/span><\/p>\n<p><span style=\"font-weight: 400;\">La colecci\u00f3n de cortometrajes de Lex Ortega es una muestra de un director \u00fanico en M\u00e9xico, que ha sabido entender los elementos del g\u00e9nero desde un lugar oscuro, sangriento y violento.<\/span><\/p>\n<p><img loading=\"lazy\" decoding=\"async\" width=\"700\" height=\"393\" class=\"alignnone size-large wp-image-6732 aligncenter\" src=\"https:\/\/macabro.mx\/wp-content\/uploads\/2024\/12\/Atroz-CNA-2024-1-de-1-3-700x393.jpg\" alt=\"\" srcset=\"https:\/\/macabro.mx\/wp-content\/uploads\/2024\/12\/Atroz-CNA-2024-1-de-1-3-700x393.jpg 700w, https:\/\/macabro.mx\/wp-content\/uploads\/2024\/12\/Atroz-CNA-2024-1-de-1-3-250x140.jpg 250w, https:\/\/macabro.mx\/wp-content\/uploads\/2024\/12\/Atroz-CNA-2024-1-de-1-3-768x432.jpg 768w, https:\/\/macabro.mx\/wp-content\/uploads\/2024\/12\/Atroz-CNA-2024-1-de-1-3-1536x863.jpg 1536w, https:\/\/macabro.mx\/wp-content\/uploads\/2024\/12\/Atroz-CNA-2024-1-de-1-3-2048x1151.jpg 2048w, https:\/\/macabro.mx\/wp-content\/uploads\/2024\/12\/Atroz-CNA-2024-1-de-1-3-120x67.jpg 120w, https:\/\/macabro.mx\/wp-content\/uploads\/2024\/12\/Atroz-CNA-2024-1-de-1-3-200x112.jpg 200w\" sizes=\"auto, (max-width: 700px) 100vw, 700px\" \/><\/p>\n<p>&nbsp;<\/p>\n<p>Contamos con la participaci\u00f3n de: <span style=\"font-weight: 400;\">\u00a0Fernando Gast\u00f3n (productor Las t\u00edas), Ximena Sari\u00f1ana (protagonista Las t\u00edas), Mart\u00edn Florio (guionista Las t\u00edas), JJ Weber (Productor A game in the woods), Mike McCutchen (Director A game in the woods), Eleanor Newman y Emily Skeen (Actrices A game in the woods); John P. Crowley y Jameson Pitts (actores A game in the woods); Diego Ortu\u00f1o (Director Chuzalongo), Tupac Galarza (Chuzalongo), Emile Plonsky (Chuzalongo), Tayo Cort\u00e9s (director Domo), Jerzain Ortega (director L\u00fagubre),\u00a0 Nick Gaglia (director Pinkcity), Ryan Barton-Grimley (Listen carefully), Joao Zachar\u00edas (A Heranca), Alec Bonk (Blind Cop 2), Guile Branco (A Halloween Feast), Jenna Kennell (actriz, guionista de Faceless after Dark), Juan Nunch y Francisca Hern\u00e1ndez (director y protagonista de R\u00edo de Sapos).<\/span><\/p>\n<p style=\"text-align: center;\"><img loading=\"lazy\" decoding=\"async\" class=\"alignnone wp-image-6734\" src=\"https:\/\/macabro.mx\/wp-content\/uploads\/2024\/12\/Las-Tias-Macabro-2023-1-de-1-25-700x467.jpg\" alt=\"\" width=\"399\" height=\"266\" srcset=\"https:\/\/macabro.mx\/wp-content\/uploads\/2024\/12\/Las-Tias-Macabro-2023-1-de-1-25-700x467.jpg 700w, https:\/\/macabro.mx\/wp-content\/uploads\/2024\/12\/Las-Tias-Macabro-2023-1-de-1-25-250x167.jpg 250w, https:\/\/macabro.mx\/wp-content\/uploads\/2024\/12\/Las-Tias-Macabro-2023-1-de-1-25-768x512.jpg 768w, https:\/\/macabro.mx\/wp-content\/uploads\/2024\/12\/Las-Tias-Macabro-2023-1-de-1-25-1536x1025.jpg 1536w, https:\/\/macabro.mx\/wp-content\/uploads\/2024\/12\/Las-Tias-Macabro-2023-1-de-1-25-2048x1366.jpg 2048w, https:\/\/macabro.mx\/wp-content\/uploads\/2024\/12\/Las-Tias-Macabro-2023-1-de-1-25-120x80.jpg 120w, https:\/\/macabro.mx\/wp-content\/uploads\/2024\/12\/Las-Tias-Macabro-2023-1-de-1-25-195x130.jpg 195w\" sizes=\"auto, (max-width: 399px) 100vw, 399px\" \/> \u00a0 <img loading=\"lazy\" decoding=\"async\" class=\"alignnone wp-image-6733\" src=\"https:\/\/macabro.mx\/wp-content\/uploads\/2024\/12\/Las-Tias-Macabro-2023-1-de-1-12-700x443.jpg\" alt=\"\" width=\"423\" height=\"267\" srcset=\"https:\/\/macabro.mx\/wp-content\/uploads\/2024\/12\/Las-Tias-Macabro-2023-1-de-1-12-700x443.jpg 700w, https:\/\/macabro.mx\/wp-content\/uploads\/2024\/12\/Las-Tias-Macabro-2023-1-de-1-12-250x158.jpg 250w, https:\/\/macabro.mx\/wp-content\/uploads\/2024\/12\/Las-Tias-Macabro-2023-1-de-1-12-768x486.jpg 768w, https:\/\/macabro.mx\/wp-content\/uploads\/2024\/12\/Las-Tias-Macabro-2023-1-de-1-12-1536x971.jpg 1536w, https:\/\/macabro.mx\/wp-content\/uploads\/2024\/12\/Las-Tias-Macabro-2023-1-de-1-12-2048x1295.jpg 2048w, https:\/\/macabro.mx\/wp-content\/uploads\/2024\/12\/Las-Tias-Macabro-2023-1-de-1-12-120x76.jpg 120w, https:\/\/macabro.mx\/wp-content\/uploads\/2024\/12\/Las-Tias-Macabro-2023-1-de-1-12-200x126.jpg 200w\" sizes=\"auto, (max-width: 423px) 100vw, 423px\" \/><\/p>\n<p style=\"text-align: center;\"><img loading=\"lazy\" decoding=\"async\" class=\"alignnone wp-image-6735\" src=\"https:\/\/macabro.mx\/wp-content\/uploads\/2024\/12\/A-game-in-the-woods-macabro-1-de-1-17-700x434.jpg\" alt=\"\" width=\"430\" height=\"267\" srcset=\"https:\/\/macabro.mx\/wp-content\/uploads\/2024\/12\/A-game-in-the-woods-macabro-1-de-1-17-700x434.jpg 700w, https:\/\/macabro.mx\/wp-content\/uploads\/2024\/12\/A-game-in-the-woods-macabro-1-de-1-17-250x155.jpg 250w, https:\/\/macabro.mx\/wp-content\/uploads\/2024\/12\/A-game-in-the-woods-macabro-1-de-1-17-768x476.jpg 768w, https:\/\/macabro.mx\/wp-content\/uploads\/2024\/12\/A-game-in-the-woods-macabro-1-de-1-17-1536x952.jpg 1536w, https:\/\/macabro.mx\/wp-content\/uploads\/2024\/12\/A-game-in-the-woods-macabro-1-de-1-17-2048x1270.jpg 2048w, https:\/\/macabro.mx\/wp-content\/uploads\/2024\/12\/A-game-in-the-woods-macabro-1-de-1-17-120x74.jpg 120w, https:\/\/macabro.mx\/wp-content\/uploads\/2024\/12\/A-game-in-the-woods-macabro-1-de-1-17-200x124.jpg 200w\" sizes=\"auto, (max-width: 430px) 100vw, 430px\" \/>\u00a0 \u00a0 <img loading=\"lazy\" decoding=\"async\" class=\"alignnone wp-image-6736\" src=\"https:\/\/macabro.mx\/wp-content\/uploads\/2024\/12\/Hallowen-FEST-1-de-1-6-700x484.jpg\" alt=\"\" width=\"386\" height=\"267\" srcset=\"https:\/\/macabro.mx\/wp-content\/uploads\/2024\/12\/Hallowen-FEST-1-de-1-6-700x484.jpg 700w, https:\/\/macabro.mx\/wp-content\/uploads\/2024\/12\/Hallowen-FEST-1-de-1-6-250x173.jpg 250w, https:\/\/macabro.mx\/wp-content\/uploads\/2024\/12\/Hallowen-FEST-1-de-1-6-768x531.jpg 768w, https:\/\/macabro.mx\/wp-content\/uploads\/2024\/12\/Hallowen-FEST-1-de-1-6-1536x1061.jpg 1536w, https:\/\/macabro.mx\/wp-content\/uploads\/2024\/12\/Hallowen-FEST-1-de-1-6-2048x1415.jpg 2048w, https:\/\/macabro.mx\/wp-content\/uploads\/2024\/12\/Hallowen-FEST-1-de-1-6-120x83.jpg 120w, https:\/\/macabro.mx\/wp-content\/uploads\/2024\/12\/Hallowen-FEST-1-de-1-6-188x130.jpg 188w\" sizes=\"auto, (max-width: 386px) 100vw, 386px\" \/><\/p>\n<p style=\"text-align: center;\"><img loading=\"lazy\" decoding=\"async\" class=\"alignnone wp-image-6739\" src=\"https:\/\/macabro.mx\/wp-content\/uploads\/2024\/12\/Listen-Carefully-1-de-1-4-700x613.jpg\" alt=\"\" width=\"313\" height=\"274\" srcset=\"https:\/\/macabro.mx\/wp-content\/uploads\/2024\/12\/Listen-Carefully-1-de-1-4-700x613.jpg 700w, https:\/\/macabro.mx\/wp-content\/uploads\/2024\/12\/Listen-Carefully-1-de-1-4-250x219.jpg 250w, https:\/\/macabro.mx\/wp-content\/uploads\/2024\/12\/Listen-Carefully-1-de-1-4-768x673.jpg 768w, https:\/\/macabro.mx\/wp-content\/uploads\/2024\/12\/Listen-Carefully-1-de-1-4-1536x1345.jpg 1536w, https:\/\/macabro.mx\/wp-content\/uploads\/2024\/12\/Listen-Carefully-1-de-1-4-2048x1794.jpg 2048w, https:\/\/macabro.mx\/wp-content\/uploads\/2024\/12\/Listen-Carefully-1-de-1-4-120x105.jpg 120w, https:\/\/macabro.mx\/wp-content\/uploads\/2024\/12\/Listen-Carefully-1-de-1-4-148x130.jpg 148w\" sizes=\"auto, (max-width: 313px) 100vw, 313px\" \/>\u00a0 \u00a0 \u00a0<img loading=\"lazy\" decoding=\"async\" class=\"alignnone wp-image-6738\" src=\"https:\/\/macabro.mx\/wp-content\/uploads\/2024\/12\/chuzalongo-Macabro-1-de-1-12-700x425.jpg\" alt=\"\" width=\"452\" height=\"274\" srcset=\"https:\/\/macabro.mx\/wp-content\/uploads\/2024\/12\/chuzalongo-Macabro-1-de-1-12-700x425.jpg 700w, https:\/\/macabro.mx\/wp-content\/uploads\/2024\/12\/chuzalongo-Macabro-1-de-1-12-250x152.jpg 250w, https:\/\/macabro.mx\/wp-content\/uploads\/2024\/12\/chuzalongo-Macabro-1-de-1-12-768x467.jpg 768w, https:\/\/macabro.mx\/wp-content\/uploads\/2024\/12\/chuzalongo-Macabro-1-de-1-12-1536x933.jpg 1536w, https:\/\/macabro.mx\/wp-content\/uploads\/2024\/12\/chuzalongo-Macabro-1-de-1-12-2048x1245.jpg 2048w, https:\/\/macabro.mx\/wp-content\/uploads\/2024\/12\/chuzalongo-Macabro-1-de-1-12-120x73.jpg 120w, https:\/\/macabro.mx\/wp-content\/uploads\/2024\/12\/chuzalongo-Macabro-1-de-1-12-200x122.jpg 200w\" sizes=\"auto, (max-width: 452px) 100vw, 452px\" \/><\/p>\n<p style=\"text-align: center;\"><img loading=\"lazy\" decoding=\"async\" class=\"alignnone wp-image-6740\" src=\"https:\/\/macabro.mx\/wp-content\/uploads\/2024\/12\/MG_7597-700x578.jpg\" alt=\"\" width=\"343\" height=\"284\" srcset=\"https:\/\/macabro.mx\/wp-content\/uploads\/2024\/12\/MG_7597-700x578.jpg 700w, https:\/\/macabro.mx\/wp-content\/uploads\/2024\/12\/MG_7597-250x206.jpg 250w, https:\/\/macabro.mx\/wp-content\/uploads\/2024\/12\/MG_7597-768x634.jpg 768w, https:\/\/macabro.mx\/wp-content\/uploads\/2024\/12\/MG_7597-120x99.jpg 120w, https:\/\/macabro.mx\/wp-content\/uploads\/2024\/12\/MG_7597-157x130.jpg 157w, https:\/\/macabro.mx\/wp-content\/uploads\/2024\/12\/MG_7597.jpg 1200w\" sizes=\"auto, (max-width: 343px) 100vw, 343px\" \/>\u00a0 \u00a0 <img loading=\"lazy\" decoding=\"async\" class=\"alignnone wp-image-6744\" src=\"https:\/\/macabro.mx\/wp-content\/uploads\/2024\/12\/MG_9007-700x467.jpg\" alt=\"\" width=\"425\" height=\"283\" srcset=\"https:\/\/macabro.mx\/wp-content\/uploads\/2024\/12\/MG_9007-700x467.jpg 700w, https:\/\/macabro.mx\/wp-content\/uploads\/2024\/12\/MG_9007-250x167.jpg 250w, https:\/\/macabro.mx\/wp-content\/uploads\/2024\/12\/MG_9007-768x512.jpg 768w, https:\/\/macabro.mx\/wp-content\/uploads\/2024\/12\/MG_9007-1536x1024.jpg 1536w, https:\/\/macabro.mx\/wp-content\/uploads\/2024\/12\/MG_9007-120x80.jpg 120w, https:\/\/macabro.mx\/wp-content\/uploads\/2024\/12\/MG_9007-195x130.jpg 195w, https:\/\/macabro.mx\/wp-content\/uploads\/2024\/12\/MG_9007.jpg 1920w\" sizes=\"auto, (max-width: 425px) 100vw, 425px\" \/><\/p>\n<p style=\"text-align: center;\"><img loading=\"lazy\" decoding=\"async\" class=\"alignnone wp-image-6737\" src=\"https:\/\/macabro.mx\/wp-content\/uploads\/2024\/12\/A-Heranca-editadas-1-de-1-3-700x393.jpg\" alt=\"\" width=\"479\" height=\"269\" srcset=\"https:\/\/macabro.mx\/wp-content\/uploads\/2024\/12\/A-Heranca-editadas-1-de-1-3-700x393.jpg 700w, https:\/\/macabro.mx\/wp-content\/uploads\/2024\/12\/A-Heranca-editadas-1-de-1-3-250x140.jpg 250w, https:\/\/macabro.mx\/wp-content\/uploads\/2024\/12\/A-Heranca-editadas-1-de-1-3-768x432.jpg 768w, https:\/\/macabro.mx\/wp-content\/uploads\/2024\/12\/A-Heranca-editadas-1-de-1-3-1536x863.jpg 1536w, https:\/\/macabro.mx\/wp-content\/uploads\/2024\/12\/A-Heranca-editadas-1-de-1-3-2048x1151.jpg 2048w, https:\/\/macabro.mx\/wp-content\/uploads\/2024\/12\/A-Heranca-editadas-1-de-1-3-120x67.jpg 120w, https:\/\/macabro.mx\/wp-content\/uploads\/2024\/12\/A-Heranca-editadas-1-de-1-3-200x112.jpg 200w\" sizes=\"auto, (max-width: 479px) 100vw, 479px\" \/> \u00a0<img loading=\"lazy\" decoding=\"async\" class=\"alignnone wp-image-6743\" src=\"https:\/\/macabro.mx\/wp-content\/uploads\/2024\/12\/MG_7669-700x467.jpg\" alt=\"\" width=\"404\" height=\"269\" srcset=\"https:\/\/macabro.mx\/wp-content\/uploads\/2024\/12\/MG_7669-700x467.jpg 700w, https:\/\/macabro.mx\/wp-content\/uploads\/2024\/12\/MG_7669-250x167.jpg 250w, https:\/\/macabro.mx\/wp-content\/uploads\/2024\/12\/MG_7669-768x512.jpg 768w, https:\/\/macabro.mx\/wp-content\/uploads\/2024\/12\/MG_7669-1536x1024.jpg 1536w, https:\/\/macabro.mx\/wp-content\/uploads\/2024\/12\/MG_7669-120x80.jpg 120w, https:\/\/macabro.mx\/wp-content\/uploads\/2024\/12\/MG_7669-195x130.jpg 195w, https:\/\/macabro.mx\/wp-content\/uploads\/2024\/12\/MG_7669.jpg 1920w\" sizes=\"auto, (max-width: 404px) 100vw, 404px\" \/><\/p>\n<p style=\"text-align: center;\"><img loading=\"lazy\" decoding=\"async\" class=\"alignnone wp-image-6741\" src=\"https:\/\/macabro.mx\/wp-content\/uploads\/2024\/12\/MG_6809-700x467.jpg\" alt=\"\" width=\"444\" height=\"296\" srcset=\"https:\/\/macabro.mx\/wp-content\/uploads\/2024\/12\/MG_6809-700x467.jpg 700w, https:\/\/macabro.mx\/wp-content\/uploads\/2024\/12\/MG_6809-250x167.jpg 250w, https:\/\/macabro.mx\/wp-content\/uploads\/2024\/12\/MG_6809-768x512.jpg 768w, https:\/\/macabro.mx\/wp-content\/uploads\/2024\/12\/MG_6809-1536x1024.jpg 1536w, https:\/\/macabro.mx\/wp-content\/uploads\/2024\/12\/MG_6809-120x80.jpg 120w, https:\/\/macabro.mx\/wp-content\/uploads\/2024\/12\/MG_6809-195x130.jpg 195w, https:\/\/macabro.mx\/wp-content\/uploads\/2024\/12\/MG_6809.jpg 1920w\" sizes=\"auto, (max-width: 444px) 100vw, 444px\" \/> \u00a0 <img loading=\"lazy\" decoding=\"async\" class=\"alignnone wp-image-6742\" src=\"https:\/\/macabro.mx\/wp-content\/uploads\/2024\/12\/IMG-20240824-WA0158-700x525.jpg\" alt=\"\" width=\"393\" height=\"295\" srcset=\"https:\/\/macabro.mx\/wp-content\/uploads\/2024\/12\/IMG-20240824-WA0158-700x525.jpg 700w, https:\/\/macabro.mx\/wp-content\/uploads\/2024\/12\/IMG-20240824-WA0158-250x188.jpg 250w, https:\/\/macabro.mx\/wp-content\/uploads\/2024\/12\/IMG-20240824-WA0158-768x576.jpg 768w, https:\/\/macabro.mx\/wp-content\/uploads\/2024\/12\/IMG-20240824-WA0158-1536x1152.jpg 1536w, https:\/\/macabro.mx\/wp-content\/uploads\/2024\/12\/IMG-20240824-WA0158-120x90.jpg 120w, https:\/\/macabro.mx\/wp-content\/uploads\/2024\/12\/IMG-20240824-WA0158-173x130.jpg 173w, https:\/\/macabro.mx\/wp-content\/uploads\/2024\/12\/IMG-20240824-WA0158.jpg 1600w\" sizes=\"auto, (max-width: 393px) 100vw, 393px\" \/><\/p>\n<p><strong>ACTIVIDADES DE INDUSTRIA<\/strong><\/p>\n<p>PRESENTACI\u00d3N IV FORO DE COPRODUCCI\u00d3N IBEROAMERICANA DE PROYECTOS DE TERROR Y FANT\u00c1STICO<\/p>\n<p>Organizado desde 2021 por\u00a0el Festival\u00a0<a href=\"http:\/\/www.molinsfilmfestival.com\/\">TerrorMolins<\/a>\u00a0junto a las asociaciones de productoras independientes\u00a0<a href=\"https:\/\/www.facebook.com\/apimacine\/\">APIMA<\/a>\u00a0(Argentina) y\u00a0<a href=\"https:\/\/pac.cat\/\">PAC<\/a>\u00a0(Espa\u00f1a), sum\u00e1ndose este a\u00f1o 2024 tambi\u00e9n la colaboraci\u00f3n de\u00a0<a href=\"https:\/\/macabro.mx\/en\/\">Macabro FICH<\/a>\u00a0and\u00a0<a href=\"https:\/\/fantasolab.com\/\">FantasoLab<\/a>, el Foro de Coproducci\u00f3n Iberoamericana de Proyectos de Terror y Fant\u00e1stico es un encuentro creado por y para productoras independientes, cuyo objetivo es fomentar una red que permita compartir experiencias y conocimientos, avalar proyectos en desarrollo y generar coproducciones entre pa\u00edses de \u00e1mbito iberoamericano.<\/p>\n<p>Organizado online, se compone de diferentes charlas y casos de estudio, as\u00ed como de un evento de Pitching en el que una selecci\u00f3n de proyectos, especialmente seleccionados por su potencial e inter\u00e9s como coproducci\u00f3n internacional, son presentados a las empresas de los pa\u00edses participantes.<\/p>\n<p>Enlace de la presentaci\u00f3n del 4to foro de coproducci\u00f3n: <a href=\"https:\/\/www.youtube.com\/live\/a94iv91Jviw?si=-RXxPQktnsEFZVxe\">https:\/\/www.youtube.com\/live\/a94iv91Jviw?si=-RXxPQktnsEFZVxe<\/a><\/p>\n<p><img loading=\"lazy\" decoding=\"async\" width=\"700\" height=\"458\" class=\"alignnone size-large wp-image-6728 aligncenter\" src=\"https:\/\/macabro.mx\/wp-content\/uploads\/2024\/12\/Presentacion-foro-de-coproduccion-700x458.jpg\" alt=\"\" srcset=\"https:\/\/macabro.mx\/wp-content\/uploads\/2024\/12\/Presentacion-foro-de-coproduccion-700x458.jpg 700w, https:\/\/macabro.mx\/wp-content\/uploads\/2024\/12\/Presentacion-foro-de-coproduccion-250x163.jpg 250w, https:\/\/macabro.mx\/wp-content\/uploads\/2024\/12\/Presentacion-foro-de-coproduccion-768x502.jpg 768w, https:\/\/macabro.mx\/wp-content\/uploads\/2024\/12\/Presentacion-foro-de-coproduccion-120x78.jpg 120w, https:\/\/macabro.mx\/wp-content\/uploads\/2024\/12\/Presentacion-foro-de-coproduccion-200x130.jpg 200w, https:\/\/macabro.mx\/wp-content\/uploads\/2024\/12\/Presentacion-foro-de-coproduccion.jpg 918w\" sizes=\"auto, (max-width: 700px) 100vw, 700px\" \/><\/p>\n<p>CONCURSO DE GUION CREEPY VAN FILMS &#8211; MACABRO<\/p>\n<p>Este a\u00f1o Macabro lanz\u00f3 en colaboraci\u00f3n con Creepy Van Films el concurso de guion Creepy Van Films \u2013 Macabro, que premiar\u00e1 tres guiones de origen mexicano con la posibilidad de ser adquiridos y producidos por la productora radicada en Miami.<\/p>\n<p>Las bases de la convocatoria se pueden consultar aqu\u00ed: https:\/\/macabro.mx\/2024\/concurso-guion\/<\/p>\n<p><img loading=\"lazy\" decoding=\"async\" width=\"700\" height=\"393\" class=\"alignnone size-large wp-image-6725 aligncenter\" src=\"https:\/\/macabro.mx\/wp-content\/uploads\/2024\/12\/Fac-del-Cine-1-de-1-7-700x393.jpg\" alt=\"\" srcset=\"https:\/\/macabro.mx\/wp-content\/uploads\/2024\/12\/Fac-del-Cine-1-de-1-7-700x393.jpg 700w, https:\/\/macabro.mx\/wp-content\/uploads\/2024\/12\/Fac-del-Cine-1-de-1-7-250x140.jpg 250w, https:\/\/macabro.mx\/wp-content\/uploads\/2024\/12\/Fac-del-Cine-1-de-1-7-768x432.jpg 768w, https:\/\/macabro.mx\/wp-content\/uploads\/2024\/12\/Fac-del-Cine-1-de-1-7-1536x863.jpg 1536w, https:\/\/macabro.mx\/wp-content\/uploads\/2024\/12\/Fac-del-Cine-1-de-1-7-2048x1151.jpg 2048w, https:\/\/macabro.mx\/wp-content\/uploads\/2024\/12\/Fac-del-Cine-1-de-1-7-120x67.jpg 120w, https:\/\/macabro.mx\/wp-content\/uploads\/2024\/12\/Fac-del-Cine-1-de-1-7-200x112.jpg 200w\" sizes=\"auto, (max-width: 700px) 100vw, 700px\" \/><\/p>\n<p>MACABRO LAB: CHARLAS Y CONVERSATORIOS<\/p>\n<p>Macabro present\u00f3 tambi\u00e9n una charla en torno a la animaci\u00f3n en M\u00e9xico con la participaci\u00f3n de distintos animadores mexicanos.<\/p>\n<p><a href=\"https:\/\/macabro.mx\/en\/2024\/evento_especial\/animacabro-la-animacion-en-mexico\/\">https:\/\/macabro.mx\/2024\/evento_especial\/animacabro-la-animacion-en-mexico\/<\/a><\/p>\n<p><img loading=\"lazy\" decoding=\"async\" width=\"600\" height=\"200\" class=\"alignnone size-full wp-image-6729 aligncenter\" src=\"https:\/\/macabro.mx\/wp-content\/uploads\/2024\/12\/charla_1-1.jpg\" alt=\"\" srcset=\"https:\/\/macabro.mx\/wp-content\/uploads\/2024\/12\/charla_1-1.jpg 600w, https:\/\/macabro.mx\/wp-content\/uploads\/2024\/12\/charla_1-1-250x83.jpg 250w, https:\/\/macabro.mx\/wp-content\/uploads\/2024\/12\/charla_1-1-120x40.jpg 120w, https:\/\/macabro.mx\/wp-content\/uploads\/2024\/12\/charla_1-1-200x67.jpg 200w\" sizes=\"auto, (max-width: 600px) 100vw, 600px\" \/><\/p>\n<p style=\"text-align: center;\"><strong>NUMERALIA MACABRO XXIII<\/strong><\/p>\n<p style=\"text-align: center;\">Pel\u00edculas en exhibici\u00f3n: 138<br \/>\nFunciones: 112<br \/>\nLargometrajes: 51<br \/>\nEstrenos nacionales: 25<br \/>\nEstrenos latinoamericanos\/norteamericanos: 6<br \/>\nEstrenos mundiales\/internacionales: 5<br \/>\nCortometrajes: 87<br \/>\nPa\u00edses: 35<br \/>\nInstituciones: 8<br \/>\nPatrocinadores y aliados: 23<br \/>\nMedios Aliados: 8<br \/>\nSedes: 19<br \/>\nSedes Procine: 11<br \/>\nSedes en otros estados: 4<br \/>\nPlataformas: 1<br \/>\nAudiencia en sedes CDMX, Puebla y streaming: 20,690<br \/>\nAudiencia en streaming: 6333<br \/>\nInvitados: 40<br \/>\nNotas de prensa: 162<br \/>\nMenciones en redes sociales: 971<br \/>\nSeguidores Facebook: 476,148<br \/>\nSeguidores X (Twitter): 31,413<br \/>\nSeguidores Instagram: 23,444<br \/>\nSeguidores YouTube: 2,830<br \/>\nSeguidores Tik Tok: 705<\/p>\n<p><strong>SEDES EN OTROS ESTADOS<\/strong><\/p>\n<p>MACABRO PUEBLA<\/p>\n<p>Del 3 al 7 de septiembre, Macabro present\u00f3 por segundo a\u00f1o consecutivo una selecci\u00f3n de su programaci\u00f3n de este a\u00f1o en diversas sedes en la ciudad de Puebla, entre las cuales se encontraron el Teatro de la Ciudad, la Cinemateca Luis Bu\u00f1uel, el Centro Cultural MUSA y Cine Inminente en Tehuac\u00e1n. Tuvimos como invitado especial a Pedro Rivero, quien adem\u00e1s de presentar dos de sus largometrajes, tuvo una charla con los estudiantes de la UDLAP.<\/p>\n<p style=\"text-align: center;\"><img loading=\"lazy\" decoding=\"async\" class=\"alignnone wp-image-6747\" src=\"https:\/\/macabro.mx\/wp-content\/uploads\/2024\/12\/IMG_0274-700x525.jpg\" alt=\"\" width=\"402\" height=\"301\" srcset=\"https:\/\/macabro.mx\/wp-content\/uploads\/2024\/12\/IMG_0274-700x525.jpg 700w, https:\/\/macabro.mx\/wp-content\/uploads\/2024\/12\/IMG_0274-250x188.jpg 250w, https:\/\/macabro.mx\/wp-content\/uploads\/2024\/12\/IMG_0274-768x576.jpg 768w, https:\/\/macabro.mx\/wp-content\/uploads\/2024\/12\/IMG_0274-1536x1152.jpg 1536w, https:\/\/macabro.mx\/wp-content\/uploads\/2024\/12\/IMG_0274-120x90.jpg 120w, https:\/\/macabro.mx\/wp-content\/uploads\/2024\/12\/IMG_0274-173x130.jpg 173w, https:\/\/macabro.mx\/wp-content\/uploads\/2024\/12\/IMG_0274-rotated.jpg 2016w\" sizes=\"auto, (max-width: 402px) 100vw, 402px\" \/> \u00a0<img loading=\"lazy\" decoding=\"async\" class=\"alignnone wp-image-6748\" src=\"https:\/\/macabro.mx\/wp-content\/uploads\/2024\/12\/IMG_0336-700x525.jpg\" alt=\"\" width=\"400\" height=\"300\" srcset=\"https:\/\/macabro.mx\/wp-content\/uploads\/2024\/12\/IMG_0336-700x525.jpg 700w, https:\/\/macabro.mx\/wp-content\/uploads\/2024\/12\/IMG_0336-250x188.jpg 250w, https:\/\/macabro.mx\/wp-content\/uploads\/2024\/12\/IMG_0336-768x576.jpg 768w, https:\/\/macabro.mx\/wp-content\/uploads\/2024\/12\/IMG_0336-1536x1152.jpg 1536w, https:\/\/macabro.mx\/wp-content\/uploads\/2024\/12\/IMG_0336-120x90.jpg 120w, https:\/\/macabro.mx\/wp-content\/uploads\/2024\/12\/IMG_0336-173x130.jpg 173w, https:\/\/macabro.mx\/wp-content\/uploads\/2024\/12\/IMG_0336.jpg 2016w\" sizes=\"auto, (max-width: 400px) 100vw, 400px\" \/><\/p>\n<p>MACABRO TIJUANA<\/p>\n<p>Macabro present\u00f3 una primera edici\u00f3n del festival en la sala Carlos Monsiv\u00e1is del Centro Cultural Tijuana en la ciudad de Tijuana. Con una programaci\u00f3n compuesta por seis pel\u00edculas representativas de la programaci\u00f3n de este a\u00f1o, incluyendo pel\u00edculas ganadoras, cl\u00e1sicos y cine mexicano contempor\u00e1neo.<\/p>\n<p style=\"text-align: center;\"><img loading=\"lazy\" decoding=\"async\" class=\"alignnone wp-image-6749\" src=\"https:\/\/macabro.mx\/wp-content\/uploads\/2024\/12\/IMG_0884-700x525.jpeg\" alt=\"\" width=\"399\" height=\"299\" srcset=\"https:\/\/macabro.mx\/wp-content\/uploads\/2024\/12\/IMG_0884-700x525.jpeg 700w, https:\/\/macabro.mx\/wp-content\/uploads\/2024\/12\/IMG_0884-250x188.jpeg 250w, https:\/\/macabro.mx\/wp-content\/uploads\/2024\/12\/IMG_0884-768x576.jpeg 768w, https:\/\/macabro.mx\/wp-content\/uploads\/2024\/12\/IMG_0884-1536x1152.jpeg 1536w, https:\/\/macabro.mx\/wp-content\/uploads\/2024\/12\/IMG_0884-120x90.jpeg 120w, https:\/\/macabro.mx\/wp-content\/uploads\/2024\/12\/IMG_0884-173x130.jpeg 173w, https:\/\/macabro.mx\/wp-content\/uploads\/2024\/12\/IMG_0884.jpeg 2048w\" sizes=\"auto, (max-width: 399px) 100vw, 399px\" \/> \u00a0 <img loading=\"lazy\" decoding=\"async\" class=\"alignnone wp-image-6750\" src=\"https:\/\/macabro.mx\/wp-content\/uploads\/2024\/12\/IMG_0885-700x525.jpeg\" alt=\"\" width=\"399\" height=\"299\" srcset=\"https:\/\/macabro.mx\/wp-content\/uploads\/2024\/12\/IMG_0885-700x525.jpeg 700w, https:\/\/macabro.mx\/wp-content\/uploads\/2024\/12\/IMG_0885-250x188.jpeg 250w, https:\/\/macabro.mx\/wp-content\/uploads\/2024\/12\/IMG_0885-768x576.jpeg 768w, https:\/\/macabro.mx\/wp-content\/uploads\/2024\/12\/IMG_0885-1536x1152.jpeg 1536w, https:\/\/macabro.mx\/wp-content\/uploads\/2024\/12\/IMG_0885-120x90.jpeg 120w, https:\/\/macabro.mx\/wp-content\/uploads\/2024\/12\/IMG_0885-173x130.jpeg 173w, https:\/\/macabro.mx\/wp-content\/uploads\/2024\/12\/IMG_0885.jpeg 2048w\" sizes=\"auto, (max-width: 399px) 100vw, 399px\" \/><\/p>\n<p><strong>MACABRO UNIVERSITARIO<\/strong><\/p>\n<p>Presentamos la primera edici\u00f3n de Macabro Universitario, en el cual, el festival tuvo presencia en la FES Acatl\u00e1n, el Centro Cultural &#8220;Jaime Torres Bodet&#8221; del IPN y el cineclub de la Universidad de Guanajuato, presentando una programaci\u00f3n conformada de cortometrajes internacionales y una fuerte presencia del M\u00e9xico Macabro.<\/p>\n<p>A\u00fan cuando Macabro ha mantenido una relaci\u00f3n continua con universidades, esta ha ido en aumento con el paso de las ediciones y este a\u00f1o se busca consolidar un tour universitario que llegue a distintas universidades no solo de la Ciudad de M\u00e9xico y el \u00e1rea metropolitana, sino a otros estados m\u00e1s lejanos con la finalidad de difundir, formar, informar e involucrar a la comunidad estudiantil universitaria en el universo del cine fant\u00e1stico y de terror, principalmente el producido en M\u00e9xico y Latinoam\u00e9rica.<\/p>\n<p style=\"text-align: center;\"><img loading=\"lazy\" decoding=\"async\" class=\"alignnone wp-image-6752\" src=\"https:\/\/macabro.mx\/wp-content\/uploads\/2024\/12\/IMG_1822-700x466.jpg\" alt=\"\" width=\"406\" height=\"270\" srcset=\"https:\/\/macabro.mx\/wp-content\/uploads\/2024\/12\/IMG_1822-700x466.jpg 700w, https:\/\/macabro.mx\/wp-content\/uploads\/2024\/12\/IMG_1822-250x167.jpg 250w, https:\/\/macabro.mx\/wp-content\/uploads\/2024\/12\/IMG_1822-768x512.jpg 768w, https:\/\/macabro.mx\/wp-content\/uploads\/2024\/12\/IMG_1822-120x80.jpg 120w, https:\/\/macabro.mx\/wp-content\/uploads\/2024\/12\/IMG_1822-195x130.jpg 195w, https:\/\/macabro.mx\/wp-content\/uploads\/2024\/12\/IMG_1822.jpg 800w\" sizes=\"auto, (max-width: 406px) 100vw, 406px\" \/>\u00a0 \u00a0\u00a0 <img loading=\"lazy\" decoding=\"async\" class=\"alignnone wp-image-6751\" src=\"https:\/\/macabro.mx\/wp-content\/uploads\/2024\/12\/IMG_1821-700x525.jpg\" alt=\"\" width=\"363\" height=\"272\" srcset=\"https:\/\/macabro.mx\/wp-content\/uploads\/2024\/12\/IMG_1821-700x525.jpg 700w, https:\/\/macabro.mx\/wp-content\/uploads\/2024\/12\/IMG_1821-250x188.jpg 250w, https:\/\/macabro.mx\/wp-content\/uploads\/2024\/12\/IMG_1821-768x576.jpg 768w, https:\/\/macabro.mx\/wp-content\/uploads\/2024\/12\/IMG_1821-1536x1152.jpg 1536w, https:\/\/macabro.mx\/wp-content\/uploads\/2024\/12\/IMG_1821-120x90.jpg 120w, https:\/\/macabro.mx\/wp-content\/uploads\/2024\/12\/IMG_1821-173x130.jpg 173w, https:\/\/macabro.mx\/wp-content\/uploads\/2024\/12\/IMG_1821.jpg 2048w\" sizes=\"auto, (max-width: 363px) 100vw, 363px\" \/><\/p>\n<p style=\"text-align: center;\"><img loading=\"lazy\" decoding=\"async\" class=\"alignnone wp-image-6753\" src=\"https:\/\/macabro.mx\/wp-content\/uploads\/2024\/12\/IMG_0685-700x525.jpeg\" alt=\"\" width=\"393\" height=\"295\" srcset=\"https:\/\/macabro.mx\/wp-content\/uploads\/2024\/12\/IMG_0685-700x525.jpeg 700w, https:\/\/macabro.mx\/wp-content\/uploads\/2024\/12\/IMG_0685-250x188.jpeg 250w, https:\/\/macabro.mx\/wp-content\/uploads\/2024\/12\/IMG_0685-768x576.jpeg 768w, https:\/\/macabro.mx\/wp-content\/uploads\/2024\/12\/IMG_0685-1536x1152.jpeg 1536w, https:\/\/macabro.mx\/wp-content\/uploads\/2024\/12\/IMG_0685-120x90.jpeg 120w, https:\/\/macabro.mx\/wp-content\/uploads\/2024\/12\/IMG_0685-173x130.jpeg 173w, https:\/\/macabro.mx\/wp-content\/uploads\/2024\/12\/IMG_0685.jpeg 2048w\" sizes=\"auto, (max-width: 393px) 100vw, 393px\" \/> \u00a0 <img loading=\"lazy\" decoding=\"async\" class=\"alignnone wp-image-6754\" src=\"https:\/\/macabro.mx\/wp-content\/uploads\/2024\/12\/IMG_0686-700x525.jpeg\" alt=\"\" width=\"391\" height=\"293\" srcset=\"https:\/\/macabro.mx\/wp-content\/uploads\/2024\/12\/IMG_0686-700x525.jpeg 700w, https:\/\/macabro.mx\/wp-content\/uploads\/2024\/12\/IMG_0686-250x188.jpeg 250w, https:\/\/macabro.mx\/wp-content\/uploads\/2024\/12\/IMG_0686-768x576.jpeg 768w, https:\/\/macabro.mx\/wp-content\/uploads\/2024\/12\/IMG_0686-1536x1152.jpeg 1536w, https:\/\/macabro.mx\/wp-content\/uploads\/2024\/12\/IMG_0686-120x90.jpeg 120w, https:\/\/macabro.mx\/wp-content\/uploads\/2024\/12\/IMG_0686-173x130.jpeg 173w, https:\/\/macabro.mx\/wp-content\/uploads\/2024\/12\/IMG_0686.jpeg 2048w\" sizes=\"auto, (max-width: 391px) 100vw, 391px\" \/><\/p>\n<p><strong>PRESENCIA INTERNACIONAL<\/strong><\/p>\n<p>Macabro entiende las alianzas como oportunidades para expandir la promoci\u00f3n y producci\u00f3n del g\u00e9nero en M\u00e9xico y el mundo. Este a\u00f1o mantendremos nuestras colaboraciones en eventos, lugares y pa\u00edses tales como: Fantaspoa: Festival Internacional de cine fant\u00e1stico de Porto Alegre (Brasil), Caostica (Espa\u00f1a) y los integrantes de la Alianza de cine fant\u00e1stico de Latinoam\u00e9rica.<\/p>\n<p>Destacamos la participaci\u00f3n que se tuvoen el espacio FISHING FESTIVALS de la 22 edici\u00f3n de Bogoshorts en Colombia.<\/p>\n<p>As\u00ed mismo, es participante activo en el mercado de cine de g\u00e9nero Blood Window, el cual se celebra en el marco de Ventana Sur, en Argentina.<\/p>\n<p><img loading=\"lazy\" decoding=\"async\" class=\"alignnone wp-image-6756 aligncenter\" src=\"https:\/\/macabro.mx\/wp-content\/uploads\/2024\/12\/WhatsApp-Image-2024-12-18-at-18.23.39_944a4ec6-700x525.jpg\" alt=\"\" width=\"469\" height=\"352\" srcset=\"https:\/\/macabro.mx\/wp-content\/uploads\/2024\/12\/WhatsApp-Image-2024-12-18-at-18.23.39_944a4ec6-700x525.jpg 700w, https:\/\/macabro.mx\/wp-content\/uploads\/2024\/12\/WhatsApp-Image-2024-12-18-at-18.23.39_944a4ec6-250x188.jpg 250w, https:\/\/macabro.mx\/wp-content\/uploads\/2024\/12\/WhatsApp-Image-2024-12-18-at-18.23.39_944a4ec6-768x576.jpg 768w, https:\/\/macabro.mx\/wp-content\/uploads\/2024\/12\/WhatsApp-Image-2024-12-18-at-18.23.39_944a4ec6-120x90.jpg 120w, https:\/\/macabro.mx\/wp-content\/uploads\/2024\/12\/WhatsApp-Image-2024-12-18-at-18.23.39_944a4ec6-173x130.jpg 173w, https:\/\/macabro.mx\/wp-content\/uploads\/2024\/12\/WhatsApp-Image-2024-12-18-at-18.23.39_944a4ec6.jpg 1280w\" sizes=\"auto, (max-width: 469px) 100vw, 469px\" \/><\/p>\n<p>&nbsp;<\/p>\n<p><strong>PRESENCIA EN OTRAS CIUDADES Y ESTADOS<\/strong><\/p>\n<p>El a\u00f1o pasado, nuestro tour pudo llegar a los siguientes estados: CINEFILIA Cinemateca Luis Bu\u00f1uel (Puebla), Aurora, Festival Internacional de Cine de Horror de Guanajuato y Cinetekton (Puebla).<\/p>\n<p>As\u00ed mismo, 2023 fue el a\u00f1o en que Macabro se ali\u00f3 con CEDECINE (Red de Cineclubes) para la exhibici\u00f3n de Rojo Profundo (Dario Argento) en 20 cineclubes de la Republica Mexicana. De esta manera, contin\u00faa con su labor de descentralizar sus actividades y difundir el cine de g\u00e9nero entre distintos p\u00fablicos.<\/p>\n<p><strong>MACABRO NOCTURNO<\/strong><\/p>\n<p>Macabro Nocturno es un proyecto de Macabro en alianza con La Casa del Cine Mx que presenta en una funci\u00f3n mensual, desde febrero de 2015, de cl\u00e1sicos del g\u00e9nero y parte del acervo f\u00edlmico del festival desde su fundaci\u00f3n en 2002. Despu\u00e9s de una pausa de un a\u00f1o por la pandemia, en septiembre de 2021 retomamos actividades.<\/p>\n<p><img loading=\"lazy\" decoding=\"async\" class=\"alignnone wp-image-6758 aligncenter\" src=\"https:\/\/macabro.mx\/wp-content\/uploads\/2024\/12\/MG_8407-700x467.jpg\" alt=\"\" width=\"453\" height=\"302\" srcset=\"https:\/\/macabro.mx\/wp-content\/uploads\/2024\/12\/MG_8407-700x467.jpg 700w, https:\/\/macabro.mx\/wp-content\/uploads\/2024\/12\/MG_8407-250x167.jpg 250w, https:\/\/macabro.mx\/wp-content\/uploads\/2024\/12\/MG_8407-768x512.jpg 768w, https:\/\/macabro.mx\/wp-content\/uploads\/2024\/12\/MG_8407-1536x1024.jpg 1536w, https:\/\/macabro.mx\/wp-content\/uploads\/2024\/12\/MG_8407-120x80.jpg 120w, https:\/\/macabro.mx\/wp-content\/uploads\/2024\/12\/MG_8407-195x130.jpg 195w, https:\/\/macabro.mx\/wp-content\/uploads\/2024\/12\/MG_8407.jpg 1920w\" sizes=\"auto, (max-width: 453px) 100vw, 453px\" \/><\/p>\n<p><strong>MACABRO PRESENTA<\/strong><\/p>\n<p>Como parte de su propuesta de exhibici\u00f3n anual continua de cine de g\u00e9nero, Macabro ha establecido el sello Macabro Presenta para exhibir estrenos y cl\u00e1sicos del g\u00e9nero en distintos espacios, teniendo como sala principal a la Cineteca Nacional.<\/p>\n<p><strong>SESIONES DEL MACABRO<\/strong><\/p>\n<p>Desde la edici\u00f3n 2021 de Macabro, presentamos nuestro podcast, el cual se centra en el cine de horror tanto nacional como mundial, adem\u00e1s de presentar entrevistas con los protagonistas del g\u00e9nero.<\/p>\n<p><strong>MACABRO COVEN<\/strong><\/p>\n<p>Este espacio naci\u00f3 en 2020 con la misi\u00f3n de dar visibilidad al trabajo de directoras, productoras, guionistas, actrices, t\u00e9cnicas, promotoras, gestoras, escritoras y creativas que desarrollan su labor en torno al cine de terror. Macabro es un festival que se hace por mujeres y hombres emp\u00e1ticos, conscientes de los problemas sociales que suceden en M\u00e9xico y el mundo. Esta \u00a0es una propuesta positiva e inclusiva que busca aportar su plataforma para mejorar la posici\u00f3n de la mujer en el mundo del cine. La labor de Macabro Coven tambi\u00e9n se ha visto reflejada en las \u201cCharlas del Coven\u201d que presentan conversaciones con mujeres creadoras de terror a trav\u00e9s del canal de Instagram: IG @macabrocoven<\/p>\n<p>En el mes de marzo lanzaremos la tercera convocatoria de producci\u00f3n y la primera de postproducci\u00f3n para cortometraje de horror dirigido por mujeres.<\/p>\n<p><strong>MACABRO LAB<\/strong><\/p>\n<p>Macabro Lab naci\u00f3 en 2014 como una iniciativa propia en alianza con Nuevas Resonancias y la Sociedad Mexicana de Directores y Realizadores de Obras Audiovisuales con el apoyo del IMCINE. En las dos ediciones iniciales (2014 y 2015), se produjo bajo un nuevo esquema que buscaba acercar a la comunidad de nuevos realizadores, productores y guionistas a la plataforma de formaci\u00f3n, perfeccionamiento y desarrollo de obras de g\u00e9nero. Con el objetivo de relanzar este proyecto, en 2019 naci\u00f3 el seminario de cine de horror de Macabro Lab, el cual se imparti\u00f3 durante 3 d\u00edas consecutivos, por reconocidos cineastas y especialistas en el circuito de cine de g\u00e9nero a nivel nacional e internacional. Las sesiones tuvieron como sede la Facultad de Cine y se impartieronn paralelas a la decimoctava edici\u00f3n de Macabro Fich.<\/p>\n<p>En 2020 se dio continuidad al Seminario de Cine de Horror, enfoc\u00e1ndose en las \u00e1reas de guionismo, realizaci\u00f3n, producci\u00f3n y pitching de proyectos. Las sesiones nuevamente fueron impartidas en formato online con el apoyo de la Facultad de Cine durante 3 d\u00edas consecutivos en el mes de septiembre, por reconocidos cineastas y especialistas en el circuito de cine de g\u00e9nero a nivel nacional e internacional.<\/p>\n<p>En 2023, Macabro Lab ofreci\u00f3 un taller de desarrollo de proyectos titulado \u201cDel guion a la pantalla\u201d impartido en dos d\u00edas por el cineasta y guionista argentino, Fabi\u00e1n Forte.<\/p>\n<p><img loading=\"lazy\" decoding=\"async\" class=\"wp-image-6757 aligncenter\" src=\"https:\/\/macabro.mx\/wp-content\/uploads\/2024\/12\/MG_6869-700x467.jpg\" alt=\"\" width=\"454\" height=\"303\" srcset=\"https:\/\/macabro.mx\/wp-content\/uploads\/2024\/12\/MG_6869-700x467.jpg 700w, https:\/\/macabro.mx\/wp-content\/uploads\/2024\/12\/MG_6869-250x167.jpg 250w, https:\/\/macabro.mx\/wp-content\/uploads\/2024\/12\/MG_6869-768x512.jpg 768w, https:\/\/macabro.mx\/wp-content\/uploads\/2024\/12\/MG_6869-1536x1024.jpg 1536w, https:\/\/macabro.mx\/wp-content\/uploads\/2024\/12\/MG_6869-120x80.jpg 120w, https:\/\/macabro.mx\/wp-content\/uploads\/2024\/12\/MG_6869-195x130.jpg 195w, https:\/\/macabro.mx\/wp-content\/uploads\/2024\/12\/MG_6869.jpg 1920w\" sizes=\"auto, (max-width: 454px) 100vw, 454px\" \/><\/p>\n<p><b>CINDIE MACABRO<\/b><\/p>\n<p>Continuamos nuestra alianza con CINDIE, plataforma especializada en cine independiente del mundo para crear el canal CINDIE MACABRO el cual se abri\u00f3 con el objetivo de exhibir en streaming una colecci\u00f3n de pel\u00edculas de terror latinoamericano. La colaboraci\u00f3n es de \u00edndole comercial y tiene un alcance a nivel Latinoam\u00e9rica.<\/p>\n<p><strong>SUSTENTABILIDAD Y COMPROMISO AMBIENTAL<\/strong><\/p>\n<p>En t\u00e9rminos de sostenibilidad medioambiental, Macabro como festival ha buscado generar una conciencia entre su equipo de trabajo, voluntarios y p\u00fablico al implementar estrategias en las que se valore la justicia, la paz, el cuidado del agua, el ahorro en la utilizaci\u00f3n de papel y pl\u00e1stico; el cuidado de la salud de equipo y p\u00fablico asistente al evento; el respeto a los ecosistemas; el ahorro de energ\u00eda y la pr\u00e1ctica de reciclaje.<\/p>\n<p>En t\u00e9rminos de sostenibilidad econ\u00f3mica se promueve la responsabilidad en los gastos e inversiones, se valora el desarrollo adecuado y la satisfacci\u00f3n de las necesidades b\u00e1sicas; se impulsa el apoyo a la econom\u00eda local; se valora el trabajo voluntario y no remunerado; se reconoce que el est\u00e1ndar de vida de una comunidad se encuentra vinculado a las contribuciones de las personas de \u00e1reas vecinas, dentro y fuera del pa\u00eds.<\/p>\n<p><img loading=\"lazy\" decoding=\"async\" width=\"700\" height=\"340\" class=\"alignnone size-large wp-image-6759 aligncenter\" src=\"https:\/\/macabro.mx\/wp-content\/uploads\/2024\/12\/EquipoMacabro23-1-de-1-9-700x340.jpg\" alt=\"\" srcset=\"https:\/\/macabro.mx\/wp-content\/uploads\/2024\/12\/EquipoMacabro23-1-de-1-9-700x340.jpg 700w, https:\/\/macabro.mx\/wp-content\/uploads\/2024\/12\/EquipoMacabro23-1-de-1-9-250x121.jpg 250w, https:\/\/macabro.mx\/wp-content\/uploads\/2024\/12\/EquipoMacabro23-1-de-1-9-768x373.jpg 768w, https:\/\/macabro.mx\/wp-content\/uploads\/2024\/12\/EquipoMacabro23-1-de-1-9-1536x745.jpg 1536w, https:\/\/macabro.mx\/wp-content\/uploads\/2024\/12\/EquipoMacabro23-1-de-1-9-2048x994.jpg 2048w, https:\/\/macabro.mx\/wp-content\/uploads\/2024\/12\/EquipoMacabro23-1-de-1-9-120x58.jpg 120w, https:\/\/macabro.mx\/wp-content\/uploads\/2024\/12\/EquipoMacabro23-1-de-1-9-200x97.jpg 200w\" sizes=\"auto, (max-width: 700px) 100vw, 700px\" \/><\/p>\n<p>&nbsp;<\/p>\n<p><strong>NUESTROS ALIADOS<\/strong><\/p>\n<p><img loading=\"lazy\" decoding=\"async\" class=\"alignnone wp-image-6763 aligncenter\" src=\"https:\/\/macabro.mx\/wp-content\/uploads\/2024\/12\/Logotipos-700x494.jpg\" alt=\"\" width=\"823\" height=\"581\" srcset=\"https:\/\/macabro.mx\/wp-content\/uploads\/2024\/12\/Logotipos-700x494.jpg 700w, https:\/\/macabro.mx\/wp-content\/uploads\/2024\/12\/Logotipos-250x176.jpg 250w, https:\/\/macabro.mx\/wp-content\/uploads\/2024\/12\/Logotipos-768x542.jpg 768w, https:\/\/macabro.mx\/wp-content\/uploads\/2024\/12\/Logotipos-120x85.jpg 120w, https:\/\/macabro.mx\/wp-content\/uploads\/2024\/12\/Logotipos-184x130.jpg 184w, https:\/\/macabro.mx\/wp-content\/uploads\/2024\/12\/Logotipos.jpg 842w\" sizes=\"auto, (max-width: 823px) 100vw, 823px\" \/><\/p>","protected":false},"excerpt":{"rendered":"Macabro celebr\u00f3 su vig\u00e9simo tercera edici\u00f3n, del 22 de agosto al 1 de septiembre de 2024, como el primer y m\u00e1s grande festival de cine de g\u00e9nero en M\u00e9xico, as\u00ed como uno de los m\u00e1s importantes de su tipo en Latinoam\u00e9rica. Macabro Fest 2024 se llev\u00f3 a cabo durante once d\u00edas en una celebraci\u00f3n incluyente","protected":false},"author":2,"featured_media":6721,"comment_status":"open","ping_status":"open","sticky":false,"template":"","format":"standard","meta":{"_acf_changed":false,"footnotes":""},"categories":[2],"tags":[96,1528,432,224,128,416,193,1504,277,23,54,31,50],"festival_year":[],"class_list":["post-6719","post","type-post","status-publish","format-standard","has-post-thumbnail","hentry","category-diario-macabro","tag-horrorfilmfestivals","tag-1528","tag-centro-historico-cdmx","tag-cine-de-culto","tag-cine-de-horror","tag-cine-de-terror-mexicano","tag-festivales-de-cine","tag-macabro-2024","tag-macabro-cdmx","tag-macabro-fich","tag-macabro-film-festival","tag-macabro-nocturno","tag-streaming"],"acf":[],"yoast_head":"<!-- This site is optimized with the Yoast SEO plugin v27.2 - https:\/\/yoast.com\/product\/yoast-seo-wordpress\/ -->\n<title>Informe 2024: 12 meses de Macabro | Macabro<\/title>\n<meta name=\"robots\" content=\"index, follow, max-snippet:-1, max-image-preview:large, max-video-preview:-1\" \/>\n<link rel=\"canonical\" href=\"https:\/\/macabro.mx\/en\/informe-2024-12-meses-de-macabro\/\" \/>\n<meta property=\"og:locale\" content=\"en_US\" \/>\n<meta property=\"og:type\" content=\"article\" \/>\n<meta property=\"og:title\" content=\"Informe 2024: 12 meses de Macabro | Macabro\" \/>\n<meta property=\"og:description\" content=\"Macabro celebr\u00f3 su vig\u00e9simo tercera edici\u00f3n, del 22 de agosto al 1 de septiembre de 2024, como el primer y m\u00e1s grande festival de cine de g\u00e9nero en M\u00e9xico, as\u00ed como uno de los m\u00e1s importantes de su tipo en Latinoam\u00e9rica. Macabro Fest 2024 se llev\u00f3 a cabo durante once d\u00edas en una celebraci\u00f3n incluyente\" \/>\n<meta property=\"og:url\" content=\"https:\/\/macabro.mx\/en\/informe-2024-12-meses-de-macabro\/\" \/>\n<meta property=\"og:site_name\" content=\"Macabro\" \/>\n<meta property=\"article:publisher\" content=\"https:\/\/www.facebook.com\/MacabroFICH\" \/>\n<meta property=\"article:published_time\" content=\"2024-12-19T00:45:49+00:00\" \/>\n<meta property=\"article:modified_time\" content=\"2024-12-19T21:19:53+00:00\" \/>\n<meta property=\"og:image\" content=\"https:\/\/macabro.mx\/wp-content\/uploads\/2024\/12\/IMG-20240823-WA0015.jpg\" \/>\n\t<meta property=\"og:image:width\" content=\"1076\" \/>\n\t<meta property=\"og:image:height\" content=\"1600\" \/>\n\t<meta property=\"og:image:type\" content=\"image\/jpeg\" \/>\n<meta name=\"author\" content=\"Diario Macabro\" \/>\n<meta name=\"twitter:card\" content=\"summary_large_image\" \/>\n<meta name=\"twitter:creator\" content=\"@MacabroFICH\" \/>\n<meta name=\"twitter:site\" content=\"@MacabroFICH\" \/>\n<meta name=\"twitter:label1\" content=\"Written by\" \/>\n\t<meta name=\"twitter:data1\" content=\"Diario Macabro\" \/>\n\t<meta name=\"twitter:label2\" content=\"Est. reading time\" \/>\n\t<meta name=\"twitter:data2\" content=\"17 minutes\" \/>\n<script type=\"application\/ld+json\" class=\"yoast-schema-graph\">{\"@context\":\"https:\/\/schema.org\",\"@graph\":[{\"@type\":\"Article\",\"@id\":\"https:\/\/macabro.mx\/informe-2024-12-meses-de-macabro\/#article\",\"isPartOf\":{\"@id\":\"https:\/\/macabro.mx\/informe-2024-12-meses-de-macabro\/\"},\"author\":{\"name\":\"Diario Macabro\",\"@id\":\"https:\/\/macabro.mx\/#\/schema\/person\/cb1d7e57b8371a3558481dab1425691d\"},\"headline\":\"Informe 2024: 12 meses de Macabro\",\"datePublished\":\"2024-12-19T00:45:49+00:00\",\"dateModified\":\"2024-12-19T21:19:53+00:00\",\"mainEntityOfPage\":{\"@id\":\"https:\/\/macabro.mx\/informe-2024-12-meses-de-macabro\/\"},\"wordCount\":2243,\"commentCount\":0,\"publisher\":{\"@id\":\"https:\/\/macabro.mx\/#organization\"},\"image\":{\"@id\":\"https:\/\/macabro.mx\/informe-2024-12-meses-de-macabro\/#primaryimage\"},\"thumbnailUrl\":\"https:\/\/macabro.mx\/wp-content\/uploads\/2024\/12\/IMG-20240823-WA0015.jpg\",\"keywords\":[\"#HorrorFilmFestivals\",\"2024\",\"Centro Hist\u00f3rico CDMX\",\"cine de culto\",\"Cine de horror\",\"cine de terror mexicano\",\"Festivales de cine\",\"Macabro 2024\",\"Macabro CDMX\",\"Macabro FICH\",\"Macabro Film Festival\",\"Macabro Nocturno\",\"Streaming\"],\"articleSection\":[\"Diario Macabro\"],\"inLanguage\":\"en-US\",\"potentialAction\":[{\"@type\":\"CommentAction\",\"name\":\"Comment\",\"target\":[\"https:\/\/macabro.mx\/informe-2024-12-meses-de-macabro\/#respond\"]}]},{\"@type\":\"WebPage\",\"@id\":\"https:\/\/macabro.mx\/informe-2024-12-meses-de-macabro\/\",\"url\":\"https:\/\/macabro.mx\/informe-2024-12-meses-de-macabro\/\",\"name\":\"Informe 2024: 12 meses de Macabro | Macabro\",\"isPartOf\":{\"@id\":\"https:\/\/macabro.mx\/#website\"},\"primaryImageOfPage\":{\"@id\":\"https:\/\/macabro.mx\/informe-2024-12-meses-de-macabro\/#primaryimage\"},\"image\":{\"@id\":\"https:\/\/macabro.mx\/informe-2024-12-meses-de-macabro\/#primaryimage\"},\"thumbnailUrl\":\"https:\/\/macabro.mx\/wp-content\/uploads\/2024\/12\/IMG-20240823-WA0015.jpg\",\"datePublished\":\"2024-12-19T00:45:49+00:00\",\"dateModified\":\"2024-12-19T21:19:53+00:00\",\"breadcrumb\":{\"@id\":\"https:\/\/macabro.mx\/informe-2024-12-meses-de-macabro\/#breadcrumb\"},\"inLanguage\":\"en-US\",\"potentialAction\":[{\"@type\":\"ReadAction\",\"target\":[\"https:\/\/macabro.mx\/informe-2024-12-meses-de-macabro\/\"]}]},{\"@type\":\"ImageObject\",\"inLanguage\":\"en-US\",\"@id\":\"https:\/\/macabro.mx\/informe-2024-12-meses-de-macabro\/#primaryimage\",\"url\":\"https:\/\/macabro.mx\/wp-content\/uploads\/2024\/12\/IMG-20240823-WA0015.jpg\",\"contentUrl\":\"https:\/\/macabro.mx\/wp-content\/uploads\/2024\/12\/IMG-20240823-WA0015.jpg\",\"width\":1076,\"height\":1600},{\"@type\":\"BreadcrumbList\",\"@id\":\"https:\/\/macabro.mx\/informe-2024-12-meses-de-macabro\/#breadcrumb\",\"itemListElement\":[{\"@type\":\"ListItem\",\"position\":1,\"name\":\"Home\",\"item\":\"https:\/\/macabro.mx\/\"},{\"@type\":\"ListItem\",\"position\":2,\"name\":\"Diario Macabro\",\"item\":\"https:\/\/macabro.mx\/category\/diario-macabro\/\"},{\"@type\":\"ListItem\",\"position\":3,\"name\":\"Informe 2024: 12 meses de Macabro\"}]},{\"@type\":\"WebSite\",\"@id\":\"https:\/\/macabro.mx\/#website\",\"url\":\"https:\/\/macabro.mx\/\",\"name\":\"Macabro\",\"description\":\"Festival Internacional de Cine de Horror\",\"publisher\":{\"@id\":\"https:\/\/macabro.mx\/#organization\"},\"potentialAction\":[{\"@type\":\"SearchAction\",\"target\":{\"@type\":\"EntryPoint\",\"urlTemplate\":\"https:\/\/macabro.mx\/?s={search_term_string}\"},\"query-input\":{\"@type\":\"PropertyValueSpecification\",\"valueRequired\":true,\"valueName\":\"search_term_string\"}}],\"inLanguage\":\"en-US\"},{\"@type\":\"Organization\",\"@id\":\"https:\/\/macabro.mx\/#organization\",\"name\":\"Macabro Film Festival 2025\",\"url\":\"https:\/\/macabro.mx\/\",\"logo\":{\"@type\":\"ImageObject\",\"inLanguage\":\"en-US\",\"@id\":\"https:\/\/macabro.mx\/#\/schema\/logo\/image\/\",\"url\":\"https:\/\/macabro.mx\/wp-content\/uploads\/2020\/11\/logo-macabro.png\",\"contentUrl\":\"https:\/\/macabro.mx\/wp-content\/uploads\/2020\/11\/logo-macabro.png\",\"width\":870,\"height\":336,\"caption\":\"Macabro Film Festival 2025\"},\"image\":{\"@id\":\"https:\/\/macabro.mx\/#\/schema\/logo\/image\/\"},\"sameAs\":[\"https:\/\/www.facebook.com\/MacabroFICH\",\"https:\/\/x.com\/MacabroFICH\",\"https:\/\/www.instagram.com\/macabrofich\/\",\"https:\/\/www.youtube.com\/user\/macabrofest\"]},{\"@type\":\"Person\",\"@id\":\"https:\/\/macabro.mx\/#\/schema\/person\/cb1d7e57b8371a3558481dab1425691d\",\"name\":\"Diario Macabro\",\"image\":{\"@type\":\"ImageObject\",\"inLanguage\":\"en-US\",\"@id\":\"https:\/\/secure.gravatar.com\/avatar\/c503ddb7b9ab82ba0cd034365e426a9406aee5285d5579fbb648e22029e78d98?s=96&d=mm&r=g\",\"url\":\"https:\/\/secure.gravatar.com\/avatar\/c503ddb7b9ab82ba0cd034365e426a9406aee5285d5579fbb648e22029e78d98?s=96&d=mm&r=g\",\"contentUrl\":\"https:\/\/secure.gravatar.com\/avatar\/c503ddb7b9ab82ba0cd034365e426a9406aee5285d5579fbb648e22029e78d98?s=96&d=mm&r=g\",\"caption\":\"Diario Macabro\"},\"url\":\"https:\/\/macabro.mx\/en\/author\/diario-macabro\/\"}]}<\/script>\n<!-- \/ Yoast SEO plugin. -->","yoast_head_json":{"title":"Informe 2024: 12 meses de Macabro | Macabro","robots":{"index":"index","follow":"follow","max-snippet":"max-snippet:-1","max-image-preview":"max-image-preview:large","max-video-preview":"max-video-preview:-1"},"canonical":"https:\/\/macabro.mx\/en\/informe-2024-12-meses-de-macabro\/","og_locale":"en_US","og_type":"article","og_title":"Informe 2024: 12 meses de Macabro | Macabro","og_description":"Macabro celebr\u00f3 su vig\u00e9simo tercera edici\u00f3n, del 22 de agosto al 1 de septiembre de 2024, como el primer y m\u00e1s grande festival de cine de g\u00e9nero en M\u00e9xico, as\u00ed como uno de los m\u00e1s importantes de su tipo en Latinoam\u00e9rica. Macabro Fest 2024 se llev\u00f3 a cabo durante once d\u00edas en una celebraci\u00f3n incluyente","og_url":"https:\/\/macabro.mx\/en\/informe-2024-12-meses-de-macabro\/","og_site_name":"Macabro","article_publisher":"https:\/\/www.facebook.com\/MacabroFICH","article_published_time":"2024-12-19T00:45:49+00:00","article_modified_time":"2024-12-19T21:19:53+00:00","og_image":[{"width":1076,"height":1600,"url":"https:\/\/macabro.mx\/wp-content\/uploads\/2024\/12\/IMG-20240823-WA0015.jpg","type":"image\/jpeg"}],"author":"Diario Macabro","twitter_card":"summary_large_image","twitter_creator":"@MacabroFICH","twitter_site":"@MacabroFICH","twitter_misc":{"Written by":"Diario Macabro","Est. reading time":"17 minutes"},"schema":{"@context":"https:\/\/schema.org","@graph":[{"@type":"Article","@id":"https:\/\/macabro.mx\/informe-2024-12-meses-de-macabro\/#article","isPartOf":{"@id":"https:\/\/macabro.mx\/informe-2024-12-meses-de-macabro\/"},"author":{"name":"Diario Macabro","@id":"https:\/\/macabro.mx\/#\/schema\/person\/cb1d7e57b8371a3558481dab1425691d"},"headline":"Informe 2024: 12 meses de Macabro","datePublished":"2024-12-19T00:45:49+00:00","dateModified":"2024-12-19T21:19:53+00:00","mainEntityOfPage":{"@id":"https:\/\/macabro.mx\/informe-2024-12-meses-de-macabro\/"},"wordCount":2243,"commentCount":0,"publisher":{"@id":"https:\/\/macabro.mx\/#organization"},"image":{"@id":"https:\/\/macabro.mx\/informe-2024-12-meses-de-macabro\/#primaryimage"},"thumbnailUrl":"https:\/\/macabro.mx\/wp-content\/uploads\/2024\/12\/IMG-20240823-WA0015.jpg","keywords":["#HorrorFilmFestivals","2024","Centro Hist\u00f3rico CDMX","cine de culto","Cine de horror","cine de terror mexicano","Festivales de cine","Macabro 2024","Macabro CDMX","Macabro FICH","Macabro Film Festival","Macabro Nocturno","Streaming"],"articleSection":["Diario Macabro"],"inLanguage":"en-US","potentialAction":[{"@type":"CommentAction","name":"Comment","target":["https:\/\/macabro.mx\/informe-2024-12-meses-de-macabro\/#respond"]}]},{"@type":"WebPage","@id":"https:\/\/macabro.mx\/informe-2024-12-meses-de-macabro\/","url":"https:\/\/macabro.mx\/informe-2024-12-meses-de-macabro\/","name":"Informe 2024: 12 meses de Macabro | Macabro","isPartOf":{"@id":"https:\/\/macabro.mx\/#website"},"primaryImageOfPage":{"@id":"https:\/\/macabro.mx\/informe-2024-12-meses-de-macabro\/#primaryimage"},"image":{"@id":"https:\/\/macabro.mx\/informe-2024-12-meses-de-macabro\/#primaryimage"},"thumbnailUrl":"https:\/\/macabro.mx\/wp-content\/uploads\/2024\/12\/IMG-20240823-WA0015.jpg","datePublished":"2024-12-19T00:45:49+00:00","dateModified":"2024-12-19T21:19:53+00:00","breadcrumb":{"@id":"https:\/\/macabro.mx\/informe-2024-12-meses-de-macabro\/#breadcrumb"},"inLanguage":"en-US","potentialAction":[{"@type":"ReadAction","target":["https:\/\/macabro.mx\/informe-2024-12-meses-de-macabro\/"]}]},{"@type":"ImageObject","inLanguage":"en-US","@id":"https:\/\/macabro.mx\/informe-2024-12-meses-de-macabro\/#primaryimage","url":"https:\/\/macabro.mx\/wp-content\/uploads\/2024\/12\/IMG-20240823-WA0015.jpg","contentUrl":"https:\/\/macabro.mx\/wp-content\/uploads\/2024\/12\/IMG-20240823-WA0015.jpg","width":1076,"height":1600},{"@type":"BreadcrumbList","@id":"https:\/\/macabro.mx\/informe-2024-12-meses-de-macabro\/#breadcrumb","itemListElement":[{"@type":"ListItem","position":1,"name":"Home","item":"https:\/\/macabro.mx\/"},{"@type":"ListItem","position":2,"name":"Diario Macabro","item":"https:\/\/macabro.mx\/category\/diario-macabro\/"},{"@type":"ListItem","position":3,"name":"Informe 2024: 12 meses de Macabro"}]},{"@type":"WebSite","@id":"https:\/\/macabro.mx\/#website","url":"https:\/\/macabro.mx\/","name":"Macabro","description":"Festival Internacional de Cine de Horror","publisher":{"@id":"https:\/\/macabro.mx\/#organization"},"potentialAction":[{"@type":"SearchAction","target":{"@type":"EntryPoint","urlTemplate":"https:\/\/macabro.mx\/?s={search_term_string}"},"query-input":{"@type":"PropertyValueSpecification","valueRequired":true,"valueName":"search_term_string"}}],"inLanguage":"en-US"},{"@type":"Organization","@id":"https:\/\/macabro.mx\/#organization","name":"Macabro Film Festival 2025","url":"https:\/\/macabro.mx\/","logo":{"@type":"ImageObject","inLanguage":"en-US","@id":"https:\/\/macabro.mx\/#\/schema\/logo\/image\/","url":"https:\/\/macabro.mx\/wp-content\/uploads\/2020\/11\/logo-macabro.png","contentUrl":"https:\/\/macabro.mx\/wp-content\/uploads\/2020\/11\/logo-macabro.png","width":870,"height":336,"caption":"Macabro Film Festival 2025"},"image":{"@id":"https:\/\/macabro.mx\/#\/schema\/logo\/image\/"},"sameAs":["https:\/\/www.facebook.com\/MacabroFICH","https:\/\/x.com\/MacabroFICH","https:\/\/www.instagram.com\/macabrofich\/","https:\/\/www.youtube.com\/user\/macabrofest"]},{"@type":"Person","@id":"https:\/\/macabro.mx\/#\/schema\/person\/cb1d7e57b8371a3558481dab1425691d","name":"Diario Macabro","image":{"@type":"ImageObject","inLanguage":"en-US","@id":"https:\/\/secure.gravatar.com\/avatar\/c503ddb7b9ab82ba0cd034365e426a9406aee5285d5579fbb648e22029e78d98?s=96&d=mm&r=g","url":"https:\/\/secure.gravatar.com\/avatar\/c503ddb7b9ab82ba0cd034365e426a9406aee5285d5579fbb648e22029e78d98?s=96&d=mm&r=g","contentUrl":"https:\/\/secure.gravatar.com\/avatar\/c503ddb7b9ab82ba0cd034365e426a9406aee5285d5579fbb648e22029e78d98?s=96&d=mm&r=g","caption":"Diario Macabro"},"url":"https:\/\/macabro.mx\/en\/author\/diario-macabro\/"}]}},"_links":{"self":[{"href":"https:\/\/macabro.mx\/en\/wp-json\/wp\/v2\/posts\/6719","targetHints":{"allow":["GET"]}}],"collection":[{"href":"https:\/\/macabro.mx\/en\/wp-json\/wp\/v2\/posts"}],"about":[{"href":"https:\/\/macabro.mx\/en\/wp-json\/wp\/v2\/types\/post"}],"author":[{"embeddable":true,"href":"https:\/\/macabro.mx\/en\/wp-json\/wp\/v2\/users\/2"}],"replies":[{"embeddable":true,"href":"https:\/\/macabro.mx\/en\/wp-json\/wp\/v2\/comments?post=6719"}],"version-history":[{"count":10,"href":"https:\/\/macabro.mx\/en\/wp-json\/wp\/v2\/posts\/6719\/revisions"}],"predecessor-version":[{"id":6771,"href":"https:\/\/macabro.mx\/en\/wp-json\/wp\/v2\/posts\/6719\/revisions\/6771"}],"wp:featuredmedia":[{"embeddable":true,"href":"https:\/\/macabro.mx\/en\/wp-json\/wp\/v2\/media\/6721"}],"wp:attachment":[{"href":"https:\/\/macabro.mx\/en\/wp-json\/wp\/v2\/media?parent=6719"}],"wp:term":[{"taxonomy":"category","embeddable":true,"href":"https:\/\/macabro.mx\/en\/wp-json\/wp\/v2\/categories?post=6719"},{"taxonomy":"post_tag","embeddable":true,"href":"https:\/\/macabro.mx\/en\/wp-json\/wp\/v2\/tags?post=6719"},{"taxonomy":"festival_year","embeddable":true,"href":"https:\/\/macabro.mx\/en\/wp-json\/wp\/v2\/festival_year?post=6719"}],"curies":[{"name":"wp","href":"https:\/\/api.w.org\/{rel}","templated":true}]}}