{"id":6932,"date":"2025-05-28T15:38:41","date_gmt":"2025-05-28T21:38:41","guid":{"rendered":"https:\/\/macabro.mx\/?p=6932"},"modified":"2025-05-28T15:38:41","modified_gmt":"2025-05-28T21:38:41","slug":"macabro-xxiv-fechas-y-sedes","status":"publish","type":"post","link":"https:\/\/macabro.mx\/en\/macabro-xxiv-fechas-y-sedes\/","title":{"rendered":"Macabro XXIV: Fechas y sedes"},"content":{"rendered":"<p><img loading=\"lazy\" decoding=\"async\" class=\"alignnone  wp-image-6767 aligncenter\" src=\"https:\/\/macabro.mx\/wp-content\/uploads\/2024\/12\/logo-MACABRO_fondo-blanco-2-700x300.png\" alt=\"\" width=\"453\" height=\"194\" srcset=\"https:\/\/macabro.mx\/wp-content\/uploads\/2024\/12\/logo-MACABRO_fondo-blanco-2-700x300.png 700w, https:\/\/macabro.mx\/wp-content\/uploads\/2024\/12\/logo-MACABRO_fondo-blanco-2-250x107.png 250w, https:\/\/macabro.mx\/wp-content\/uploads\/2024\/12\/logo-MACABRO_fondo-blanco-2-768x329.png 768w, https:\/\/macabro.mx\/wp-content\/uploads\/2024\/12\/logo-MACABRO_fondo-blanco-2-1536x658.png 1536w, https:\/\/macabro.mx\/wp-content\/uploads\/2024\/12\/logo-MACABRO_fondo-blanco-2-2048x877.png 2048w, https:\/\/macabro.mx\/wp-content\/uploads\/2024\/12\/logo-MACABRO_fondo-blanco-2-120x51.png 120w, https:\/\/macabro.mx\/wp-content\/uploads\/2024\/12\/logo-MACABRO_fondo-blanco-2-200x86.png 200w\" sizes=\"auto, (max-width: 453px) 100vw, 453px\" \/><\/p>\n<p><b>LISTAS LAS SEDES Y LAS FECHAS DE LA EDICI\u00d3N XXIV DEL FESTIVAL INTERNACIONAL DE CINE DE HORROR DE LA CIUDAD DE M\u00c9XICO, MACABRO<\/b><\/p>\n<ul>\n<li aria-level=\"1\"><b><i>La edici\u00f3n XXIV de MACABRO se realizar\u00e1 del 19 al 31 de agosto<\/i><\/b><\/li>\n<li aria-level=\"1\"><b><i>Se tienen contempladas 9 sedes principales y 8 sedes alternas<\/i><\/b><\/li>\n<li aria-level=\"1\"><b><i>Macabro presentar\u00e1 una programaci\u00f3n imperdible para todas y todos los amantes del g\u00e9nero<\/i><\/b><\/li>\n<\/ul>\n<p><span style=\"font-weight: 400;\">Ciudad de M\u00e9xico, 28 mayo del 2025.- Del 19 al 31 de agosto se celebrar\u00e1 la <\/span><b>XXIV edici\u00f3n de MACABRO<\/b><span style=\"font-weight: 400;\">, el Festival Internacional de Cine de Horror de la Ciudad de M\u00e9xico. En distintas sedes de la capital, el festival presentar\u00e1 una cuidada programaci\u00f3n que incluye proyecciones, homenajes, eventos especiales y experiencias para todas y todos los amantes del g\u00e9nero.<\/span><\/p>\n<p><span style=\"font-weight: 400;\">Desde sus inicios, MACABRO ha apostado por una programaci\u00f3n espectacular, con invitados especiales, figuras de culto, performances aterradores y una selecci\u00f3n de sedes que no s\u00f3lo aportan valor hist\u00f3rico y cinematogr\u00e1fico, sino que enriquecen la experiencia del p\u00fablico al conjugar cine y atm\u00f3sfera en espacios patrimoniales y tradicionales.<\/span><\/p>\n<p><span style=\"font-weight: 400;\">Las sedes son una pieza clave para construir la narrativa del cine de horror. Por ello, este a\u00f1o el festival contar\u00e1 con <\/span><b>nueve sedes principales<\/b><span style=\"font-weight: 400;\">, donde se llevar\u00e1n a cabo los eventos m\u00e1s destacados y las proyecciones de mayor relevancia, as\u00ed como <\/span><b>ocho sedes alternas<\/b><span style=\"font-weight: 400;\"> que albergar\u00e1n lo m\u00e1s indie e independiente del g\u00e9nero.<\/span><\/p>\n<p><span style=\"font-weight: 400;\">Adicionalmente a las sedes f\u00edsicas que cada a\u00f1o re\u00fanen a miles de espectadores, tambi\u00e9n esta edici\u00f3n XXIV contar\u00e1 con una sede digital que amplifica el festival, donde se presentar\u00e1 una curadur\u00eda especial para continuar celebrando al cine de horror y sus creadores y creadoras.\u00a0<\/span><\/p>\n<p><span style=\"font-weight: 400;\">A continuaci\u00f3n, presentamos las sedes que formar\u00e1n parte de esta XXIV edici\u00f3n de MACABRO, el Festival Internacional de Cine de Horror de la Ciudad de M\u00e9xico.<\/span><\/p>\n<p><b>Sedes principales<\/b><\/p>\n<ul>\n<li style=\"font-weight: 400;\" aria-level=\"1\"><span style=\"font-weight: 400;\">Biblioteca de M\u00e9xico<\/span><\/li>\n<li style=\"font-weight: 400;\" aria-level=\"1\"><span style=\"font-weight: 400;\">Biblioteca Vasconcelos<\/span><\/li>\n<li style=\"font-weight: 400;\" aria-level=\"1\"><span style=\"font-weight: 400;\">Cineteca Nacional Mexico<\/span><\/li>\n<li style=\"font-weight: 400;\" aria-level=\"1\"><span style=\"font-weight: 400;\">Cineteca Nacional de las Artes<\/span><\/li>\n<li style=\"font-weight: 400;\" aria-level=\"1\"><span style=\"font-weight: 400;\">Cinemat\u00f3grafo del Chopo<\/span><\/li>\n<li style=\"font-weight: 400;\" aria-level=\"1\"><span style=\"font-weight: 400;\">Casa del Cine<\/span><\/li>\n<li style=\"font-weight: 400;\" aria-level=\"1\"><span style=\"font-weight: 400;\">Museo Pante\u00f3n de San Fernando<\/span><\/li>\n<li style=\"font-weight: 400;\" aria-level=\"1\"><span style=\"font-weight: 400;\">Centro Cultural de Espa\u00f1a<\/span><\/li>\n<li style=\"font-weight: 400;\" aria-level=\"1\"><span style=\"font-weight: 400;\">Cinemania<\/span><\/li>\n<\/ul>\n<p><b>Sedes alternas<\/b><\/p>\n<ul>\n<li style=\"font-weight: 400;\" aria-level=\"1\"><span style=\"font-weight: 400;\">Centro de Cultura Digital<\/span><\/li>\n<li style=\"font-weight: 400;\" aria-level=\"1\"><span style=\"font-weight: 400;\">Centro Cultural Xavier Villaurrutia<\/span><\/li>\n<li style=\"font-weight: 400;\" aria-level=\"1\"><span style=\"font-weight: 400;\">Faro de Oriente<\/span><\/li>\n<li style=\"font-weight: 400;\" aria-level=\"1\"><span style=\"font-weight: 400;\">Faro Cosmos<\/span><\/li>\n<li style=\"font-weight: 400;\" aria-level=\"1\"><span style=\"font-weight: 400;\">Circo Volador<\/span><\/li>\n<li style=\"font-weight: 400;\" aria-level=\"1\"><span style=\"font-weight: 400;\">Barco Utop\u00eda<\/span><\/li>\n<li style=\"font-weight: 400;\" aria-level=\"1\"><span style=\"font-weight: 400;\">Cine V\u00edctor Manuel Mendoza<\/span><\/li>\n<li style=\"font-weight: 400;\" aria-level=\"1\"><span style=\"font-weight: 400;\">Museo Casa del Risco<\/span><\/li>\n<\/ul>\n<p><b>Sede Digital<\/b><\/p>\n<p><a href=\"http:\/\/nuestrocine.mx\"><span style=\"font-weight: 400;\">nuestrocine.mx<\/span><\/a><span style=\"font-weight: 400;\">\u00a0<\/span><\/p>\n<p><span style=\"font-weight: 400;\">Prep\u00e1rate para vivir una experiencia cinematogr\u00e1fica \u00fanica, llena de oscuridad y pasi\u00f3n por el horror. MACABRO XXIV te espera para celebrar lo mejor del cine de g\u00e9nero en una edici\u00f3n que promete estremecer a la Ciudad de M\u00e9xico.<\/span><\/p>\n<p><span style=\"font-weight: 400;\">Consulta pr\u00f3ximamente la programaci\u00f3n completa en <\/span><a href=\"https:\/\/macabro.mx\/en\/\"><span style=\"font-weight: 400;\">www.macabro.mx<\/span><\/a><span style=\"font-weight: 400;\">\u00a0<\/span><\/p>\n<p><b>S\u00edguenos en redes sociales.<\/b><\/p>\n<p><span style=\"font-weight: 400;\">Facebook: <\/span><a href=\"https:\/\/www.facebook.com\/MacabroFICH\"><span style=\"font-weight: 400;\">Macabro Film Festival<\/span><\/a><\/p>\n<p><span style=\"font-weight: 400;\">Instagram: <\/span><a href=\"https:\/\/www.instagram.com\/macabrofich\/\"><span style=\"font-weight: 400;\">@macabrofich<\/span><\/a><span style=\"font-weight: 400;\">\u00a0<\/span><\/p>\n<p><span style=\"font-weight: 400;\">Tiktok: <\/span><a href=\"https:\/\/www.tiktok.com\/@macabrofich\"><span style=\"font-weight: 400;\">macabrofich<\/span><\/a><\/p>\n<p><span style=\"font-weight: 400;\">X: <\/span><a href=\"https:\/\/x.com\/MacabroFICH\"><span style=\"font-weight: 400;\">@MacabroFICH<\/span><\/a><\/p>\n<p style=\"text-align: center;\"><span style=\"font-size: 14pt;\"><b>#MACABROXXIV<\/b><\/span><\/p>\n<p><b>CONTACTO DE PRENSA<\/b><\/p>\n<p><b>CYNTHIA URIBE<\/b><\/p>\n<p><a href=\"mailto:cynthia@sintoniacomunicaciones.com\"><b>cynthia@sintoniacomunicaciones.com<\/b><\/a><\/p>\n<p><b>55 1320 3820<\/b><\/p>\n<p><b>DIANA CABALLERO<\/b><\/p>\n<p><a href=\"mailto:diana@sintoniacomunicaciones.com\"><b>diana@sintoniacomunicaciones.com<\/b><\/a><\/p>\n<p><b>55 1362 0171<\/b><\/p>\n<p><b>ANTONIO FLORES<\/b><\/p>\n<p><a href=\"mailto:prensa@sintoniacomunicaciones.com\"><b>prensa@sintoniacomunicaciones.com<\/b><\/a><\/p>\n<p><b>55 3894 0914<\/b><\/p>","protected":false},"excerpt":{"rendered":"LISTAS LAS SEDES Y LAS FECHAS DE LA EDICI\u00d3N XXIV DEL FESTIVAL INTERNACIONAL DE CINE DE HORROR DE LA CIUDAD DE M\u00c9XICO, MACABRO La edici\u00f3n XXIV de MACABRO se realizar\u00e1 del 19 al 31 de agosto Se tienen contempladas 9 sedes principales y 8 sedes alternas Macabro presentar\u00e1 una programaci\u00f3n imperdible para todas y todos","protected":false},"author":2,"featured_media":6933,"comment_status":"open","ping_status":"open","sticky":false,"template":"","format":"standard","meta":{"_acf_changed":false,"footnotes":""},"categories":[2],"tags":[1539,224,298,193,129,277,23,54],"festival_year":[],"class_list":["post-6932","post","type-post","status-publish","format-standard","has-post-thumbnail","hentry","category-diario-macabro","tag-macabroxxiv-macabrofich","tag-cine-de-culto","tag-cine-fantastico","tag-festivales-de-cine","tag-horror-film-festivals","tag-macabro-cdmx","tag-macabro-fich","tag-macabro-film-festival"],"acf":[],"yoast_head":"<!-- This site is optimized with the Yoast SEO plugin v27.2 - https:\/\/yoast.com\/product\/yoast-seo-wordpress\/ -->\n<title>Macabro XXIV: Fechas y sedes | Macabro<\/title>\n<meta name=\"robots\" content=\"index, follow, max-snippet:-1, max-image-preview:large, max-video-preview:-1\" \/>\n<link rel=\"canonical\" href=\"https:\/\/macabro.mx\/en\/macabro-xxiv-fechas-y-sedes\/\" \/>\n<meta property=\"og:locale\" content=\"en_US\" \/>\n<meta property=\"og:type\" content=\"article\" \/>\n<meta property=\"og:title\" content=\"Macabro XXIV: Fechas y sedes | Macabro\" \/>\n<meta property=\"og:description\" content=\"LISTAS LAS SEDES Y LAS FECHAS DE LA EDICI\u00d3N XXIV DEL FESTIVAL INTERNACIONAL DE CINE DE HORROR DE LA CIUDAD DE M\u00c9XICO, MACABRO La edici\u00f3n XXIV de MACABRO se realizar\u00e1 del 19 al 31 de agosto Se tienen contempladas 9 sedes principales y 8 sedes alternas Macabro presentar\u00e1 una programaci\u00f3n imperdible para todas y todos\" \/>\n<meta property=\"og:url\" content=\"https:\/\/macabro.mx\/en\/macabro-xxiv-fechas-y-sedes\/\" \/>\n<meta property=\"og:site_name\" content=\"Macabro\" \/>\n<meta property=\"article:publisher\" content=\"https:\/\/www.facebook.com\/MacabroFICH\" \/>\n<meta property=\"article:published_time\" content=\"2025-05-28T21:38:41+00:00\" \/>\n<meta property=\"og:image\" content=\"https:\/\/macabro.mx\/wp-content\/uploads\/2025\/05\/Flyer-fechas-700x700.png\" \/>\n\t<meta property=\"og:image:width\" content=\"700\" \/>\n\t<meta property=\"og:image:height\" content=\"700\" \/>\n\t<meta property=\"og:image:type\" content=\"image\/png\" \/>\n<meta name=\"author\" content=\"Diario Macabro\" \/>\n<meta name=\"twitter:card\" content=\"summary_large_image\" \/>\n<meta name=\"twitter:creator\" content=\"@MacabroFICH\" \/>\n<meta name=\"twitter:site\" content=\"@MacabroFICH\" \/>\n<meta name=\"twitter:label1\" content=\"Written by\" \/>\n\t<meta name=\"twitter:data1\" content=\"Diario Macabro\" \/>\n\t<meta name=\"twitter:label2\" content=\"Est. reading time\" \/>\n\t<meta name=\"twitter:data2\" content=\"3 minutes\" \/>\n<script type=\"application\/ld+json\" class=\"yoast-schema-graph\">{\"@context\":\"https:\/\/schema.org\",\"@graph\":[{\"@type\":\"Article\",\"@id\":\"https:\/\/macabro.mx\/macabro-xxiv-fechas-y-sedes\/#article\",\"isPartOf\":{\"@id\":\"https:\/\/macabro.mx\/macabro-xxiv-fechas-y-sedes\/\"},\"author\":{\"name\":\"Diario Macabro\",\"@id\":\"https:\/\/macabro.mx\/#\/schema\/person\/cb1d7e57b8371a3558481dab1425691d\"},\"headline\":\"Macabro XXIV: Fechas y sedes\",\"datePublished\":\"2025-05-28T21:38:41+00:00\",\"mainEntityOfPage\":{\"@id\":\"https:\/\/macabro.mx\/macabro-xxiv-fechas-y-sedes\/\"},\"wordCount\":481,\"commentCount\":0,\"publisher\":{\"@id\":\"https:\/\/macabro.mx\/#organization\"},\"image\":{\"@id\":\"https:\/\/macabro.mx\/macabro-xxiv-fechas-y-sedes\/#primaryimage\"},\"thumbnailUrl\":\"https:\/\/macabro.mx\/wp-content\/uploads\/2025\/05\/Flyer-fechas.png\",\"keywords\":[\"#MacabroXXIV #MacabroFich\",\"cine de culto\",\"Cine fantastico\",\"Festivales de cine\",\"Horror Film Festivals\",\"Macabro CDMX\",\"Macabro FICH\",\"Macabro Film Festival\"],\"articleSection\":[\"Diario Macabro\"],\"inLanguage\":\"en-US\",\"potentialAction\":[{\"@type\":\"CommentAction\",\"name\":\"Comment\",\"target\":[\"https:\/\/macabro.mx\/macabro-xxiv-fechas-y-sedes\/#respond\"]}]},{\"@type\":\"WebPage\",\"@id\":\"https:\/\/macabro.mx\/macabro-xxiv-fechas-y-sedes\/\",\"url\":\"https:\/\/macabro.mx\/macabro-xxiv-fechas-y-sedes\/\",\"name\":\"Macabro XXIV: Fechas y sedes | Macabro\",\"isPartOf\":{\"@id\":\"https:\/\/macabro.mx\/#website\"},\"primaryImageOfPage\":{\"@id\":\"https:\/\/macabro.mx\/macabro-xxiv-fechas-y-sedes\/#primaryimage\"},\"image\":{\"@id\":\"https:\/\/macabro.mx\/macabro-xxiv-fechas-y-sedes\/#primaryimage\"},\"thumbnailUrl\":\"https:\/\/macabro.mx\/wp-content\/uploads\/2025\/05\/Flyer-fechas.png\",\"datePublished\":\"2025-05-28T21:38:41+00:00\",\"breadcrumb\":{\"@id\":\"https:\/\/macabro.mx\/macabro-xxiv-fechas-y-sedes\/#breadcrumb\"},\"inLanguage\":\"en-US\",\"potentialAction\":[{\"@type\":\"ReadAction\",\"target\":[\"https:\/\/macabro.mx\/macabro-xxiv-fechas-y-sedes\/\"]}]},{\"@type\":\"ImageObject\",\"inLanguage\":\"en-US\",\"@id\":\"https:\/\/macabro.mx\/macabro-xxiv-fechas-y-sedes\/#primaryimage\",\"url\":\"https:\/\/macabro.mx\/wp-content\/uploads\/2025\/05\/Flyer-fechas.png\",\"contentUrl\":\"https:\/\/macabro.mx\/wp-content\/uploads\/2025\/05\/Flyer-fechas.png\",\"width\":2160,\"height\":2160},{\"@type\":\"BreadcrumbList\",\"@id\":\"https:\/\/macabro.mx\/macabro-xxiv-fechas-y-sedes\/#breadcrumb\",\"itemListElement\":[{\"@type\":\"ListItem\",\"position\":1,\"name\":\"Home\",\"item\":\"https:\/\/macabro.mx\/\"},{\"@type\":\"ListItem\",\"position\":2,\"name\":\"Diario Macabro\",\"item\":\"https:\/\/macabro.mx\/category\/diario-macabro\/\"},{\"@type\":\"ListItem\",\"position\":3,\"name\":\"Macabro XXIV: Fechas y sedes\"}]},{\"@type\":\"WebSite\",\"@id\":\"https:\/\/macabro.mx\/#website\",\"url\":\"https:\/\/macabro.mx\/\",\"name\":\"Macabro\",\"description\":\"Festival Internacional de Cine de Horror\",\"publisher\":{\"@id\":\"https:\/\/macabro.mx\/#organization\"},\"potentialAction\":[{\"@type\":\"SearchAction\",\"target\":{\"@type\":\"EntryPoint\",\"urlTemplate\":\"https:\/\/macabro.mx\/?s={search_term_string}\"},\"query-input\":{\"@type\":\"PropertyValueSpecification\",\"valueRequired\":true,\"valueName\":\"search_term_string\"}}],\"inLanguage\":\"en-US\"},{\"@type\":\"Organization\",\"@id\":\"https:\/\/macabro.mx\/#organization\",\"name\":\"Macabro Film Festival 2025\",\"url\":\"https:\/\/macabro.mx\/\",\"logo\":{\"@type\":\"ImageObject\",\"inLanguage\":\"en-US\",\"@id\":\"https:\/\/macabro.mx\/#\/schema\/logo\/image\/\",\"url\":\"https:\/\/macabro.mx\/wp-content\/uploads\/2020\/11\/logo-macabro.png\",\"contentUrl\":\"https:\/\/macabro.mx\/wp-content\/uploads\/2020\/11\/logo-macabro.png\",\"width\":870,\"height\":336,\"caption\":\"Macabro Film Festival 2025\"},\"image\":{\"@id\":\"https:\/\/macabro.mx\/#\/schema\/logo\/image\/\"},\"sameAs\":[\"https:\/\/www.facebook.com\/MacabroFICH\",\"https:\/\/x.com\/MacabroFICH\",\"https:\/\/www.instagram.com\/macabrofich\/\",\"https:\/\/www.youtube.com\/user\/macabrofest\"]},{\"@type\":\"Person\",\"@id\":\"https:\/\/macabro.mx\/#\/schema\/person\/cb1d7e57b8371a3558481dab1425691d\",\"name\":\"Diario Macabro\",\"image\":{\"@type\":\"ImageObject\",\"inLanguage\":\"en-US\",\"@id\":\"https:\/\/secure.gravatar.com\/avatar\/c503ddb7b9ab82ba0cd034365e426a9406aee5285d5579fbb648e22029e78d98?s=96&d=mm&r=g\",\"url\":\"https:\/\/secure.gravatar.com\/avatar\/c503ddb7b9ab82ba0cd034365e426a9406aee5285d5579fbb648e22029e78d98?s=96&d=mm&r=g\",\"contentUrl\":\"https:\/\/secure.gravatar.com\/avatar\/c503ddb7b9ab82ba0cd034365e426a9406aee5285d5579fbb648e22029e78d98?s=96&d=mm&r=g\",\"caption\":\"Diario Macabro\"},\"url\":\"https:\/\/macabro.mx\/en\/author\/diario-macabro\/\"}]}<\/script>\n<!-- \/ Yoast SEO plugin. -->","yoast_head_json":{"title":"Macabro XXIV: Fechas y sedes | Macabro","robots":{"index":"index","follow":"follow","max-snippet":"max-snippet:-1","max-image-preview":"max-image-preview:large","max-video-preview":"max-video-preview:-1"},"canonical":"https:\/\/macabro.mx\/en\/macabro-xxiv-fechas-y-sedes\/","og_locale":"en_US","og_type":"article","og_title":"Macabro XXIV: Fechas y sedes | Macabro","og_description":"LISTAS LAS SEDES Y LAS FECHAS DE LA EDICI\u00d3N XXIV DEL FESTIVAL INTERNACIONAL DE CINE DE HORROR DE LA CIUDAD DE M\u00c9XICO, MACABRO La edici\u00f3n XXIV de MACABRO se realizar\u00e1 del 19 al 31 de agosto Se tienen contempladas 9 sedes principales y 8 sedes alternas Macabro presentar\u00e1 una programaci\u00f3n imperdible para todas y todos","og_url":"https:\/\/macabro.mx\/en\/macabro-xxiv-fechas-y-sedes\/","og_site_name":"Macabro","article_publisher":"https:\/\/www.facebook.com\/MacabroFICH","article_published_time":"2025-05-28T21:38:41+00:00","og_image":[{"width":700,"height":700,"url":"https:\/\/macabro.mx\/wp-content\/uploads\/2025\/05\/Flyer-fechas-700x700.png","type":"image\/png"}],"author":"Diario Macabro","twitter_card":"summary_large_image","twitter_creator":"@MacabroFICH","twitter_site":"@MacabroFICH","twitter_misc":{"Written by":"Diario Macabro","Est. reading time":"3 minutes"},"schema":{"@context":"https:\/\/schema.org","@graph":[{"@type":"Article","@id":"https:\/\/macabro.mx\/macabro-xxiv-fechas-y-sedes\/#article","isPartOf":{"@id":"https:\/\/macabro.mx\/macabro-xxiv-fechas-y-sedes\/"},"author":{"name":"Diario Macabro","@id":"https:\/\/macabro.mx\/#\/schema\/person\/cb1d7e57b8371a3558481dab1425691d"},"headline":"Macabro XXIV: Fechas y sedes","datePublished":"2025-05-28T21:38:41+00:00","mainEntityOfPage":{"@id":"https:\/\/macabro.mx\/macabro-xxiv-fechas-y-sedes\/"},"wordCount":481,"commentCount":0,"publisher":{"@id":"https:\/\/macabro.mx\/#organization"},"image":{"@id":"https:\/\/macabro.mx\/macabro-xxiv-fechas-y-sedes\/#primaryimage"},"thumbnailUrl":"https:\/\/macabro.mx\/wp-content\/uploads\/2025\/05\/Flyer-fechas.png","keywords":["#MacabroXXIV #MacabroFich","cine de culto","Cine fantastico","Festivales de cine","Horror Film Festivals","Macabro CDMX","Macabro FICH","Macabro Film Festival"],"articleSection":["Diario Macabro"],"inLanguage":"en-US","potentialAction":[{"@type":"CommentAction","name":"Comment","target":["https:\/\/macabro.mx\/macabro-xxiv-fechas-y-sedes\/#respond"]}]},{"@type":"WebPage","@id":"https:\/\/macabro.mx\/macabro-xxiv-fechas-y-sedes\/","url":"https:\/\/macabro.mx\/macabro-xxiv-fechas-y-sedes\/","name":"Macabro XXIV: Fechas y sedes | Macabro","isPartOf":{"@id":"https:\/\/macabro.mx\/#website"},"primaryImageOfPage":{"@id":"https:\/\/macabro.mx\/macabro-xxiv-fechas-y-sedes\/#primaryimage"},"image":{"@id":"https:\/\/macabro.mx\/macabro-xxiv-fechas-y-sedes\/#primaryimage"},"thumbnailUrl":"https:\/\/macabro.mx\/wp-content\/uploads\/2025\/05\/Flyer-fechas.png","datePublished":"2025-05-28T21:38:41+00:00","breadcrumb":{"@id":"https:\/\/macabro.mx\/macabro-xxiv-fechas-y-sedes\/#breadcrumb"},"inLanguage":"en-US","potentialAction":[{"@type":"ReadAction","target":["https:\/\/macabro.mx\/macabro-xxiv-fechas-y-sedes\/"]}]},{"@type":"ImageObject","inLanguage":"en-US","@id":"https:\/\/macabro.mx\/macabro-xxiv-fechas-y-sedes\/#primaryimage","url":"https:\/\/macabro.mx\/wp-content\/uploads\/2025\/05\/Flyer-fechas.png","contentUrl":"https:\/\/macabro.mx\/wp-content\/uploads\/2025\/05\/Flyer-fechas.png","width":2160,"height":2160},{"@type":"BreadcrumbList","@id":"https:\/\/macabro.mx\/macabro-xxiv-fechas-y-sedes\/#breadcrumb","itemListElement":[{"@type":"ListItem","position":1,"name":"Home","item":"https:\/\/macabro.mx\/"},{"@type":"ListItem","position":2,"name":"Diario Macabro","item":"https:\/\/macabro.mx\/category\/diario-macabro\/"},{"@type":"ListItem","position":3,"name":"Macabro XXIV: Fechas y sedes"}]},{"@type":"WebSite","@id":"https:\/\/macabro.mx\/#website","url":"https:\/\/macabro.mx\/","name":"Macabro","description":"Festival Internacional de Cine de Horror","publisher":{"@id":"https:\/\/macabro.mx\/#organization"},"potentialAction":[{"@type":"SearchAction","target":{"@type":"EntryPoint","urlTemplate":"https:\/\/macabro.mx\/?s={search_term_string}"},"query-input":{"@type":"PropertyValueSpecification","valueRequired":true,"valueName":"search_term_string"}}],"inLanguage":"en-US"},{"@type":"Organization","@id":"https:\/\/macabro.mx\/#organization","name":"Macabro Film Festival 2025","url":"https:\/\/macabro.mx\/","logo":{"@type":"ImageObject","inLanguage":"en-US","@id":"https:\/\/macabro.mx\/#\/schema\/logo\/image\/","url":"https:\/\/macabro.mx\/wp-content\/uploads\/2020\/11\/logo-macabro.png","contentUrl":"https:\/\/macabro.mx\/wp-content\/uploads\/2020\/11\/logo-macabro.png","width":870,"height":336,"caption":"Macabro Film Festival 2025"},"image":{"@id":"https:\/\/macabro.mx\/#\/schema\/logo\/image\/"},"sameAs":["https:\/\/www.facebook.com\/MacabroFICH","https:\/\/x.com\/MacabroFICH","https:\/\/www.instagram.com\/macabrofich\/","https:\/\/www.youtube.com\/user\/macabrofest"]},{"@type":"Person","@id":"https:\/\/macabro.mx\/#\/schema\/person\/cb1d7e57b8371a3558481dab1425691d","name":"Diario Macabro","image":{"@type":"ImageObject","inLanguage":"en-US","@id":"https:\/\/secure.gravatar.com\/avatar\/c503ddb7b9ab82ba0cd034365e426a9406aee5285d5579fbb648e22029e78d98?s=96&d=mm&r=g","url":"https:\/\/secure.gravatar.com\/avatar\/c503ddb7b9ab82ba0cd034365e426a9406aee5285d5579fbb648e22029e78d98?s=96&d=mm&r=g","contentUrl":"https:\/\/secure.gravatar.com\/avatar\/c503ddb7b9ab82ba0cd034365e426a9406aee5285d5579fbb648e22029e78d98?s=96&d=mm&r=g","caption":"Diario Macabro"},"url":"https:\/\/macabro.mx\/en\/author\/diario-macabro\/"}]}},"_links":{"self":[{"href":"https:\/\/macabro.mx\/en\/wp-json\/wp\/v2\/posts\/6932","targetHints":{"allow":["GET"]}}],"collection":[{"href":"https:\/\/macabro.mx\/en\/wp-json\/wp\/v2\/posts"}],"about":[{"href":"https:\/\/macabro.mx\/en\/wp-json\/wp\/v2\/types\/post"}],"author":[{"embeddable":true,"href":"https:\/\/macabro.mx\/en\/wp-json\/wp\/v2\/users\/2"}],"replies":[{"embeddable":true,"href":"https:\/\/macabro.mx\/en\/wp-json\/wp\/v2\/comments?post=6932"}],"version-history":[{"count":1,"href":"https:\/\/macabro.mx\/en\/wp-json\/wp\/v2\/posts\/6932\/revisions"}],"predecessor-version":[{"id":6934,"href":"https:\/\/macabro.mx\/en\/wp-json\/wp\/v2\/posts\/6932\/revisions\/6934"}],"wp:featuredmedia":[{"embeddable":true,"href":"https:\/\/macabro.mx\/en\/wp-json\/wp\/v2\/media\/6933"}],"wp:attachment":[{"href":"https:\/\/macabro.mx\/en\/wp-json\/wp\/v2\/media?parent=6932"}],"wp:term":[{"taxonomy":"category","embeddable":true,"href":"https:\/\/macabro.mx\/en\/wp-json\/wp\/v2\/categories?post=6932"},{"taxonomy":"post_tag","embeddable":true,"href":"https:\/\/macabro.mx\/en\/wp-json\/wp\/v2\/tags?post=6932"},{"taxonomy":"festival_year","embeddable":true,"href":"https:\/\/macabro.mx\/en\/wp-json\/wp\/v2\/festival_year?post=6932"}],"curies":[{"name":"wp","href":"https:\/\/api.w.org\/{rel}","templated":true}]}}