{"id":8022,"date":"2025-12-08T11:25:57","date_gmt":"2025-12-08T17:25:57","guid":{"rendered":"https:\/\/macabro.mx\/?p=8022"},"modified":"2025-12-08T11:28:13","modified_gmt":"2025-12-08T17:28:13","slug":"fantastika-abre-la-convocatoria-2026-de-recepcion-de-proyectos","status":"publish","type":"post","link":"https:\/\/macabro.mx\/en\/fantastika-abre-la-convocatoria-2026-de-recepcion-de-proyectos\/","title":{"rendered":"FANTASTIKA abre la convocatoria 2026 de recepci\u00f3n de proyectos"},"content":{"rendered":"<p><img loading=\"lazy\" decoding=\"async\" width=\"700\" height=\"173\" class=\"alignnone size-large wp-image-6824 aligncenter\" src=\"https:\/\/macabro.mx\/wp-content\/uploads\/2025\/02\/logo-fastastika-01b-copia-700x173.png\" alt=\"\" srcset=\"https:\/\/macabro.mx\/wp-content\/uploads\/2025\/02\/logo-fastastika-01b-copia-700x173.png 700w, https:\/\/macabro.mx\/wp-content\/uploads\/2025\/02\/logo-fastastika-01b-copia-250x62.png 250w, https:\/\/macabro.mx\/wp-content\/uploads\/2025\/02\/logo-fastastika-01b-copia-120x30.png 120w, https:\/\/macabro.mx\/wp-content\/uploads\/2025\/02\/logo-fastastika-01b-copia-200x49.png 200w, https:\/\/macabro.mx\/wp-content\/uploads\/2025\/02\/logo-fastastika-01b-copia.png 740w\" sizes=\"auto, (max-width: 700px) 100vw, 700px\" \/><\/p>\n<ul>\n<li><em>Una comunidad creada por productoras para productoras<\/em><\/li>\n<li><em>Un lugar de aprendizaje y encuentro donde crear alianzas iberoamericanas para producir proyectos de g\u00e9nero<\/em><\/li>\n<li><em>Una plataforma que en 2026 conectar\u00e1 a 6 pa\u00edses a trav\u00e9s de<br \/>\n4 asociaciones de productoras, 1 mercado, 2 festivales y 3 laboratorios<\/em><\/li>\n<\/ul>\n<p>Anunciamos el comienzo de la convocatoria <span style=\"color: #339966;\"><em>FANTASTI<span style=\"color: #993366;\">K<\/span>A <\/em><\/span>de recepci\u00f3n de proyectos en desarrollo, de la que surgir\u00e1n los seleccionados como finalistas y semifinalistas de la pr\u00f3xima temporada 2026, que ser\u00e1n comunicados en febrero.<\/p>\n<p>La posterior celebraci\u00f3n del Pitching Forum, prevista en marzo, marcar\u00e1 el punto de partida para el acceso a las fichas-web de los proyectos escogidos, que permanecer\u00e1n disponibles en la plataforma web durante todo el a\u00f1o, accesibles para la comunidad acreditada as\u00ed como para key players invitadas.<\/p>\n<p><strong><span style=\"color: #339966; font-size: 14pt;\"><em>Haz tu proyecto visible a la comunidad Fantasti<span style=\"color: #993366;\">K<\/span>a y accede a un directorio de profesionales en donde explorar y encontrar alianzas clave<\/em><\/span><\/strong><\/p>\n<p style=\"text-align: center;\"><span style=\"font-size: 14pt;\"><strong><span style=\"color: #993366;\">Inscripci\u00f3n de proyectos<\/span><\/strong><\/span><\/p>\n<p style=\"text-align: center;\"><span style=\"font-size: 14pt;\"><strong><span style=\"color: #339966;\">8 dic 2025 a 15 feb 2026<\/span><\/strong><\/span><\/p>\n<p style=\"text-align: center;\"><span style=\"font-size: 14pt;\"><strong><span style=\"color: #339966;\">Comunicaci\u00f3n finalistas 1 marzo 2026<\/span><\/strong><\/span><\/p>\n<p style=\"text-align: center;\"><span style=\"font-size: 14pt;\"><strong><span style=\"color: #993366;\">Inscripci\u00f3n asistentes Pitching Forum<\/span><\/strong><\/span><\/p>\n<p style=\"text-align: center;\"><span style=\"font-size: 14pt;\"><strong><span style=\"color: #339966;\">10 a 24 marzo 2026<\/span><\/strong><\/span><\/p>\n<p style=\"text-align: center;\"><span style=\"font-size: 14pt;\"><strong><span style=\"color: #993366;\">Pitching Forum<\/span><\/strong><\/span><\/p>\n<p style=\"text-align: center;\"><span style=\"font-size: 14pt;\"><strong><span style=\"color: #339966;\">25, 26 y 27 marzo 2026<\/span><\/strong><\/span><\/p>\n<p style=\"text-align: center;\"><span style=\"font-size: 14pt;\"><strong><span style=\"color: #339966;\">Plataforma Online de FantastiKa<\/span><\/strong><\/span><\/p>\n<p style=\"text-align: center;\"><span style=\"font-size: 14pt;\"><strong><span style=\"color: #339966;\">\u00a018.OOh CET (UTC+I)<\/span><\/strong><\/span><\/p>\n<p><strong><span style=\"color: #339966; font-size: 14pt;\"><em>Una plataforma que en 2026 conectar\u00e1\u00a0<\/em><i>pa\u00edses, talentos y empresas<\/i><em>\u00a0a trav\u00e9s de 4 asociaciones de productoras, 1 mercado, 2 festivales y 3 laboratorios<\/em><\/span><\/strong><\/p>\n<p>2026 ser\u00e1 un a\u00f1o de consolidaci\u00f3n y expansi\u00f3n, gracias a la reciente incorporaci\u00f3n como coorganizadoras de las asociaciones de productoras independientes<em> BRAVI &#8211; Brasil Audiovisual Independente<\/em> and <em>ASOPROD &#8211; Asociaci\u00f3n de Productores y Realizadores de Cine del Uruguay<\/em>. De esta manera, crece el alcance territorial de nuestras acciones, el potencial n\u00famero de proyectos recibidos, y la comunidad de productoras y profesionales a la que nos dirigimos (m\u00e1s de 800 empresas representadas entre todas las asociaciones que integran Fantastika).<\/p>\n<p>Tambi\u00e9n se consolida la relaci\u00f3n con VENTANA SUR y su secci\u00f3n FANTASTIC!, se expande con HisteriaLab Costa Rica y su nueva segunda sede en Rep\u00fablica Dominicana, y se mantiene la fruct\u00edfera relaci\u00f3n con el Festival de Sitges.<\/p>\n<p>Destaca tambi\u00e9n la voluntad de ampliar la programaci\u00f3n online a trav\u00e9s de\u00a0 una agenda anual de actividades de debate, formaci\u00f3n y encuentros tem\u00e1ticos, una estrategia pensada para seguir construyendo comunidad.<\/p>\n<p>\u2014\u2014\u2014\u2014\u2014\u2014\u2014\u2014\u2014<\/p>\n<p><span style=\"color: #339966;\"><em>FANTASTI<\/em><span style=\"color: #993366;\"><em>K<\/em><\/span><em>A<\/em><\/span> es una comunidad creada por y para productoras independientes con el objetivo de fomentar una red donde compartir experiencia y conocimientos, avalar proyectos en desarrollo, organizar acciones de industria y generar coproducciones iberoamericanas.<\/p>\n<p>Una iniciativa que responde a una necesidad evidente: estamos viviendo una eclosi\u00f3n de talento, de nuevas voces y de oportunidades en el cine de g\u00e9nero dentro del espacio iberoamericano. Una bonanza que exige espacios s\u00f3lidos, profesionales y sostenidos en el tiempo, que acompa\u00f1en, visibilicen y fortalezcan a las productoras independientes y a sus talentos.<\/p>\n<p>Por eso, <span style=\"color: #339966;\"><em>FANTASTI<span style=\"color: #993366;\">K<\/span>A<\/em><\/span> se reivindica como una casa com\u00fan. Un lugar donde el sector se encuentre, se reconozca y colabore. Un agente activo del fortalecimiento y expansi\u00f3n internacional del mercado de cine independiente iberoamericano de g\u00e9nero. Porque la coproducci\u00f3n no es solo una estrategia de viabilidad, sino una forma de enriquecer los relatos, de sumar miradas y de multiplicar el alcance. De generar comunidad.<\/p>\n<p>\u2014\u2014\u2014\u2014\u2014\u2014\u2014\u2014\u2014<\/p>\n<p>M\u00e1s informaci\u00f3n en <a href=\"https:\/\/www.fantastikaforum.com\">https:\/\/www.fantastiKaforum.com<\/a><\/p>\n<p><a href=\"https:\/\/fantastikaforum.com\/inscripciones-y-bases\/\">WEB INSCRIPCIONES<\/a> | <a href=\"https:\/\/drive.google.com\/file\/d\/1vYJ_PL752SCR6iRoHnsMvPcTR5BIEgn5\/view\">BASES 2026<\/a> | <a href=\"https:\/\/docs.google.com\/forms\/d\/e\/1FAIpQLSe_tt8oh8VXNnytFxV6O7kITJcT9bsobV_xYfqj-aTlxdP1hw\/viewform\">INSCRIPCI\u00d3N DE PROYECTOS<\/a><\/p>\n<p>Redes sociales entidades coorganizadoras<\/p>\n<p><a href=\"https:\/\/www.linkedin.com\/company\/fantastika-forum\">FANTASTIKA<\/a> | <a href=\"https:\/\/www.instagram.com\/apima.productorxs\/\">APIMA<\/a> | <a href=\"https:\/\/uy.linkedin.com\/in\/asoprod-uruguay-4740441b\">ASOPROD<\/a> | <a href=\"https:\/\/br.linkedin.com\/company\/brazilian-content\">BRAVI &#8211; BRAZILIAN CONTENT<\/a> | <a href=\"https:\/\/www.instagram.com\/macabrofich\/\">MACABRO FICH<\/a> | <a href=\"https:\/\/es.linkedin.com\/company\/pac-associaci%C3%B3-de-productors-de-catalunya\">PAC<\/a><\/p>\n<p>&nbsp;<\/p>\n<p><img loading=\"lazy\" decoding=\"async\" class=\"alignnone wp-image-8023 aligncenter\" src=\"https:\/\/macabro.mx\/wp-content\/uploads\/2025\/12\/Logos-700x204.png\" alt=\"\" width=\"943\" height=\"275\" srcset=\"https:\/\/macabro.mx\/wp-content\/uploads\/2025\/12\/Logos-700x204.png 700w, https:\/\/macabro.mx\/wp-content\/uploads\/2025\/12\/Logos-250x73.png 250w, https:\/\/macabro.mx\/wp-content\/uploads\/2025\/12\/Logos-768x224.png 768w, https:\/\/macabro.mx\/wp-content\/uploads\/2025\/12\/Logos-18x5.png 18w, https:\/\/macabro.mx\/wp-content\/uploads\/2025\/12\/Logos-120x35.png 120w, https:\/\/macabro.mx\/wp-content\/uploads\/2025\/12\/Logos-200x58.png 200w, https:\/\/macabro.mx\/wp-content\/uploads\/2025\/12\/Logos.png 1158w\" sizes=\"auto, (max-width: 943px) 100vw, 943px\" \/><\/p>","protected":false},"excerpt":{"rendered":"Una comunidad creada por productoras para productoras Un lugar de aprendizaje y encuentro donde crear alianzas iberoamericanas para producir proyectos de g\u00e9nero Una plataforma que en 2026 conectar\u00e1 a 6 pa\u00edses a trav\u00e9s de 4 asociaciones de productoras, 1 mercado, 2 festivales y 3 laboratorios Anunciamos el comienzo de la convocatoria FANTASTIKA de recepci\u00f3n de","protected":false},"author":2,"featured_media":8026,"comment_status":"closed","ping_status":"closed","sticky":false,"template":"","format":"standard","meta":{"_acf_changed":false,"footnotes":""},"categories":[2],"tags":[96,128,20,416,298,337,1584,1525,1582,1532,48,23,54,1585,1271,1583],"festival_year":[],"class_list":["post-8022","post","type-post","status-publish","format-standard","has-post-thumbnail","hentry","category-diario-macabro","tag-horrorfilmfestivals","tag-cine-de-horror","tag-cine-de-terror","tag-cine-de-terror-mexicano","tag-cine-fantastico","tag-convocatorias","tag-coproduccion-audiovisual","tag-coproduccion-iberoamericana","tag-fantastic","tag-fantastika","tag-horror-films","tag-macabro-fich","tag-macabro-film-festival","tag-produccion-de-cine","tag-sitges","tag-ventana-sur"],"acf":[],"yoast_head":"<!-- This site is optimized with the Yoast SEO plugin v27.2 - https:\/\/yoast.com\/product\/yoast-seo-wordpress\/ -->\n<title>FANTASTIKA abre la convocatoria 2026 de recepci\u00f3n de proyectos | Macabro<\/title>\n<meta name=\"robots\" content=\"index, follow, max-snippet:-1, max-image-preview:large, max-video-preview:-1\" \/>\n<link rel=\"canonical\" href=\"https:\/\/macabro.mx\/en\/fantastika-abre-la-convocatoria-2026-de-recepcion-de-proyectos\/\" \/>\n<meta property=\"og:locale\" content=\"en_US\" \/>\n<meta property=\"og:type\" content=\"article\" \/>\n<meta property=\"og:title\" content=\"FANTASTIKA abre la convocatoria 2026 de recepci\u00f3n de proyectos | Macabro\" \/>\n<meta property=\"og:description\" content=\"Una comunidad creada por productoras para productoras Un lugar de aprendizaje y encuentro donde crear alianzas iberoamericanas para producir proyectos de g\u00e9nero Una plataforma que en 2026 conectar\u00e1 a 6 pa\u00edses a trav\u00e9s de 4 asociaciones de productoras, 1 mercado, 2 festivales y 3 laboratorios Anunciamos el comienzo de la convocatoria FANTASTIKA de recepci\u00f3n de\" \/>\n<meta property=\"og:url\" content=\"https:\/\/macabro.mx\/en\/fantastika-abre-la-convocatoria-2026-de-recepcion-de-proyectos\/\" \/>\n<meta property=\"og:site_name\" content=\"Macabro\" \/>\n<meta property=\"article:publisher\" content=\"https:\/\/www.facebook.com\/MacabroFICH\" \/>\n<meta property=\"article:published_time\" content=\"2025-12-08T17:25:57+00:00\" \/>\n<meta property=\"article:modified_time\" content=\"2025-12-08T17:28:13+00:00\" \/>\n<meta property=\"og:image\" content=\"https:\/\/macabro.mx\/wp-content\/uploads\/2025\/12\/inscripcion-de-proyectos-8-dic-2025-a-15-feb-2026-comunicacion-finalistas-1-marzo-2026-inscripcion-asistentes-Pitching-Forum-10-a-24-marzo-2026-Pitching-Forum-25-26-y-27-marzo-2026-Plataforma-Onl.png\" \/>\n\t<meta property=\"og:image:width\" content=\"1080\" \/>\n\t<meta property=\"og:image:height\" content=\"1440\" \/>\n\t<meta property=\"og:image:type\" content=\"image\/png\" \/>\n<meta name=\"author\" content=\"Diario Macabro\" \/>\n<meta name=\"twitter:card\" content=\"summary_large_image\" \/>\n<meta name=\"twitter:creator\" content=\"@MacabroFICH\" \/>\n<meta name=\"twitter:site\" content=\"@MacabroFICH\" \/>\n<meta name=\"twitter:label1\" content=\"Written by\" \/>\n\t<meta name=\"twitter:data1\" content=\"Diario Macabro\" \/>\n\t<meta name=\"twitter:label2\" content=\"Est. reading time\" \/>\n\t<meta name=\"twitter:data2\" content=\"3 minutes\" \/>\n<script type=\"application\/ld+json\" class=\"yoast-schema-graph\">{\"@context\":\"https:\/\/schema.org\",\"@graph\":[{\"@type\":\"Article\",\"@id\":\"https:\/\/macabro.mx\/fantastika-abre-la-convocatoria-2026-de-recepcion-de-proyectos\/#article\",\"isPartOf\":{\"@id\":\"https:\/\/macabro.mx\/fantastika-abre-la-convocatoria-2026-de-recepcion-de-proyectos\/\"},\"author\":{\"name\":\"Diario Macabro\",\"@id\":\"https:\/\/macabro.mx\/#\/schema\/person\/cb1d7e57b8371a3558481dab1425691d\"},\"headline\":\"FANTASTIKA abre la convocatoria 2026 de recepci\u00f3n de proyectos\",\"datePublished\":\"2025-12-08T17:25:57+00:00\",\"dateModified\":\"2025-12-08T17:28:13+00:00\",\"mainEntityOfPage\":{\"@id\":\"https:\/\/macabro.mx\/fantastika-abre-la-convocatoria-2026-de-recepcion-de-proyectos\/\"},\"wordCount\":563,\"publisher\":{\"@id\":\"https:\/\/macabro.mx\/#organization\"},\"image\":{\"@id\":\"https:\/\/macabro.mx\/fantastika-abre-la-convocatoria-2026-de-recepcion-de-proyectos\/#primaryimage\"},\"thumbnailUrl\":\"https:\/\/macabro.mx\/wp-content\/uploads\/2025\/12\/inscripcion-de-proyectos-8-dic-2025-a-15-feb-2026-comunicacion-finalistas-1-marzo-2026-inscripcion-asistentes-Pitching-Forum-10-a-24-marzo-2026-Pitching-Forum-25-26-y-27-marzo-2026-Plataforma-Onl.png\",\"keywords\":[\"#HorrorFilmFestivals\",\"Cine de horror\",\"cine de terror\",\"cine de terror mexicano\",\"Cine fantastico\",\"Convocatorias\",\"Coproduccion audiovisual\",\"Coproduccion Iberoamericana\",\"Fantastic!\",\"Fantastika\",\"Horror Films\",\"Macabro FICH\",\"Macabro Film Festival\",\"produccion de cine\",\"Sitges\",\"Ventana Sur\"],\"articleSection\":[\"Diario Macabro\"],\"inLanguage\":\"en-US\"},{\"@type\":\"WebPage\",\"@id\":\"https:\/\/macabro.mx\/fantastika-abre-la-convocatoria-2026-de-recepcion-de-proyectos\/\",\"url\":\"https:\/\/macabro.mx\/fantastika-abre-la-convocatoria-2026-de-recepcion-de-proyectos\/\",\"name\":\"FANTASTIKA abre la convocatoria 2026 de recepci\u00f3n de proyectos | Macabro\",\"isPartOf\":{\"@id\":\"https:\/\/macabro.mx\/#website\"},\"primaryImageOfPage\":{\"@id\":\"https:\/\/macabro.mx\/fantastika-abre-la-convocatoria-2026-de-recepcion-de-proyectos\/#primaryimage\"},\"image\":{\"@id\":\"https:\/\/macabro.mx\/fantastika-abre-la-convocatoria-2026-de-recepcion-de-proyectos\/#primaryimage\"},\"thumbnailUrl\":\"https:\/\/macabro.mx\/wp-content\/uploads\/2025\/12\/inscripcion-de-proyectos-8-dic-2025-a-15-feb-2026-comunicacion-finalistas-1-marzo-2026-inscripcion-asistentes-Pitching-Forum-10-a-24-marzo-2026-Pitching-Forum-25-26-y-27-marzo-2026-Plataforma-Onl.png\",\"datePublished\":\"2025-12-08T17:25:57+00:00\",\"dateModified\":\"2025-12-08T17:28:13+00:00\",\"breadcrumb\":{\"@id\":\"https:\/\/macabro.mx\/fantastika-abre-la-convocatoria-2026-de-recepcion-de-proyectos\/#breadcrumb\"},\"inLanguage\":\"en-US\",\"potentialAction\":[{\"@type\":\"ReadAction\",\"target\":[\"https:\/\/macabro.mx\/fantastika-abre-la-convocatoria-2026-de-recepcion-de-proyectos\/\"]}]},{\"@type\":\"ImageObject\",\"inLanguage\":\"en-US\",\"@id\":\"https:\/\/macabro.mx\/fantastika-abre-la-convocatoria-2026-de-recepcion-de-proyectos\/#primaryimage\",\"url\":\"https:\/\/macabro.mx\/wp-content\/uploads\/2025\/12\/inscripcion-de-proyectos-8-dic-2025-a-15-feb-2026-comunicacion-finalistas-1-marzo-2026-inscripcion-asistentes-Pitching-Forum-10-a-24-marzo-2026-Pitching-Forum-25-26-y-27-marzo-2026-Plataforma-Onl.png\",\"contentUrl\":\"https:\/\/macabro.mx\/wp-content\/uploads\/2025\/12\/inscripcion-de-proyectos-8-dic-2025-a-15-feb-2026-comunicacion-finalistas-1-marzo-2026-inscripcion-asistentes-Pitching-Forum-10-a-24-marzo-2026-Pitching-Forum-25-26-y-27-marzo-2026-Plataforma-Onl.png\",\"width\":1080,\"height\":1440},{\"@type\":\"BreadcrumbList\",\"@id\":\"https:\/\/macabro.mx\/fantastika-abre-la-convocatoria-2026-de-recepcion-de-proyectos\/#breadcrumb\",\"itemListElement\":[{\"@type\":\"ListItem\",\"position\":1,\"name\":\"Home\",\"item\":\"https:\/\/macabro.mx\/\"},{\"@type\":\"ListItem\",\"position\":2,\"name\":\"Diario Macabro\",\"item\":\"https:\/\/macabro.mx\/category\/diario-macabro\/\"},{\"@type\":\"ListItem\",\"position\":3,\"name\":\"FANTASTIKA abre la convocatoria 2026 de recepci\u00f3n de proyectos\"}]},{\"@type\":\"WebSite\",\"@id\":\"https:\/\/macabro.mx\/#website\",\"url\":\"https:\/\/macabro.mx\/\",\"name\":\"Macabro\",\"description\":\"Festival Internacional de Cine de Horror\",\"publisher\":{\"@id\":\"https:\/\/macabro.mx\/#organization\"},\"potentialAction\":[{\"@type\":\"SearchAction\",\"target\":{\"@type\":\"EntryPoint\",\"urlTemplate\":\"https:\/\/macabro.mx\/?s={search_term_string}\"},\"query-input\":{\"@type\":\"PropertyValueSpecification\",\"valueRequired\":true,\"valueName\":\"search_term_string\"}}],\"inLanguage\":\"en-US\"},{\"@type\":\"Organization\",\"@id\":\"https:\/\/macabro.mx\/#organization\",\"name\":\"Macabro Film Festival 2025\",\"url\":\"https:\/\/macabro.mx\/\",\"logo\":{\"@type\":\"ImageObject\",\"inLanguage\":\"en-US\",\"@id\":\"https:\/\/macabro.mx\/#\/schema\/logo\/image\/\",\"url\":\"https:\/\/macabro.mx\/wp-content\/uploads\/2020\/11\/logo-macabro.png\",\"contentUrl\":\"https:\/\/macabro.mx\/wp-content\/uploads\/2020\/11\/logo-macabro.png\",\"width\":870,\"height\":336,\"caption\":\"Macabro Film Festival 2025\"},\"image\":{\"@id\":\"https:\/\/macabro.mx\/#\/schema\/logo\/image\/\"},\"sameAs\":[\"https:\/\/www.facebook.com\/MacabroFICH\",\"https:\/\/x.com\/MacabroFICH\",\"https:\/\/www.instagram.com\/macabrofich\/\",\"https:\/\/www.youtube.com\/user\/macabrofest\"]},{\"@type\":\"Person\",\"@id\":\"https:\/\/macabro.mx\/#\/schema\/person\/cb1d7e57b8371a3558481dab1425691d\",\"name\":\"Diario Macabro\",\"image\":{\"@type\":\"ImageObject\",\"inLanguage\":\"en-US\",\"@id\":\"https:\/\/secure.gravatar.com\/avatar\/c503ddb7b9ab82ba0cd034365e426a9406aee5285d5579fbb648e22029e78d98?s=96&d=mm&r=g\",\"url\":\"https:\/\/secure.gravatar.com\/avatar\/c503ddb7b9ab82ba0cd034365e426a9406aee5285d5579fbb648e22029e78d98?s=96&d=mm&r=g\",\"contentUrl\":\"https:\/\/secure.gravatar.com\/avatar\/c503ddb7b9ab82ba0cd034365e426a9406aee5285d5579fbb648e22029e78d98?s=96&d=mm&r=g\",\"caption\":\"Diario Macabro\"},\"url\":\"https:\/\/macabro.mx\/en\/author\/diario-macabro\/\"}]}<\/script>\n<!-- \/ Yoast SEO plugin. -->","yoast_head_json":{"title":"FANTASTIKA abre la convocatoria 2026 de recepci\u00f3n de proyectos | Macabro","robots":{"index":"index","follow":"follow","max-snippet":"max-snippet:-1","max-image-preview":"max-image-preview:large","max-video-preview":"max-video-preview:-1"},"canonical":"https:\/\/macabro.mx\/en\/fantastika-abre-la-convocatoria-2026-de-recepcion-de-proyectos\/","og_locale":"en_US","og_type":"article","og_title":"FANTASTIKA abre la convocatoria 2026 de recepci\u00f3n de proyectos | Macabro","og_description":"Una comunidad creada por productoras para productoras Un lugar de aprendizaje y encuentro donde crear alianzas iberoamericanas para producir proyectos de g\u00e9nero Una plataforma que en 2026 conectar\u00e1 a 6 pa\u00edses a trav\u00e9s de 4 asociaciones de productoras, 1 mercado, 2 festivales y 3 laboratorios Anunciamos el comienzo de la convocatoria FANTASTIKA de recepci\u00f3n de","og_url":"https:\/\/macabro.mx\/en\/fantastika-abre-la-convocatoria-2026-de-recepcion-de-proyectos\/","og_site_name":"Macabro","article_publisher":"https:\/\/www.facebook.com\/MacabroFICH","article_published_time":"2025-12-08T17:25:57+00:00","article_modified_time":"2025-12-08T17:28:13+00:00","og_image":[{"width":1080,"height":1440,"url":"https:\/\/macabro.mx\/wp-content\/uploads\/2025\/12\/inscripcion-de-proyectos-8-dic-2025-a-15-feb-2026-comunicacion-finalistas-1-marzo-2026-inscripcion-asistentes-Pitching-Forum-10-a-24-marzo-2026-Pitching-Forum-25-26-y-27-marzo-2026-Plataforma-Onl.png","type":"image\/png"}],"author":"Diario Macabro","twitter_card":"summary_large_image","twitter_creator":"@MacabroFICH","twitter_site":"@MacabroFICH","twitter_misc":{"Written by":"Diario Macabro","Est. reading time":"3 minutes"},"schema":{"@context":"https:\/\/schema.org","@graph":[{"@type":"Article","@id":"https:\/\/macabro.mx\/fantastika-abre-la-convocatoria-2026-de-recepcion-de-proyectos\/#article","isPartOf":{"@id":"https:\/\/macabro.mx\/fantastika-abre-la-convocatoria-2026-de-recepcion-de-proyectos\/"},"author":{"name":"Diario Macabro","@id":"https:\/\/macabro.mx\/#\/schema\/person\/cb1d7e57b8371a3558481dab1425691d"},"headline":"FANTASTIKA abre la convocatoria 2026 de recepci\u00f3n de proyectos","datePublished":"2025-12-08T17:25:57+00:00","dateModified":"2025-12-08T17:28:13+00:00","mainEntityOfPage":{"@id":"https:\/\/macabro.mx\/fantastika-abre-la-convocatoria-2026-de-recepcion-de-proyectos\/"},"wordCount":563,"publisher":{"@id":"https:\/\/macabro.mx\/#organization"},"image":{"@id":"https:\/\/macabro.mx\/fantastika-abre-la-convocatoria-2026-de-recepcion-de-proyectos\/#primaryimage"},"thumbnailUrl":"https:\/\/macabro.mx\/wp-content\/uploads\/2025\/12\/inscripcion-de-proyectos-8-dic-2025-a-15-feb-2026-comunicacion-finalistas-1-marzo-2026-inscripcion-asistentes-Pitching-Forum-10-a-24-marzo-2026-Pitching-Forum-25-26-y-27-marzo-2026-Plataforma-Onl.png","keywords":["#HorrorFilmFestivals","Cine de horror","cine de terror","cine de terror mexicano","Cine fantastico","Convocatorias","Coproduccion audiovisual","Coproduccion Iberoamericana","Fantastic!","Fantastika","Horror Films","Macabro FICH","Macabro Film Festival","produccion de cine","Sitges","Ventana Sur"],"articleSection":["Diario Macabro"],"inLanguage":"en-US"},{"@type":"WebPage","@id":"https:\/\/macabro.mx\/fantastika-abre-la-convocatoria-2026-de-recepcion-de-proyectos\/","url":"https:\/\/macabro.mx\/fantastika-abre-la-convocatoria-2026-de-recepcion-de-proyectos\/","name":"FANTASTIKA abre la convocatoria 2026 de recepci\u00f3n de proyectos | Macabro","isPartOf":{"@id":"https:\/\/macabro.mx\/#website"},"primaryImageOfPage":{"@id":"https:\/\/macabro.mx\/fantastika-abre-la-convocatoria-2026-de-recepcion-de-proyectos\/#primaryimage"},"image":{"@id":"https:\/\/macabro.mx\/fantastika-abre-la-convocatoria-2026-de-recepcion-de-proyectos\/#primaryimage"},"thumbnailUrl":"https:\/\/macabro.mx\/wp-content\/uploads\/2025\/12\/inscripcion-de-proyectos-8-dic-2025-a-15-feb-2026-comunicacion-finalistas-1-marzo-2026-inscripcion-asistentes-Pitching-Forum-10-a-24-marzo-2026-Pitching-Forum-25-26-y-27-marzo-2026-Plataforma-Onl.png","datePublished":"2025-12-08T17:25:57+00:00","dateModified":"2025-12-08T17:28:13+00:00","breadcrumb":{"@id":"https:\/\/macabro.mx\/fantastika-abre-la-convocatoria-2026-de-recepcion-de-proyectos\/#breadcrumb"},"inLanguage":"en-US","potentialAction":[{"@type":"ReadAction","target":["https:\/\/macabro.mx\/fantastika-abre-la-convocatoria-2026-de-recepcion-de-proyectos\/"]}]},{"@type":"ImageObject","inLanguage":"en-US","@id":"https:\/\/macabro.mx\/fantastika-abre-la-convocatoria-2026-de-recepcion-de-proyectos\/#primaryimage","url":"https:\/\/macabro.mx\/wp-content\/uploads\/2025\/12\/inscripcion-de-proyectos-8-dic-2025-a-15-feb-2026-comunicacion-finalistas-1-marzo-2026-inscripcion-asistentes-Pitching-Forum-10-a-24-marzo-2026-Pitching-Forum-25-26-y-27-marzo-2026-Plataforma-Onl.png","contentUrl":"https:\/\/macabro.mx\/wp-content\/uploads\/2025\/12\/inscripcion-de-proyectos-8-dic-2025-a-15-feb-2026-comunicacion-finalistas-1-marzo-2026-inscripcion-asistentes-Pitching-Forum-10-a-24-marzo-2026-Pitching-Forum-25-26-y-27-marzo-2026-Plataforma-Onl.png","width":1080,"height":1440},{"@type":"BreadcrumbList","@id":"https:\/\/macabro.mx\/fantastika-abre-la-convocatoria-2026-de-recepcion-de-proyectos\/#breadcrumb","itemListElement":[{"@type":"ListItem","position":1,"name":"Home","item":"https:\/\/macabro.mx\/"},{"@type":"ListItem","position":2,"name":"Diario Macabro","item":"https:\/\/macabro.mx\/category\/diario-macabro\/"},{"@type":"ListItem","position":3,"name":"FANTASTIKA abre la convocatoria 2026 de recepci\u00f3n de proyectos"}]},{"@type":"WebSite","@id":"https:\/\/macabro.mx\/#website","url":"https:\/\/macabro.mx\/","name":"Macabro","description":"Festival Internacional de Cine de Horror","publisher":{"@id":"https:\/\/macabro.mx\/#organization"},"potentialAction":[{"@type":"SearchAction","target":{"@type":"EntryPoint","urlTemplate":"https:\/\/macabro.mx\/?s={search_term_string}"},"query-input":{"@type":"PropertyValueSpecification","valueRequired":true,"valueName":"search_term_string"}}],"inLanguage":"en-US"},{"@type":"Organization","@id":"https:\/\/macabro.mx\/#organization","name":"Macabro Film Festival 2025","url":"https:\/\/macabro.mx\/","logo":{"@type":"ImageObject","inLanguage":"en-US","@id":"https:\/\/macabro.mx\/#\/schema\/logo\/image\/","url":"https:\/\/macabro.mx\/wp-content\/uploads\/2020\/11\/logo-macabro.png","contentUrl":"https:\/\/macabro.mx\/wp-content\/uploads\/2020\/11\/logo-macabro.png","width":870,"height":336,"caption":"Macabro Film Festival 2025"},"image":{"@id":"https:\/\/macabro.mx\/#\/schema\/logo\/image\/"},"sameAs":["https:\/\/www.facebook.com\/MacabroFICH","https:\/\/x.com\/MacabroFICH","https:\/\/www.instagram.com\/macabrofich\/","https:\/\/www.youtube.com\/user\/macabrofest"]},{"@type":"Person","@id":"https:\/\/macabro.mx\/#\/schema\/person\/cb1d7e57b8371a3558481dab1425691d","name":"Diario Macabro","image":{"@type":"ImageObject","inLanguage":"en-US","@id":"https:\/\/secure.gravatar.com\/avatar\/c503ddb7b9ab82ba0cd034365e426a9406aee5285d5579fbb648e22029e78d98?s=96&d=mm&r=g","url":"https:\/\/secure.gravatar.com\/avatar\/c503ddb7b9ab82ba0cd034365e426a9406aee5285d5579fbb648e22029e78d98?s=96&d=mm&r=g","contentUrl":"https:\/\/secure.gravatar.com\/avatar\/c503ddb7b9ab82ba0cd034365e426a9406aee5285d5579fbb648e22029e78d98?s=96&d=mm&r=g","caption":"Diario Macabro"},"url":"https:\/\/macabro.mx\/en\/author\/diario-macabro\/"}]}},"_links":{"self":[{"href":"https:\/\/macabro.mx\/en\/wp-json\/wp\/v2\/posts\/8022","targetHints":{"allow":["GET"]}}],"collection":[{"href":"https:\/\/macabro.mx\/en\/wp-json\/wp\/v2\/posts"}],"about":[{"href":"https:\/\/macabro.mx\/en\/wp-json\/wp\/v2\/types\/post"}],"author":[{"embeddable":true,"href":"https:\/\/macabro.mx\/en\/wp-json\/wp\/v2\/users\/2"}],"replies":[{"embeddable":true,"href":"https:\/\/macabro.mx\/en\/wp-json\/wp\/v2\/comments?post=8022"}],"version-history":[{"count":5,"href":"https:\/\/macabro.mx\/en\/wp-json\/wp\/v2\/posts\/8022\/revisions"}],"predecessor-version":[{"id":8029,"href":"https:\/\/macabro.mx\/en\/wp-json\/wp\/v2\/posts\/8022\/revisions\/8029"}],"wp:featuredmedia":[{"embeddable":true,"href":"https:\/\/macabro.mx\/en\/wp-json\/wp\/v2\/media\/8026"}],"wp:attachment":[{"href":"https:\/\/macabro.mx\/en\/wp-json\/wp\/v2\/media?parent=8022"}],"wp:term":[{"taxonomy":"category","embeddable":true,"href":"https:\/\/macabro.mx\/en\/wp-json\/wp\/v2\/categories?post=8022"},{"taxonomy":"post_tag","embeddable":true,"href":"https:\/\/macabro.mx\/en\/wp-json\/wp\/v2\/tags?post=8022"},{"taxonomy":"festival_year","embeddable":true,"href":"https:\/\/macabro.mx\/en\/wp-json\/wp\/v2\/festival_year?post=8022"}],"curies":[{"name":"wp","href":"https:\/\/api.w.org\/{rel}","templated":true}]}}