{"id":823,"date":"2016-01-26T15:39:34","date_gmt":"2016-01-26T21:39:34","guid":{"rendered":"https:\/\/macabro.mx\/?p=823"},"modified":"2016-08-07T21:45:05","modified_gmt":"2016-08-08T02:45:05","slug":"macabronocturno-estamos-de-vuelta","status":"publish","type":"post","link":"https:\/\/macabro.mx\/en\/macabronocturno-estamos-de-vuelta\/","title":{"rendered":"#MacabroNocturno: \u00a1Estamos de vuelta!"},"content":{"rendered":"<p><img loading=\"lazy\" decoding=\"async\" width=\"450\" height=\"233\" class=\"aligncenter size-full wp-image-1054\" src=\"https:\/\/macabro.mx\/wp-content\/uploads\/2016\/01\/macabronocturno-estamos-de-vuelta0.jpg\" alt=\"macabronocturno-estamos-de-vuelta0\" srcset=\"https:\/\/macabro.mx\/wp-content\/uploads\/2016\/01\/macabronocturno-estamos-de-vuelta0.jpg 450w, https:\/\/macabro.mx\/wp-content\/uploads\/2016\/01\/macabronocturno-estamos-de-vuelta0-300x155.jpg 300w\" sizes=\"auto, (max-width: 450px) 100vw, 450px\" \/><\/p>\n<p>\u00a1Estamos de vuelta! Como cada mes, regresamos a la Casa del Cine con programaci\u00f3n salida de nuestro ba\u00fal macabro. Este mes, tendremos a la directora Laurette Flores (M\u00e9xico B\u00e1rbaro) presentando su primer cortometraje Bautizo.<\/p>\n<p><span style=\"color: #ff0000;\"><strong>La segunda muerte \u00a0<\/strong><strong>Director<\/strong>: Santiago Fern\u00e1ndez Calvete\u00a0<strong>Pa\u00eds<\/strong>: Argentina\u00a0<strong>A\u00f1o:<\/strong> 2012 \u00a0<strong>Duraci\u00f3n: <\/strong>91 min\u00a0<strong>Idioma: <\/strong>Espa\u00f1ol<\/span><\/p>\n<p><strong>Sinopsis: <\/strong>Un peque\u00f1o pueblo, un ni\u00f1o con poderes sobrenaturales, una mujer polic\u00eda que desea resolver una serie de cr\u00edmenes, unos muertos que han sido incinerados. Y la extra\u00f1a aparici\u00f3n de la virgen Mar\u00eda en cada uno de estos casos. Todos estos elementos componen el rompecabezas de <em>La segunda muerte,<\/em> un thriller sobrenatural que mezcla lo m\u00e1s cl\u00e1sico del relato policiaco con una mirada algo ap\u00f3crifa del terror con tintes religiosos.<\/p>\n<p>Adem\u00e1s:<\/p>\n<p><span style=\"color: #ff0000;\"><strong>\u00a0Bautizo\u00a0<\/strong>Director: Laurette Flores Bornn\u00a0Pa\u00eds: M\u00e9xico\u00a0A\u00f1o: 2013\u00a0Duraci\u00f3n: 11 min\u00a0Idioma: Espa\u00f1ol<\/span><\/p>\n<p>Sinopsis: En un pueblo mexicano una familia rechaza a su hijo primog\u00e9nito al tiempo que favorece a la hija reci\u00e9n nacida. Durante el festejo del bautizo de la ni\u00f1a esta situaci\u00f3n se torna tr\u00e1gica. Basado en el cuento &#8220;La gallina degollada&#8221; de Horacio Quiroga.<\/p>\n<p>S\u00e1bado 30 de enero de 2016 |\u00a0Casa del Cine (Rep\u00fablica de Uruguay 52, 2\u00ba piso. Centro Hist\u00f3rico M\u00e9xico D.F. | Tel. 55 124243) |8:00 pm | Entrada $40.00 (Preventa a partir de las 12 del d\u00eda del jueves 28 de enero). |lacasadelcine.mx<\/p>\n<p>&nbsp;<\/p>","protected":false},"excerpt":{"rendered":"\u00a1Estamos de vuelta! Como cada mes, regresamos a la Casa del Cine con programaci\u00f3n salida de nuestro ba\u00fal macabro. Este mes, tendremos a la directora Laurette Flores (M\u00e9xico B\u00e1rbaro) presentando su primer cortometraje Bautizo. La segunda muerte \u00a0Director: Santiago Fern\u00e1ndez Calvete\u00a0Pa\u00eds: Argentina\u00a0A\u00f1o: 2012 \u00a0Duraci\u00f3n: 91 min\u00a0Idioma: Espa\u00f1ol Sinopsis: Un peque\u00f1o pueblo, un ni\u00f1o con poderes","protected":false},"author":2,"featured_media":1054,"comment_status":"open","ping_status":"open","sticky":false,"template":"","format":"standard","meta":{"_acf_changed":false,"footnotes":""},"categories":[2],"tags":[84,85,86,65,57],"festival_year":[],"class_list":["post-823","post","type-post","status-publish","format-standard","has-post-thumbnail","hentry","category-diario-macabro","tag-casadelcinemx","tag-cinedeterror-horrorfilmfest","tag-macabronocturno","tag-cdmx","tag-macabrofich"],"acf":[],"yoast_head":"<!-- This site is optimized with the Yoast SEO plugin v27.2 - https:\/\/yoast.com\/product\/yoast-seo-wordpress\/ -->\n<title>#MacabroNocturno: \u00a1Estamos de vuelta! | Macabro<\/title>\n<meta name=\"robots\" content=\"index, follow, max-snippet:-1, max-image-preview:large, max-video-preview:-1\" \/>\n<link rel=\"canonical\" href=\"https:\/\/macabro.mx\/en\/macabronocturno-estamos-de-vuelta\/\" \/>\n<meta property=\"og:locale\" content=\"en_US\" \/>\n<meta property=\"og:type\" content=\"article\" \/>\n<meta property=\"og:title\" content=\"#MacabroNocturno: \u00a1Estamos de vuelta! | Macabro\" \/>\n<meta property=\"og:description\" content=\"\u00a1Estamos de vuelta! Como cada mes, regresamos a la Casa del Cine con programaci\u00f3n salida de nuestro ba\u00fal macabro. Este mes, tendremos a la directora Laurette Flores (M\u00e9xico B\u00e1rbaro) presentando su primer cortometraje Bautizo. La segunda muerte \u00a0Director: Santiago Fern\u00e1ndez Calvete\u00a0Pa\u00eds: Argentina\u00a0A\u00f1o: 2012 \u00a0Duraci\u00f3n: 91 min\u00a0Idioma: Espa\u00f1ol Sinopsis: Un peque\u00f1o pueblo, un ni\u00f1o con poderes\" \/>\n<meta property=\"og:url\" content=\"https:\/\/macabro.mx\/en\/macabronocturno-estamos-de-vuelta\/\" \/>\n<meta property=\"og:site_name\" content=\"Macabro\" \/>\n<meta property=\"article:publisher\" content=\"https:\/\/www.facebook.com\/MacabroFICH\" \/>\n<meta property=\"article:published_time\" content=\"2016-01-26T21:39:34+00:00\" \/>\n<meta property=\"article:modified_time\" content=\"2016-08-08T02:45:05+00:00\" \/>\n<meta property=\"og:image\" content=\"https:\/\/macabro.mx\/wp-content\/uploads\/2016\/01\/macabronocturno-estamos-de-vuelta0.jpg\" \/>\n\t<meta property=\"og:image:width\" content=\"450\" \/>\n\t<meta property=\"og:image:height\" content=\"233\" \/>\n\t<meta property=\"og:image:type\" content=\"image\/jpeg\" \/>\n<meta name=\"author\" content=\"Diario Macabro\" \/>\n<meta name=\"twitter:card\" content=\"summary_large_image\" \/>\n<meta name=\"twitter:creator\" content=\"@MacabroFICH\" \/>\n<meta name=\"twitter:site\" content=\"@MacabroFICH\" \/>\n<meta name=\"twitter:label1\" content=\"Written by\" \/>\n\t<meta name=\"twitter:data1\" content=\"Diario Macabro\" \/>\n\t<meta name=\"twitter:label2\" content=\"Est. reading time\" \/>\n\t<meta name=\"twitter:data2\" content=\"1 minute\" \/>\n<script type=\"application\/ld+json\" class=\"yoast-schema-graph\">{\"@context\":\"https:\/\/schema.org\",\"@graph\":[{\"@type\":\"Article\",\"@id\":\"https:\/\/macabro.mx\/macabronocturno-estamos-de-vuelta\/#article\",\"isPartOf\":{\"@id\":\"https:\/\/macabro.mx\/macabronocturno-estamos-de-vuelta\/\"},\"author\":{\"name\":\"Diario Macabro\",\"@id\":\"https:\/\/macabro.mx\/#\/schema\/person\/cb1d7e57b8371a3558481dab1425691d\"},\"headline\":\"#MacabroNocturno: \u00a1Estamos de vuelta!\",\"datePublished\":\"2016-01-26T21:39:34+00:00\",\"dateModified\":\"2016-08-08T02:45:05+00:00\",\"mainEntityOfPage\":{\"@id\":\"https:\/\/macabro.mx\/macabronocturno-estamos-de-vuelta\/\"},\"wordCount\":247,\"commentCount\":0,\"publisher\":{\"@id\":\"https:\/\/macabro.mx\/#organization\"},\"image\":{\"@id\":\"https:\/\/macabro.mx\/macabronocturno-estamos-de-vuelta\/#primaryimage\"},\"thumbnailUrl\":\"https:\/\/macabro.mx\/wp-content\/uploads\/2016\/01\/macabronocturno-estamos-de-vuelta0.jpg\",\"keywords\":[\"#casadelcinemx\",\"#cinedeterror #HorrorFilmFest\",\"#MacabroNocturno\",\"CDMX\",\"MacabroFICH\"],\"articleSection\":[\"Diario Macabro\"],\"inLanguage\":\"en-US\",\"potentialAction\":[{\"@type\":\"CommentAction\",\"name\":\"Comment\",\"target\":[\"https:\/\/macabro.mx\/macabronocturno-estamos-de-vuelta\/#respond\"]}]},{\"@type\":\"WebPage\",\"@id\":\"https:\/\/macabro.mx\/macabronocturno-estamos-de-vuelta\/\",\"url\":\"https:\/\/macabro.mx\/macabronocturno-estamos-de-vuelta\/\",\"name\":\"#MacabroNocturno: \u00a1Estamos de vuelta! | Macabro\",\"isPartOf\":{\"@id\":\"https:\/\/macabro.mx\/#website\"},\"primaryImageOfPage\":{\"@id\":\"https:\/\/macabro.mx\/macabronocturno-estamos-de-vuelta\/#primaryimage\"},\"image\":{\"@id\":\"https:\/\/macabro.mx\/macabronocturno-estamos-de-vuelta\/#primaryimage\"},\"thumbnailUrl\":\"https:\/\/macabro.mx\/wp-content\/uploads\/2016\/01\/macabronocturno-estamos-de-vuelta0.jpg\",\"datePublished\":\"2016-01-26T21:39:34+00:00\",\"dateModified\":\"2016-08-08T02:45:05+00:00\",\"breadcrumb\":{\"@id\":\"https:\/\/macabro.mx\/macabronocturno-estamos-de-vuelta\/#breadcrumb\"},\"inLanguage\":\"en-US\",\"potentialAction\":[{\"@type\":\"ReadAction\",\"target\":[\"https:\/\/macabro.mx\/macabronocturno-estamos-de-vuelta\/\"]}]},{\"@type\":\"ImageObject\",\"inLanguage\":\"en-US\",\"@id\":\"https:\/\/macabro.mx\/macabronocturno-estamos-de-vuelta\/#primaryimage\",\"url\":\"https:\/\/macabro.mx\/wp-content\/uploads\/2016\/01\/macabronocturno-estamos-de-vuelta0.jpg\",\"contentUrl\":\"https:\/\/macabro.mx\/wp-content\/uploads\/2016\/01\/macabronocturno-estamos-de-vuelta0.jpg\",\"width\":450,\"height\":233},{\"@type\":\"BreadcrumbList\",\"@id\":\"https:\/\/macabro.mx\/macabronocturno-estamos-de-vuelta\/#breadcrumb\",\"itemListElement\":[{\"@type\":\"ListItem\",\"position\":1,\"name\":\"Home\",\"item\":\"https:\/\/macabro.mx\/\"},{\"@type\":\"ListItem\",\"position\":2,\"name\":\"Diario Macabro\",\"item\":\"https:\/\/macabro.mx\/category\/diario-macabro\/\"},{\"@type\":\"ListItem\",\"position\":3,\"name\":\"#MacabroNocturno: \u00a1Estamos de vuelta!\"}]},{\"@type\":\"WebSite\",\"@id\":\"https:\/\/macabro.mx\/#website\",\"url\":\"https:\/\/macabro.mx\/\",\"name\":\"Macabro\",\"description\":\"Festival Internacional de Cine de Horror\",\"publisher\":{\"@id\":\"https:\/\/macabro.mx\/#organization\"},\"potentialAction\":[{\"@type\":\"SearchAction\",\"target\":{\"@type\":\"EntryPoint\",\"urlTemplate\":\"https:\/\/macabro.mx\/?s={search_term_string}\"},\"query-input\":{\"@type\":\"PropertyValueSpecification\",\"valueRequired\":true,\"valueName\":\"search_term_string\"}}],\"inLanguage\":\"en-US\"},{\"@type\":\"Organization\",\"@id\":\"https:\/\/macabro.mx\/#organization\",\"name\":\"Macabro Film Festival 2025\",\"url\":\"https:\/\/macabro.mx\/\",\"logo\":{\"@type\":\"ImageObject\",\"inLanguage\":\"en-US\",\"@id\":\"https:\/\/macabro.mx\/#\/schema\/logo\/image\/\",\"url\":\"https:\/\/macabro.mx\/wp-content\/uploads\/2020\/11\/logo-macabro.png\",\"contentUrl\":\"https:\/\/macabro.mx\/wp-content\/uploads\/2020\/11\/logo-macabro.png\",\"width\":870,\"height\":336,\"caption\":\"Macabro Film Festival 2025\"},\"image\":{\"@id\":\"https:\/\/macabro.mx\/#\/schema\/logo\/image\/\"},\"sameAs\":[\"https:\/\/www.facebook.com\/MacabroFICH\",\"https:\/\/x.com\/MacabroFICH\",\"https:\/\/www.instagram.com\/macabrofich\/\",\"https:\/\/www.youtube.com\/user\/macabrofest\"]},{\"@type\":\"Person\",\"@id\":\"https:\/\/macabro.mx\/#\/schema\/person\/cb1d7e57b8371a3558481dab1425691d\",\"name\":\"Diario Macabro\",\"image\":{\"@type\":\"ImageObject\",\"inLanguage\":\"en-US\",\"@id\":\"https:\/\/secure.gravatar.com\/avatar\/c503ddb7b9ab82ba0cd034365e426a9406aee5285d5579fbb648e22029e78d98?s=96&d=mm&r=g\",\"url\":\"https:\/\/secure.gravatar.com\/avatar\/c503ddb7b9ab82ba0cd034365e426a9406aee5285d5579fbb648e22029e78d98?s=96&d=mm&r=g\",\"contentUrl\":\"https:\/\/secure.gravatar.com\/avatar\/c503ddb7b9ab82ba0cd034365e426a9406aee5285d5579fbb648e22029e78d98?s=96&d=mm&r=g\",\"caption\":\"Diario Macabro\"},\"url\":\"https:\/\/macabro.mx\/en\/author\/diario-macabro\/\"}]}<\/script>\n<!-- \/ Yoast SEO plugin. -->","yoast_head_json":{"title":"#MacabroNocturno: \u00a1Estamos de vuelta! | Macabro","robots":{"index":"index","follow":"follow","max-snippet":"max-snippet:-1","max-image-preview":"max-image-preview:large","max-video-preview":"max-video-preview:-1"},"canonical":"https:\/\/macabro.mx\/en\/macabronocturno-estamos-de-vuelta\/","og_locale":"en_US","og_type":"article","og_title":"#MacabroNocturno: \u00a1Estamos de vuelta! | Macabro","og_description":"\u00a1Estamos de vuelta! Como cada mes, regresamos a la Casa del Cine con programaci\u00f3n salida de nuestro ba\u00fal macabro. Este mes, tendremos a la directora Laurette Flores (M\u00e9xico B\u00e1rbaro) presentando su primer cortometraje Bautizo. La segunda muerte \u00a0Director: Santiago Fern\u00e1ndez Calvete\u00a0Pa\u00eds: Argentina\u00a0A\u00f1o: 2012 \u00a0Duraci\u00f3n: 91 min\u00a0Idioma: Espa\u00f1ol Sinopsis: Un peque\u00f1o pueblo, un ni\u00f1o con poderes","og_url":"https:\/\/macabro.mx\/en\/macabronocturno-estamos-de-vuelta\/","og_site_name":"Macabro","article_publisher":"https:\/\/www.facebook.com\/MacabroFICH","article_published_time":"2016-01-26T21:39:34+00:00","article_modified_time":"2016-08-08T02:45:05+00:00","og_image":[{"width":450,"height":233,"url":"https:\/\/macabro.mx\/wp-content\/uploads\/2016\/01\/macabronocturno-estamos-de-vuelta0.jpg","type":"image\/jpeg"}],"author":"Diario Macabro","twitter_card":"summary_large_image","twitter_creator":"@MacabroFICH","twitter_site":"@MacabroFICH","twitter_misc":{"Written by":"Diario Macabro","Est. reading time":"1 minute"},"schema":{"@context":"https:\/\/schema.org","@graph":[{"@type":"Article","@id":"https:\/\/macabro.mx\/macabronocturno-estamos-de-vuelta\/#article","isPartOf":{"@id":"https:\/\/macabro.mx\/macabronocturno-estamos-de-vuelta\/"},"author":{"name":"Diario Macabro","@id":"https:\/\/macabro.mx\/#\/schema\/person\/cb1d7e57b8371a3558481dab1425691d"},"headline":"#MacabroNocturno: \u00a1Estamos de vuelta!","datePublished":"2016-01-26T21:39:34+00:00","dateModified":"2016-08-08T02:45:05+00:00","mainEntityOfPage":{"@id":"https:\/\/macabro.mx\/macabronocturno-estamos-de-vuelta\/"},"wordCount":247,"commentCount":0,"publisher":{"@id":"https:\/\/macabro.mx\/#organization"},"image":{"@id":"https:\/\/macabro.mx\/macabronocturno-estamos-de-vuelta\/#primaryimage"},"thumbnailUrl":"https:\/\/macabro.mx\/wp-content\/uploads\/2016\/01\/macabronocturno-estamos-de-vuelta0.jpg","keywords":["#casadelcinemx","#cinedeterror #HorrorFilmFest","#MacabroNocturno","CDMX","MacabroFICH"],"articleSection":["Diario Macabro"],"inLanguage":"en-US","potentialAction":[{"@type":"CommentAction","name":"Comment","target":["https:\/\/macabro.mx\/macabronocturno-estamos-de-vuelta\/#respond"]}]},{"@type":"WebPage","@id":"https:\/\/macabro.mx\/macabronocturno-estamos-de-vuelta\/","url":"https:\/\/macabro.mx\/macabronocturno-estamos-de-vuelta\/","name":"#MacabroNocturno: \u00a1Estamos de vuelta! | Macabro","isPartOf":{"@id":"https:\/\/macabro.mx\/#website"},"primaryImageOfPage":{"@id":"https:\/\/macabro.mx\/macabronocturno-estamos-de-vuelta\/#primaryimage"},"image":{"@id":"https:\/\/macabro.mx\/macabronocturno-estamos-de-vuelta\/#primaryimage"},"thumbnailUrl":"https:\/\/macabro.mx\/wp-content\/uploads\/2016\/01\/macabronocturno-estamos-de-vuelta0.jpg","datePublished":"2016-01-26T21:39:34+00:00","dateModified":"2016-08-08T02:45:05+00:00","breadcrumb":{"@id":"https:\/\/macabro.mx\/macabronocturno-estamos-de-vuelta\/#breadcrumb"},"inLanguage":"en-US","potentialAction":[{"@type":"ReadAction","target":["https:\/\/macabro.mx\/macabronocturno-estamos-de-vuelta\/"]}]},{"@type":"ImageObject","inLanguage":"en-US","@id":"https:\/\/macabro.mx\/macabronocturno-estamos-de-vuelta\/#primaryimage","url":"https:\/\/macabro.mx\/wp-content\/uploads\/2016\/01\/macabronocturno-estamos-de-vuelta0.jpg","contentUrl":"https:\/\/macabro.mx\/wp-content\/uploads\/2016\/01\/macabronocturno-estamos-de-vuelta0.jpg","width":450,"height":233},{"@type":"BreadcrumbList","@id":"https:\/\/macabro.mx\/macabronocturno-estamos-de-vuelta\/#breadcrumb","itemListElement":[{"@type":"ListItem","position":1,"name":"Home","item":"https:\/\/macabro.mx\/"},{"@type":"ListItem","position":2,"name":"Diario Macabro","item":"https:\/\/macabro.mx\/category\/diario-macabro\/"},{"@type":"ListItem","position":3,"name":"#MacabroNocturno: \u00a1Estamos de vuelta!"}]},{"@type":"WebSite","@id":"https:\/\/macabro.mx\/#website","url":"https:\/\/macabro.mx\/","name":"Macabro","description":"Festival Internacional de Cine de Horror","publisher":{"@id":"https:\/\/macabro.mx\/#organization"},"potentialAction":[{"@type":"SearchAction","target":{"@type":"EntryPoint","urlTemplate":"https:\/\/macabro.mx\/?s={search_term_string}"},"query-input":{"@type":"PropertyValueSpecification","valueRequired":true,"valueName":"search_term_string"}}],"inLanguage":"en-US"},{"@type":"Organization","@id":"https:\/\/macabro.mx\/#organization","name":"Macabro Film Festival 2025","url":"https:\/\/macabro.mx\/","logo":{"@type":"ImageObject","inLanguage":"en-US","@id":"https:\/\/macabro.mx\/#\/schema\/logo\/image\/","url":"https:\/\/macabro.mx\/wp-content\/uploads\/2020\/11\/logo-macabro.png","contentUrl":"https:\/\/macabro.mx\/wp-content\/uploads\/2020\/11\/logo-macabro.png","width":870,"height":336,"caption":"Macabro Film Festival 2025"},"image":{"@id":"https:\/\/macabro.mx\/#\/schema\/logo\/image\/"},"sameAs":["https:\/\/www.facebook.com\/MacabroFICH","https:\/\/x.com\/MacabroFICH","https:\/\/www.instagram.com\/macabrofich\/","https:\/\/www.youtube.com\/user\/macabrofest"]},{"@type":"Person","@id":"https:\/\/macabro.mx\/#\/schema\/person\/cb1d7e57b8371a3558481dab1425691d","name":"Diario Macabro","image":{"@type":"ImageObject","inLanguage":"en-US","@id":"https:\/\/secure.gravatar.com\/avatar\/c503ddb7b9ab82ba0cd034365e426a9406aee5285d5579fbb648e22029e78d98?s=96&d=mm&r=g","url":"https:\/\/secure.gravatar.com\/avatar\/c503ddb7b9ab82ba0cd034365e426a9406aee5285d5579fbb648e22029e78d98?s=96&d=mm&r=g","contentUrl":"https:\/\/secure.gravatar.com\/avatar\/c503ddb7b9ab82ba0cd034365e426a9406aee5285d5579fbb648e22029e78d98?s=96&d=mm&r=g","caption":"Diario Macabro"},"url":"https:\/\/macabro.mx\/en\/author\/diario-macabro\/"}]}},"_links":{"self":[{"href":"https:\/\/macabro.mx\/en\/wp-json\/wp\/v2\/posts\/823","targetHints":{"allow":["GET"]}}],"collection":[{"href":"https:\/\/macabro.mx\/en\/wp-json\/wp\/v2\/posts"}],"about":[{"href":"https:\/\/macabro.mx\/en\/wp-json\/wp\/v2\/types\/post"}],"author":[{"embeddable":true,"href":"https:\/\/macabro.mx\/en\/wp-json\/wp\/v2\/users\/2"}],"replies":[{"embeddable":true,"href":"https:\/\/macabro.mx\/en\/wp-json\/wp\/v2\/comments?post=823"}],"version-history":[{"count":1,"href":"https:\/\/macabro.mx\/en\/wp-json\/wp\/v2\/posts\/823\/revisions"}],"predecessor-version":[{"id":1587,"href":"https:\/\/macabro.mx\/en\/wp-json\/wp\/v2\/posts\/823\/revisions\/1587"}],"wp:featuredmedia":[{"embeddable":true,"href":"https:\/\/macabro.mx\/en\/wp-json\/wp\/v2\/media\/1054"}],"wp:attachment":[{"href":"https:\/\/macabro.mx\/en\/wp-json\/wp\/v2\/media?parent=823"}],"wp:term":[{"taxonomy":"category","embeddable":true,"href":"https:\/\/macabro.mx\/en\/wp-json\/wp\/v2\/categories?post=823"},{"taxonomy":"post_tag","embeddable":true,"href":"https:\/\/macabro.mx\/en\/wp-json\/wp\/v2\/tags?post=823"},{"taxonomy":"festival_year","embeddable":true,"href":"https:\/\/macabro.mx\/en\/wp-json\/wp\/v2\/festival_year?post=823"}],"curies":[{"name":"wp","href":"https:\/\/api.w.org\/{rel}","templated":true}]}}